{"id":29150,"date":"2014-07-16T20:17:44","date_gmt":"2014-07-16T19:17:44","guid":{"rendered":"http:\/\/www.schiebener.net\/wordpress\/?p=29150"},"modified":"2014-07-16T20:18:08","modified_gmt":"2014-07-16T19:18:08","slug":"wer-liest-schon-zeitschriften-eine-antwort-aus-dem-jahre-1966","status":"publish","type":"post","link":"https:\/\/www.schiebener.net\/wordpress\/wer-liest-schon-zeitschriften-eine-antwort-aus-dem-jahre-1966\/","title":{"rendered":"Fundst\u00fccke: Wer liest schon Zeitschriften? Eine Antwort aus dem Jahre 1966."},"content":{"rendered":"<figure id=\"attachment_29153\" aria-describedby=\"caption-attachment-29153\" style=\"width: 596px\" class=\"wp-caption aligncenter\"><img loading=\"lazy\" decoding=\"async\" class=\"size-full wp-image-29153\" src=\"http:\/\/www.schiebener.net\/wordpress\/wp-content\/uploads\/2014\/07\/panorama1966.jpg\" alt=\"Zu viele ... (foto: zoom)\" width=\"596\" height=\"840\" srcset=\"https:\/\/www.schiebener.net\/wordpress\/wp-content\/uploads\/2014\/07\/panorama1966.jpg 596w, https:\/\/www.schiebener.net\/wordpress\/wp-content\/uploads\/2014\/07\/panorama1966-212x300.jpg 212w\" sizes=\"auto, (max-width: 596px) 85vw, 596px\" \/><figcaption id=\"caption-attachment-29153\" class=\"wp-caption-text\">Zuviel Buchstaben, viel zu hartes Papier, und es ru\u00dft im Ofen &#8230; (foto: zoom)<\/figcaption><\/figure>\n<p>Eigentlich habe ich in einem alten rororo-Band mit St\u00fccken von Bertold Brecht gest\u00f6bert, Ausgabe 1966.\u00a0Rundk\u00f6pfe, Spitzk\u00f6pfe und diese Sachen.<\/p>\n<p>Auf den letzen Seiten ist mir aber au\u00dferhalb des inhaltlichen Bezugs die oben abgebildete Anzeige f\u00fcr die Zeitschrift &#8222;deutsches panorama&#8220; [<a href=\"http:\/\/de.m.wikipedia.org\/wiki\/Deutsches_Panorama\" target=\"_blank\">1<\/a>] aufgefallen:<\/p>\n<blockquote><p>&#8220; &#8230; Zuviel Buchstaben, viel zu hartes Papier, und es ru\u00dft im Ofen. Daher &#8211; nicht empfehlenswert!&#8220; (jedenfalls nicht f\u00fcr Analphabeten!)<\/p><\/blockquote>\n<p>K\u00f6nnte man heute den Werbetext nicht gro\u00dfmundig oder listig verwenden, um Printerzeugnisse zu bewerben?<\/p>\n<p>Historisch gesehen keine gute Idee. Im Spiegel 23\/1967 findet man das Schicksal von &#8222;Deutsches Panorama&#8220; verzeichnet [<a href=\"http:\/\/www.spiegel.de\/spiegel\/print\/d-46409349.html\" target=\"_blank\">2<\/a>]:<\/p>\n<blockquote><p>Anfang letzten Jahres erschien die erste Nummer von &#8222;Deutsches Panorama&#8220; &#8212; eines Blattes, &#8222;das kein Blatt vor den Mund&#8220; nehmen wollte. Letzte Woche machte das Blatt den Mund wieder zu.<\/p><\/blockquote>\n<p>Hochmut kam auch schon 1966 vor dem Fall, und so empfehle ich die historische Anzeige NICHT zur Wiederverwendung f\u00fcr heutige Printprodukte.<\/p>\n<p>Es sei denn, man sei (historischer) Analphabet:<\/p>\n<p>[1]\u00a0<a href=\"http:\/\/de.m.wikipedia.org\/wiki\/Deutsches_Panorama\" target=\"_blank\">http:\/\/de.m.wikipedia.org\/wiki\/Deutsches_Panorama<\/a><\/p>\n<p>[2]\u00a0<a href=\"http:\/\/www.spiegel.de\/spiegel\/print\/d-46409349.html\" target=\"_blank\">http:\/\/www.spiegel.de\/spiegel\/print\/d-46409349.html<\/a><\/p>\n<p>&nbsp;<\/p>\n","protected":false},"excerpt":{"rendered":"<p>Eigentlich habe ich in einem alten rororo-Band mit St\u00fccken von Bertold Brecht gest\u00f6bert, Ausgabe 1966.\u00a0Rundk\u00f6pfe, Spitzk\u00f6pfe und diese Sachen. Auf den letzen Seiten ist mir aber au\u00dferhalb des inhaltlichen Bezugs &hellip; <a href=\"https:\/\/www.schiebener.net\/wordpress\/wer-liest-schon-zeitschriften-eine-antwort-aus-dem-jahre-1966\/\" class=\"more-link\"><span class=\"screen-reader-text\">\u201eFundst\u00fccke: Wer liest schon Zeitschriften? Eine Antwort aus dem Jahre 1966.\u201c <\/span>weiterlesen<\/a><\/p>\n","protected":false},"author":3,"featured_media":0,"comment_status":"open","ping_status":"open","sticky":false,"template":"","format":"standard","meta":{"footnotes":""},"categories":[218,174,32],"tags":[5043],"class_list":["post-29150","post","type-post","status-publish","format-standard","hentry","category-bucher","category-dit-und-dat","category-medien","tag-deutsches-panorama"],"_links":{"self":[{"href":"https:\/\/www.schiebener.net\/wordpress\/wp-json\/wp\/v2\/posts\/29150","targetHints":{"allow":["GET"]}}],"collection":[{"href":"https:\/\/www.schiebener.net\/wordpress\/wp-json\/wp\/v2\/posts"}],"about":[{"href":"https:\/\/www.schiebener.net\/wordpress\/wp-json\/wp\/v2\/types\/post"}],"author":[{"embeddable":true,"href":"https:\/\/www.schiebener.net\/wordpress\/wp-json\/wp\/v2\/users\/3"}],"replies":[{"embeddable":true,"href":"https:\/\/www.schiebener.net\/wordpress\/wp-json\/wp\/v2\/comments?post=29150"}],"version-history":[{"count":0,"href":"https:\/\/www.schiebener.net\/wordpress\/wp-json\/wp\/v2\/posts\/29150\/revisions"}],"wp:attachment":[{"href":"https:\/\/www.schiebener.net\/wordpress\/wp-json\/wp\/v2\/media?parent=29150"}],"wp:term":[{"taxonomy":"category","embeddable":true,"href":"https:\/\/www.schiebener.net\/wordpress\/wp-json\/wp\/v2\/categories?post=29150"},{"taxonomy":"post_tag","embeddable":true,"href":"https:\/\/www.schiebener.net\/wordpress\/wp-json\/wp\/v2\/tags?post=29150"}],"curies":[{"name":"wp","href":"https:\/\/api.w.org\/{rel}","templated":true}]}}