{"id":29126,"date":"2014-07-10T21:18:14","date_gmt":"2014-07-10T20:18:14","guid":{"rendered":"http:\/\/www.schiebener.net\/wordpress\/?p=29126"},"modified":"2014-07-10T21:18:14","modified_gmt":"2014-07-10T20:18:14","slug":"freibad-winterberg-cdu-fordert-von-der-spd-konzepte-zur-reaktivierung-stellungnahme-der-spd","status":"publish","type":"post","link":"https:\/\/www.schiebener.net\/wordpress\/freibad-winterberg-cdu-fordert-von-der-spd-konzepte-zur-reaktivierung-stellungnahme-der-spd\/","title":{"rendered":"Freibad Winterberg: CDU fordert von der SPD Konzepte zur Reaktivierung. Stellungnahme der SPD."},"content":{"rendered":"<figure id=\"attachment_29128\" aria-describedby=\"caption-attachment-29128\" style=\"width: 596px\" class=\"wp-caption aligncenter\"><img loading=\"lazy\" decoding=\"async\" class=\"wp-image-29128 size-full\" src=\"http:\/\/www.schiebener.net\/wordpress\/wp-content\/uploads\/2014\/07\/Freibad20140710.jpg\" alt=\"Das Freibad Winterberg heute am fr\u00fchen Abend. (foto: firley)\" width=\"596\" height=\"336\" srcset=\"https:\/\/www.schiebener.net\/wordpress\/wp-content\/uploads\/2014\/07\/Freibad20140710.jpg 596w, https:\/\/www.schiebener.net\/wordpress\/wp-content\/uploads\/2014\/07\/Freibad20140710-300x169.jpg 300w\" sizes=\"auto, (max-width: 596px) 85vw, 596px\" \/><figcaption id=\"caption-attachment-29128\" class=\"wp-caption-text\">Das Freibad Winterberg heute am fr\u00fchen Abend. Die SPD Ratsmitglieder der Kernstadt Winterberg setzen sich nach dem Oversum-Desaster f\u00fcr einen m\u00f6glichen Erhalt ein (foto: firley)<\/figcaption><\/figure>\n<p><strong>Die SPD Ratsmitglieder der Kernstadt Winterberg setzen sich nach dem Oversum-Desaster f\u00fcr einen m\u00f6glichen Erhalt des Freibads am Buchenweg ein. Die CDU-Fraktion wiederum fordert <a href=\"http:\/\/www.derwesten.de\/staedte\/nachrichten-aus-winterberg-medebach-und-hallenberg\/cdu-fordert-von-spd-konzepte-zum-erhalt-des-freibades-aimp-id9569682.html\" target=\"_blank\">laut Westfalenpost<\/a> in einer Pressemitteilung von der SPD konkrete Vorschl\u00e4ge, wie denn dieser Erhalt technisch und finanziell machbar sei.<\/strong><\/p>\n<p>&#8222;Nach allem, was bekannt ist, ist eine Wiederer\u00f6ffnung des Freibades weder technisch noch finanziell m\u00f6glich\u201c, \u00e4u\u00dferte Joachim Reuter, Fraktionsvorsitzender der CDU laut dem oben verlinkten Zeitungsbericht. Zudem sei die Ausschreibung zum Abriss bereits gelaufen und die Auftragsvergabe st\u00fcnde in K\u00fcrze an.<\/p>\n<p><strong>Die SPD h\u00e4lt heute in einer Pressemeldung argumentativ dagegen:<\/strong><\/p>\n<p>Stellungnahme Reaktivierung Freibad Winterberg<\/p>\n<p>Die vom Rat der Stadt Winterberg in Zusammenhang mit dem Kurpark Projekt Oversum beschlossenen Ma\u00dfnahmen (Abbruch von Eissporthalle\/Kurzentrum, Hallen- &amp; Freibad &amp; Stadthalle) sind bei den B\u00fcrgerinnen &amp; B\u00fcrgern der Kernstadt immer mit einer gewissen Skepsis betrachtet worden. Im zur\u00fcckliegenden Kommunalwahlkampf wurden die SPD Kandidaten der Kernstadt Winterberg in vielen Gespr\u00e4chen immer wieder auf das geschlossene Waldfreibad am Buchenweg angesprochen. Unsere B\u00fcrger bedauern, dass \u201eIhr Freibad\u201c, welches mit den 50 Meter Bahnen ein Alleinstellungsmerkmal im Sauerland ist, von der Kommunalpolitik aufgegeben wurde, obwohl Winterberg sich doch gerne mit anderen Sportanlagen als die Sportstadt in NRW pr\u00e4sentiert. Den Wunsch unserer B\u00fcrgerinnen und B\u00fcrger haben die Kandidaten der Kernstadt gerne aufgenommen obwohl dieser nicht im Wahlprogramm der SPD Winterberg stand.<\/p>\n<p>Das komplette Wahlprogramm ist auf unserer Homepage ver\u00f6ffentlicht.<br \/>\n<a href=\"http:\/\/www.spd-winterberg.de\/politik_partei\/programm.php\" target=\"_blank\">http:\/\/www.spd-winterberg.de\/politik_partei\/programm.php<\/a><\/p>\n<p>Der Ratsbeschluss in 2004 das Freibad in der Kernstadt aufzugeben hing eng mit den Planungen des Investors zusammen, im Kurpark das PPP Modell zu installieren. Es sollte die Wirtschaftlichkeit des Betriebes st\u00e4rken. Nun dieses Projekt ist gescheitert.<\/p>\n<p>Seit April 2014 ist die Stadt Winterberg wieder selbst Betreiber des Hallenbads im Oversum. Betriebs- und Personalkosten tr\u00e4gt die Stadt, auch wenn sie im Hochsommer ein Hallenbad betreibt.<\/p>\n<p>Dieser Umstand er\u00f6ffnet auch neue M\u00f6glichkeiten. So sollte meiner Meinung nach die Entscheidung das Freibad zu schlie\u00dfen, nochmals gepr\u00fcft werden. Die SPD Ratskollegen der Kernstadt sehen dies genauso.<\/p>\n<p>Genau an dieser Aussage, welche in sozialen Netzwerken verbreitet wurde, sehen wir keine W\u00e4hlert\u00e4uschung.<\/p>\n<p>Im Gegenteil, wir nehmen die W\u00fcnsche und Anregungen aber auch Kritik unserer Mitb\u00fcrger ernst und wollen sie umsetzen.<\/p>\n<p>Herr B\u00fcrgermeister Eickler und auch Herr Reuter von der CDU Fraktion haben die SPD aufgefordert einen Finanzierungsvorschlag zu nennen, was uns ohne eine genaue Summe f\u00fcr die Reaktivierung des Freibads zu kennen schwer m\u00f6glich ist.<\/p>\n<p>Aber entscheidend ist hier nicht das Geld, sondern der politische Wille.<\/p>\n<p>Zahlen, die wir haben, stammen aus 2011, dem letzten Jahr in dem das Hallen- und Freibad komplett in Betrieb war.<\/p>\n<p>Im Jahr 2011 betrug das Defizit f\u00fcr Hallenbad und Freibad 142.000\u20ac Zu diesem Ergebnis trugen insbesondere Personalkosten in H\u00f6he von 152.000\u20ac bei!<\/p>\n<p>Diese Personalkosten werden wir weiterhin haben, ganz gleich ob das Freibad auf ist oder nicht.<\/p>\n<p>Die Pacht, die die Stadt an die Knappschaft leisten musste und vor der jetzt Herr Reuter warnt betrug 2040,82 \u20ac im Jahr! Dies m\u00fcsste eigentlich aufzubringen sein.<\/p>\n<p>Auch nach der Technik haben wir uns zwischenzeitlich erkundigt. Das Hallenbad und das Freibad haben getrennte Wasserkreisl\u00e4ufe. Gemeinsam ist die Heizung. Das Becken und die anderen Anlagen des Freibades sind in ordentlichem Zustand. Nach dem Abriss des Hallenbades m\u00fcsste eine neue Heizung her. Doch dies ist auch eine Chance moderne sparsame Technik zu nutzen.<\/p>\n<p>Zur Finanzierung sei noch angemerkt, dass wir seit 2013 einen Fremdenverkehrsbeitrag erheben, der mindestens 450.000\u20ac in die Kasse der WTW sp\u00fclen soll. Dieser wird von vielen Betrieben der Kernstadt erwirtschaftet. Hinzu kommen Kurbeitr\u00e4ge und Kurorthilfe, die ebenfalls f\u00fcr die touristische Infrastruktur vorgesehen sind, zusammen mehr als 2 Millionen \u20ac<\/p>\n<p>F\u00fcr eine Plastikeisbahn soll 100.000 \u20ac ausgegeben werden. Da bin ich sicher dass wir das Freibad am Fichtenweg wieder in Betrieb nehmen k\u00f6nnen, wenn wir es wollen!<\/p>\n<p>Durch die Berichterstattung in der lokalen Presse haben uns jetzt erneut B\u00fcrger angesprochen, die bereit sind, uns bei der Umsetzung zu unterst\u00fctzen. So hat ein Investor Interesse an dem Gel\u00e4nde signalisiert und regt an mit Hilfe von Stellpl\u00e4tzen f\u00fcr Wohnmobile Einnahmen f\u00fcr das Schwimmbad zu generieren.<\/p>\n<p>Das Freibad in Winterberg sehen wir auch nicht als Konkurrenz zu den anderen Freizeitm\u00f6glichkeiten in unserer Stadt.<\/p>\n<p>Die Badeangebote am Hillebachsee in Niedersfeld sowie das Hallen- &amp; Freibad in Siedlinghausen unterst\u00fctzen wir ausdr\u00fccklich, weil diese ein sehr gutes Angebot f\u00fcr unsere Stadt sind.<\/p>\n<p>Ein besonderer Dank gilt den Mitgliedern des B\u00e4dervereins Siedlinghausen, welche ehrenamtlich t\u00e4tig sind. Nur durch ihren pers\u00f6nlichen Einsatz ist der Betrieb der B\u00e4der in Siedlinghausen m\u00f6glich, da die Kommunalpolitik diese bereits aufgegeben hatte.<\/p>\n","protected":false},"excerpt":{"rendered":"<p>Die SPD Ratsmitglieder der Kernstadt Winterberg setzen sich nach dem Oversum-Desaster f\u00fcr einen m\u00f6glichen Erhalt des Freibads am Buchenweg ein. Die CDU-Fraktion wiederum fordert laut Westfalenpost in einer Pressemitteilung von &hellip; <a href=\"https:\/\/www.schiebener.net\/wordpress\/freibad-winterberg-cdu-fordert-von-der-spd-konzepte-zur-reaktivierung-stellungnahme-der-spd\/\" class=\"more-link\"><span class=\"screen-reader-text\">\u201eFreibad Winterberg: CDU fordert von der SPD Konzepte zur Reaktivierung. Stellungnahme der SPD.\u201c <\/span>weiterlesen<\/a><\/p>\n","protected":false},"author":3,"featured_media":0,"comment_status":"open","ping_status":"open","sticky":false,"template":"","format":"standard","meta":{"footnotes":""},"categories":[303,674,80,24,1043],"tags":[2127,4480,5034,1980],"class_list":["post-29126","post","type-post","status-publish","format-standard","hentry","category-in-unserem-briefkasten","category-kultur","category-lokales","category-politik","category-pressemitteilungen","tag-cdu-winterberg","tag-freibad-winterberg","tag-reaktivierung","tag-spd-winterberg"],"_links":{"self":[{"href":"https:\/\/www.schiebener.net\/wordpress\/wp-json\/wp\/v2\/posts\/29126","targetHints":{"allow":["GET"]}}],"collection":[{"href":"https:\/\/www.schiebener.net\/wordpress\/wp-json\/wp\/v2\/posts"}],"about":[{"href":"https:\/\/www.schiebener.net\/wordpress\/wp-json\/wp\/v2\/types\/post"}],"author":[{"embeddable":true,"href":"https:\/\/www.schiebener.net\/wordpress\/wp-json\/wp\/v2\/users\/3"}],"replies":[{"embeddable":true,"href":"https:\/\/www.schiebener.net\/wordpress\/wp-json\/wp\/v2\/comments?post=29126"}],"version-history":[{"count":0,"href":"https:\/\/www.schiebener.net\/wordpress\/wp-json\/wp\/v2\/posts\/29126\/revisions"}],"wp:attachment":[{"href":"https:\/\/www.schiebener.net\/wordpress\/wp-json\/wp\/v2\/media?parent=29126"}],"wp:term":[{"taxonomy":"category","embeddable":true,"href":"https:\/\/www.schiebener.net\/wordpress\/wp-json\/wp\/v2\/categories?post=29126"},{"taxonomy":"post_tag","embeddable":true,"href":"https:\/\/www.schiebener.net\/wordpress\/wp-json\/wp\/v2\/tags?post=29126"}],"curies":[{"name":"wp","href":"https:\/\/api.w.org\/{rel}","templated":true}]}}