{"id":29,"date":"2008-08-27T19:55:58","date_gmt":"2008-08-27T18:55:58","guid":{"rendered":"http:\/\/www.schiebener.net\/wordpress\/?p=29"},"modified":"2008-08-27T20:05:02","modified_gmt":"2008-08-27T19:05:02","slug":"29","status":"publish","type":"post","link":"https:\/\/www.schiebener.net\/wordpress\/29\/","title":{"rendered":"Meine G\u00fcte &#8211; muss das sein?"},"content":{"rendered":"<p>Am 27. August 1910 ruft die  deutsche Frauenrechtlerin und Sozialistin Clara Zetkin auf einer  Frauenkonferenz in Kopenhagen den &#8222;Internationalen Frauentag&#8220; aus. Er wird 1921 auf den 8. M\u00e4rz festgelegt. Was sonst noch am 27. August passierte, berichtet <a href=\"http:\/\/de.wikipedia.org\/wiki\/27._August\" target=\"_blank\">wikipedia.<\/a><\/p>\n<p>Hiermit habe ich in meiner grenzenlosen Faulheit doch auf diesen unersch\u00f6pflichen Quell&#8216; zahlreicher Sch\u00fclerreferate verlinkt. Ich will es nie wieder tun.<\/p>\n<p>Die Nazis haben den Frauentag dann verboten und den so genannten Muttertag zum Feiertag erhoben. Auf wundersame Weise dauert er in der deutschen gef\u00fchligen Seele fort und erfreut bis in unsere Zeitl\u00e4ufte, wenn auch an einem Sonntag, die deutsche Muttertagsindustrie, mitsamt Blumen-, Pralinen- und Gl\u00fcckwunschkartenverkauf.<\/p>\n<p>Dazu mehr im n\u00e4chsten Jahr zum &#8222;Muttertag&#8220;. Wer es nicht erwarten kann, schaut sich <a href=\"http:\/\/www.youtube.com\/watch?v=u0yqKrGKukE\" target=\"_blank\">dieses <\/a>hier an.<\/p>\n","protected":false},"excerpt":{"rendered":"<p>Am 27. August 1910 ruft die deutsche Frauenrechtlerin und Sozialistin Clara Zetkin auf einer Frauenkonferenz in Kopenhagen den &#8222;Internationalen Frauentag&#8220; aus. Er wird 1921 auf den 8. M\u00e4rz festgelegt. Was &hellip; <a href=\"https:\/\/www.schiebener.net\/wordpress\/29\/\" class=\"more-link\"><span class=\"screen-reader-text\">\u201eMeine G\u00fcte &#8211; muss das sein?\u201c <\/span>weiterlesen<\/a><\/p>\n","protected":false},"author":3,"featured_media":0,"comment_status":"open","ping_status":"open","sticky":false,"template":"","format":"standard","meta":{"footnotes":""},"categories":[6],"tags":[52,53,54,55],"class_list":["post-29","post","type-post","status-publish","format-standard","hentry","category-kalenderblatt","tag-clara-zetkin","tag-frauentag","tag-heintje","tag-muttertag"],"_links":{"self":[{"href":"https:\/\/www.schiebener.net\/wordpress\/wp-json\/wp\/v2\/posts\/29","targetHints":{"allow":["GET"]}}],"collection":[{"href":"https:\/\/www.schiebener.net\/wordpress\/wp-json\/wp\/v2\/posts"}],"about":[{"href":"https:\/\/www.schiebener.net\/wordpress\/wp-json\/wp\/v2\/types\/post"}],"author":[{"embeddable":true,"href":"https:\/\/www.schiebener.net\/wordpress\/wp-json\/wp\/v2\/users\/3"}],"replies":[{"embeddable":true,"href":"https:\/\/www.schiebener.net\/wordpress\/wp-json\/wp\/v2\/comments?post=29"}],"version-history":[{"count":0,"href":"https:\/\/www.schiebener.net\/wordpress\/wp-json\/wp\/v2\/posts\/29\/revisions"}],"wp:attachment":[{"href":"https:\/\/www.schiebener.net\/wordpress\/wp-json\/wp\/v2\/media?parent=29"}],"wp:term":[{"taxonomy":"category","embeddable":true,"href":"https:\/\/www.schiebener.net\/wordpress\/wp-json\/wp\/v2\/categories?post=29"},{"taxonomy":"post_tag","embeddable":true,"href":"https:\/\/www.schiebener.net\/wordpress\/wp-json\/wp\/v2\/tags?post=29"}],"curies":[{"name":"wp","href":"https:\/\/api.w.org\/{rel}","templated":true}]}}