{"id":28762,"date":"2014-06-04T21:42:13","date_gmt":"2014-06-04T20:42:13","guid":{"rendered":"http:\/\/www.schiebener.net\/wordpress\/?p=28762"},"modified":"2014-06-04T21:42:13","modified_gmt":"2014-06-04T20:42:13","slug":"brilon-hubertuskapelle-wieder-geoeffnet","status":"publish","type":"post","link":"https:\/\/www.schiebener.net\/wordpress\/brilon-hubertuskapelle-wieder-geoeffnet\/","title":{"rendered":"Brilon: Hubertuskapelle wieder ge\u00f6ffnet"},"content":{"rendered":"<figure id=\"attachment_28763\" aria-describedby=\"caption-attachment-28763\" style=\"width: 215px\" class=\"wp-caption alignleft\"><a href=\"http:\/\/www.schiebener.net\/wordpress\/wp-content\/uploads\/2014\/06\/hubertuskapelle20140604.jpg\"><img loading=\"lazy\" decoding=\"async\" class=\" wp-image-28763\" src=\"http:\/\/www.schiebener.net\/wordpress\/wp-content\/uploads\/2014\/06\/hubertuskapelle20140604.jpg\" alt=\"Frisch zum Jubil\u00e4um - die Hubertuskapelle (foto: wiegelmann)\" width=\"215\" height=\"287\" srcset=\"https:\/\/www.schiebener.net\/wordpress\/wp-content\/uploads\/2014\/06\/hubertuskapelle20140604.jpg 320w, https:\/\/www.schiebener.net\/wordpress\/wp-content\/uploads\/2014\/06\/hubertuskapelle20140604-224x300.jpg 224w\" sizes=\"auto, (max-width: 215px) 85vw, 215px\" \/><\/a><figcaption id=\"caption-attachment-28763\" class=\"wp-caption-text\">Frisch zum Jubil\u00e4um &#8211; die Hubertuskapelle (foto: wiegelmann)<\/figcaption><\/figure>\n<p><strong>Brilon. (pm) Die Hubertuskapelle auf dem neuen Friedhof hat aktuell\u00a0 wieder ihre Pforten ge\u00f6ffnet. \u00a0<\/strong><\/p>\n<p>Nach ausgiebigen Reinigungsarbeiten durch \u00a0den Heimatverein Altenbrilon 1950 e.V. \u00a0steht sie den Briloner B\u00fcrgern, Freunden und Besuchern erneut als Ort der Besinnung zur Verf\u00fcgung.<\/p>\n<p>Die Hubertuskapelle blickt als \u00e4lteste Pfarrkirche Brilons auf eine 1040-j\u00e4hrige Geschichte zur\u00fcck.<\/p>\n<p>Den langen historischen Zeitraum \u00a0m\u00f6chte der Heimatverein Altenbrilon 1950 e.V. in diesem Jahr besonders begehen. Das Jubil\u00e4um soll beim diesj\u00e4hrigen Sch\u00fctzenfesthochamt am Sonntag, dem 10. August 2014, feierlich geehrt werden.<\/p>\n<p>&#8222;Ein h\u00f6chstrespektables Alter f\u00fcr dieses Kleinod nebst Vorl\u00e4ufern in Altenbrilon&#8220;, betont stolz der\u00a0K\u00fcster der Hubertuskapelle Ralf Wiegelmann.<\/p>\n<p>Weitere Informationen rund um den Heimatverein Altenbrilon 1950 e.V. erhalten Sie stets aktuell unter <a href=\"www.heimatverein-altenbrilon.de\" target=\"_blank\">www.heimatverein-altenbrilon.de<\/a> oder auf unserer Facebookseite <a href=\"https:\/\/www.facebook.com\/HeimatvereinAltenbrilon\" target=\"_blank\">https:\/\/www.facebook.com\/HeimatvereinAltenbrilon<\/a>.<\/p>\n","protected":false},"excerpt":{"rendered":"<p>Brilon. (pm) Die Hubertuskapelle auf dem neuen Friedhof hat aktuell\u00a0 wieder ihre Pforten ge\u00f6ffnet. \u00a0 Nach ausgiebigen Reinigungsarbeiten durch \u00a0den Heimatverein Altenbrilon 1950 e.V. \u00a0steht sie den Briloner B\u00fcrgern, Freunden &hellip; <a href=\"https:\/\/www.schiebener.net\/wordpress\/brilon-hubertuskapelle-wieder-geoeffnet\/\" class=\"more-link\"><span class=\"screen-reader-text\">\u201eBrilon: Hubertuskapelle wieder ge\u00f6ffnet\u201c <\/span>weiterlesen<\/a><\/p>\n","protected":false},"author":17,"featured_media":0,"comment_status":"open","ping_status":"open","sticky":false,"template":"","format":"standard","meta":{"footnotes":""},"categories":[303,80,1043,49],"tags":[579,4651,4979,655],"class_list":["post-28762","post","type-post","status-publish","format-standard","hentry","category-in-unserem-briefkasten","category-lokales","category-pressemitteilungen","category-religion","tag-brilon","tag-heimatverein-altenbrilon","tag-hubertuskapelle","tag-pressemitteilung"],"_links":{"self":[{"href":"https:\/\/www.schiebener.net\/wordpress\/wp-json\/wp\/v2\/posts\/28762","targetHints":{"allow":["GET"]}}],"collection":[{"href":"https:\/\/www.schiebener.net\/wordpress\/wp-json\/wp\/v2\/posts"}],"about":[{"href":"https:\/\/www.schiebener.net\/wordpress\/wp-json\/wp\/v2\/types\/post"}],"author":[{"embeddable":true,"href":"https:\/\/www.schiebener.net\/wordpress\/wp-json\/wp\/v2\/users\/17"}],"replies":[{"embeddable":true,"href":"https:\/\/www.schiebener.net\/wordpress\/wp-json\/wp\/v2\/comments?post=28762"}],"version-history":[{"count":0,"href":"https:\/\/www.schiebener.net\/wordpress\/wp-json\/wp\/v2\/posts\/28762\/revisions"}],"wp:attachment":[{"href":"https:\/\/www.schiebener.net\/wordpress\/wp-json\/wp\/v2\/media?parent=28762"}],"wp:term":[{"taxonomy":"category","embeddable":true,"href":"https:\/\/www.schiebener.net\/wordpress\/wp-json\/wp\/v2\/categories?post=28762"},{"taxonomy":"post_tag","embeddable":true,"href":"https:\/\/www.schiebener.net\/wordpress\/wp-json\/wp\/v2\/tags?post=28762"}],"curies":[{"name":"wp","href":"https:\/\/api.w.org\/{rel}","templated":true}]}}