{"id":28676,"date":"2014-05-26T13:26:43","date_gmt":"2014-05-26T12:26:43","guid":{"rendered":"http:\/\/www.schiebener.net\/wordpress\/?p=28676"},"modified":"2014-05-26T13:26:43","modified_gmt":"2014-05-26T12:26:43","slug":"pressemitteilung-piraten-entern-den-kreistag-den-stadtrat-arnsberg-und-den-gemeinderat-bestwig-aber-bitteres-nrw-ergebnis","status":"publish","type":"post","link":"https:\/\/www.schiebener.net\/wordpress\/pressemitteilung-piraten-entern-den-kreistag-den-stadtrat-arnsberg-und-den-gemeinderat-bestwig-aber-bitteres-nrw-ergebnis\/","title":{"rendered":"Pressemitteilung: PIRATEN entern den Kreistag, den Stadtrat Arnsberg und den Gemeinderat Bestwig, aber bitteres NRW Ergebnis."},"content":{"rendered":"<p><img loading=\"lazy\" decoding=\"async\" src=\"http:\/\/www.schiebener.net\/wordpress\/wp-content\/uploads\/2009\/02\/lt_briefkasten01.jpg\" alt=\"In unserem Briefkasten\" width=\"120\" height=\"91\" class=\"alignleft size-full wp-image-2182\" \/><strong>Bei den Kommunalwahlen am 25. Mai sind die PIRATEN zum ersten mal in den Kreistag, in den Stadtrat Arnsberg und in den Gemeinderat Bestwig eingezogen.<\/strong><\/p>\n<p>F\u00fcr die PIRATEN wird Daniel Wagner sowohl in den Kreistag als auch in den Stadtrat Arnsberg einziehen. \u201cObwohl wir unser Ziel der Fraktionsst\u00e4rke verfehlt haben, so haben wir doch die n\u00e4chsten sechs Jahre Zeit, unsere Ziele und Ideen mit in die Arbeit des Kreistags und der Stadt- und Gemeinder\u00e4te einzubringen\u201d, so Daniel Wagner.<\/p>\n<p>Der B\u00fcrgermeisterkandidat der PIRATEN in Arnsberg Ronny G\u00e4ngler erreichte mit 5,98% einen Achtungserfolg. Auch der Landratskandidat der PIRATEN Reinhold Karle holte mit 2,85% ein gutes Ergebnis.<\/p>\n<p>In Bestwig ist der Einzug der Piratenpartei eine kleine Revolution. Neben CDU und SPD waren nur die PIRATEN als dritte Partei angetreten.<\/p>\n<p>Der neue Ratsherr Julius Hahn dazu: \u201cDas ist ein sehr gutes Ergebnis, wenn man bedenkt, dass wir nur acht der 14 Wahlbezirke besetzt hatten. Ich freue mich auf die Arbeit im Rat und hoffe auf konstruktive Zusammenarbeit mit den beiden Fraktionen.\u201d<\/p>\n<p><strong>Auswertung NRW<\/strong><\/p>\n<p>In einer gemeinsamen Pressemitteilung von Piratenpartei NRW und Piratenfraktion im Landtag NRW vom 26.05.2014 \u00e4u\u00dfern sich Patrick Schiffer, Vorsitzender des Landesverbandes der Piratenpartei NRW, und Dr. Joachim Paul, Vorsitzender der Piratenfraktion im Landtag NRW:<\/p>\n<p><strong>Patrick Schiffer:<\/strong><\/p>\n<p>\u201e114.000 Menschen haben die Piraten bei der Kommunalwahl NRW gew\u00e4hlt. Das sind 1,7 Prozent. Dieses Ergebnis ist bitter: unser Ziel war deutlich h\u00f6her.<\/p>\n<p>Aber: Wir haben \u00fcber 100 Mandate in Kreistagen, R\u00e4ten und Bezirksvertretungen errungen. Bei der vorherigen Kommunalwahl hatten wir lediglich zwei Mandate erhalten \u2013 insofern ist das heutige Ergebnis eine sehr deutliche Steigerung. Wir sind nun nahezu \u00fcberall in NRW vor Ort in der Politik vertreten. Wir haben einen Fu\u00df in der T\u00fcr.<\/p>\n<p>Wir werden mit diesem Fu\u00df in der T\u00fcr nun konstruktiv arbeiten. Diese Aufgabe nehmen wir an. Als Landesverband werden wir alle unsere Mandatstr\u00e4ger bei ihrer T\u00e4tigkeit vor Ort unterst\u00fctzen. Diese Chance der 100 Mandatstr\u00e4ger vor Ort gilt es nun zu nutzen.\u201c<\/p>\n<p><strong>Dr. Joachim Paul MdL:<\/strong><\/p>\n<p>\u201eWir als Landtagsabgeordnete werden die 100 Mandatstr\u00e4ger vor Ort f\u00f6rdern und in unsere Arbeit einbinden. Dieser kommunale Unterbau ist sehr wichtig f\u00fcr die politische Arbeit der Landtagsfraktion.<\/p>\n<p>W\u00e4hrend alle anderen Parteien zun\u00e4chst kommunal Fu\u00df fassten und erst dann gr\u00f6\u00dfer wurden, sind wir eine internationale Bewegung, die nach dem gro\u00dfen Erfolg auf Landesebene nun auch Kommunal stattfindet.<\/p>\n<p>Die gro\u00dfe B\u00fcrgern\u00e4he, die wir uns immer auf die Fahnen schreiben, k\u00f6nnen wir nun mit den \u00fcber 100 Mandatstr\u00e4gern vor Ort leben und in der Praxis umsetzen. Insofern h\u00e4tten wir uns durchaus ein besseres Ergebnis bei der Kommunalwahl gew\u00fcnscht \u2013 wir sind aber froh, nun in so vielen Kreistagen, R\u00e4ten und Bezirksvertretungen vertreten zu sein und werden diese Chance nutzen.\u201c<\/p>\n","protected":false},"excerpt":{"rendered":"<p>Bei den Kommunalwahlen am 25. Mai sind die PIRATEN zum ersten mal in den Kreistag, in den Stadtrat Arnsberg und in den Gemeinderat Bestwig eingezogen. F\u00fcr die PIRATEN wird Daniel &hellip; <a href=\"https:\/\/www.schiebener.net\/wordpress\/pressemitteilung-piraten-entern-den-kreistag-den-stadtrat-arnsberg-und-den-gemeinderat-bestwig-aber-bitteres-nrw-ergebnis\/\" class=\"more-link\"><span class=\"screen-reader-text\">\u201ePressemitteilung: PIRATEN entern den Kreistag, den Stadtrat Arnsberg und den Gemeinderat Bestwig, aber bitteres NRW Ergebnis.\u201c <\/span>weiterlesen<\/a><\/p>\n","protected":false},"author":17,"featured_media":0,"comment_status":"open","ping_status":"open","sticky":false,"template":"","format":"standard","meta":{"footnotes":""},"categories":[303,80,24,1043],"tags":[3532,4970,4300,4660,4971,561,655],"class_list":["post-28676","post","type-post","status-publish","format-standard","hentry","category-in-unserem-briefkasten","category-lokales","category-politik","category-pressemitteilungen","tag-daniel-wagner","tag-joachim-paul","tag-julius-hahn","tag-kommunalwahlen-2014","tag-patrick-schiffer","tag-piraten","tag-pressemitteilung"],"_links":{"self":[{"href":"https:\/\/www.schiebener.net\/wordpress\/wp-json\/wp\/v2\/posts\/28676","targetHints":{"allow":["GET"]}}],"collection":[{"href":"https:\/\/www.schiebener.net\/wordpress\/wp-json\/wp\/v2\/posts"}],"about":[{"href":"https:\/\/www.schiebener.net\/wordpress\/wp-json\/wp\/v2\/types\/post"}],"author":[{"embeddable":true,"href":"https:\/\/www.schiebener.net\/wordpress\/wp-json\/wp\/v2\/users\/17"}],"replies":[{"embeddable":true,"href":"https:\/\/www.schiebener.net\/wordpress\/wp-json\/wp\/v2\/comments?post=28676"}],"version-history":[{"count":0,"href":"https:\/\/www.schiebener.net\/wordpress\/wp-json\/wp\/v2\/posts\/28676\/revisions"}],"wp:attachment":[{"href":"https:\/\/www.schiebener.net\/wordpress\/wp-json\/wp\/v2\/media?parent=28676"}],"wp:term":[{"taxonomy":"category","embeddable":true,"href":"https:\/\/www.schiebener.net\/wordpress\/wp-json\/wp\/v2\/categories?post=28676"},{"taxonomy":"post_tag","embeddable":true,"href":"https:\/\/www.schiebener.net\/wordpress\/wp-json\/wp\/v2\/tags?post=28676"}],"curies":[{"name":"wp","href":"https:\/\/api.w.org\/{rel}","templated":true}]}}