{"id":28260,"date":"2014-04-27T21:51:28","date_gmt":"2014-04-27T20:51:28","guid":{"rendered":"http:\/\/www.schiebener.net\/wordpress\/?p=28260"},"modified":"2014-05-02T20:52:49","modified_gmt":"2014-05-02T19:52:49","slug":"pressemitteilung-spd-winterberg-stellt-ihr-wahlprogramm-der-oeffentlichkeit-vor-nicht-rechts-oder-links-sondern-gute-gemeinsame-politik-fuer-die-menschen","status":"publish","type":"post","link":"https:\/\/www.schiebener.net\/wordpress\/pressemitteilung-spd-winterberg-stellt-ihr-wahlprogramm-der-oeffentlichkeit-vor-nicht-rechts-oder-links-sondern-gute-gemeinsame-politik-fuer-die-menschen\/","title":{"rendered":"Pressemitteilung:  SPD Winterberg stellt Ihr Wahlprogramm der \u00d6ffentlichkeit vor. Nicht rechts oder links, sondern gute gemeinsame Politik f\u00fcr die Menschen."},"content":{"rendered":"<figure id=\"attachment_28262\" aria-describedby=\"caption-attachment-28262\" style=\"width: 596px\" class=\"wp-caption aligncenter\"><img loading=\"lazy\" decoding=\"async\" class=\"size-full wp-image-28262\" src=\"http:\/\/www.schiebener.net\/wordpress\/wp-content\/uploads\/2014\/04\/Wahlprogrammfoto.png\" alt=\" \u201eIn der Kommunalpolitik z\u00e4hlt nicht rechts oder links, schwarz oder rot&quot;, meinen (v.l.)  Fritz Kelm, Richard Gamm, Torben Firley, Harald Koch, Hans-Walter Schneider (fotos: spd)\" width=\"596\" height=\"376\" srcset=\"https:\/\/www.schiebener.net\/wordpress\/wp-content\/uploads\/2014\/04\/Wahlprogrammfoto.png 596w, https:\/\/www.schiebener.net\/wordpress\/wp-content\/uploads\/2014\/04\/Wahlprogrammfoto-300x189.png 300w\" sizes=\"auto, (max-width: 596px) 85vw, 596px\" \/><figcaption id=\"caption-attachment-28262\" class=\"wp-caption-text\">\u201eIn der Kommunalpolitik z\u00e4hlt nicht rechts oder links, nicht schwarz oder rot&#8220;, meinen (v.l.) Fritz Kelm, Richard Gamm, Torben Firley, Harald Koch, Hans-Walter Schneider (fotos: spd)<\/figcaption><\/figure>\n<p><strong>Winterberg. (spd_pm) Die SPD Winterberg und ihr B\u00fcrgermeisterkandidat Harald Koch, haben am vergangenen Donnerstag auf einer Pressekonferenz im Bobhaus Winterberg ihr Programm f\u00fcr die Kommunalwahlen vorgestellt. <\/strong><\/p>\n<p>Unter dem Titel \u201eUnsere Stadt 2020\u201c pr\u00e4sentierten die Sozialdemokraten ihre Ziele f\u00fcr die n\u00e4chsten Jahre. Im Mittelpunkt der SPD-Politik sollen die Themen Betreuung, Bildung, Stadt f\u00fcr alle Generationen und die Daseinsf\u00fcrsorge stehen.<\/p>\n<p><strong>Politik f\u00fcr Jung und Alt<\/strong><br \/>\nEin besonderes Augenmerk wollen die Sozialdemokraten auch in Zukunft auf ausreichende Kita-Pl\u00e4tze und eine Verbesserung des Angebotes f\u00fcr Jugendliche legen.<\/p>\n<p>Die Lebensbedingungen \u00e4lterer Menschen sollen verst\u00e4rkt in den Blick genommen werden. Die Schaffung von seniorengerechten Wohnungen steht dabei ebenso auf dem Programm, wie ein Aktionsplan zur Verbesserung der Barrierefreiheit in der Stadt. Eine zentrale Anlaufstelle f\u00fcr Fragen zur \u00e4lter werdenden Gesellschaft soll geschaffen werden. Hier setzt die SPD vor allem auf Vernetzung der Angebote.<!--more--><\/p>\n<p><strong>Geb\u00e4udemanagement<\/strong><br \/>\nMit der Schaffung einer zentralen Stelle \u201eGeb\u00e4udemanagement\u201c in der Stadtverwaltung beabsichtigt die SPD, die Aufgaben der Gewebeansiedlung, Leerstands-Management, Existenzgr\u00fcndungsberatung, Innenstadtbelebung und Stadtmarketing mit kurzen Wegen zusammen zu fassen und damit mehr Effizienz zu erzielen. Dabei gehe es nicht unbedingt um mehr Personal, sondern um klarere Strukturen.<\/p>\n<p><strong>Ansprechpartner f\u00fcr Vereine<\/strong><br \/>\nGeht es nach dem Willen der SPD, so ist f\u00fcr die n\u00e4chste Wahlperiode vorgesehen, einen einheitlichen Ansprechpartner f\u00fcr Vereine und Organisationen im Rathaus anzusiedeln. \u201eDies entspricht dem Wunsch vieler Ehrenamtlicher, die mit uns im Gespr\u00e4ch sind\u201c, unterstreicht Harald Koch. Dabei gehe es um Beratung, Genehmigung und Hilfestellung aus einer Hand. Durch eine Ehrenamtsb\u00f6rse k\u00f6nnten Interessierte auf die Angeboten der Vereine aufmerksam gemacht werden.<\/p>\n<figure id=\"attachment_28263\" aria-describedby=\"caption-attachment-28263\" style=\"width: 205px\" class=\"wp-caption alignleft\"><a href=\"http:\/\/www.schiebener.net\/wordpress\/wp-content\/uploads\/2014\/04\/Harald-Koch.png\"><img loading=\"lazy\" decoding=\"async\" class=\" wp-image-28263\" src=\"http:\/\/www.schiebener.net\/wordpress\/wp-content\/uploads\/2014\/04\/Harald-Koch.png\" alt=\"B\u00fcrgermeisterkandidat der SPD\" width=\"205\" height=\"290\" srcset=\"https:\/\/www.schiebener.net\/wordpress\/wp-content\/uploads\/2014\/04\/Harald-Koch.png 320w, https:\/\/www.schiebener.net\/wordpress\/wp-content\/uploads\/2014\/04\/Harald-Koch-211x300.png 211w\" sizes=\"auto, (max-width: 205px) 85vw, 205px\" \/><\/a><figcaption id=\"caption-attachment-28263\" class=\"wp-caption-text\">B\u00fcrgermeisterkandidat der SPD<\/figcaption><\/figure>\n<p><strong>Das Wahlprogramm<\/strong><br \/>\nNachdem das Kommunalwahlprogramm intern beschlossen wurde, erhalten die B\u00fcrgerinnen und B\u00fcrger die Gelegenheit, sich zu \u00e4u\u00dfern und weitere Ideen und Anmerkungen einzubringen. Dazu wurde das Programm unter <a href=\"http:\/\/www.spd-winterberg.de\/wahl2014\/programm.php\" target=\"_blank\">www.unsere-stadt2020.de<\/a> ins Internet gestellt. Auf Wunsch wird das Programm auch per Post zugesandt. Anfragen an: SPD Fraktion Winterberg; Fichtenweg 10; 59955 Winterberg.<\/p>\n<p><strong>Der Kandidat<\/strong><br \/>\nB\u00fcrgermeisterkandidat Harald Koch tritt unter dem Motto \u201eIhr B\u00fcrgermeister f\u00fcr alle!\u201c an. Als B\u00fcrgermeister will er f\u00fcr alle Winterberger da sein. B\u00fcrgern\u00e4he, Vertrauen und Verl\u00e4sslichkeit sei hier oberstes Gebot.<\/p>\n<p><strong>Nicht rechts oder links<\/strong><br \/>\n\u201eIn der Kommunalpolitik z\u00e4hlt nicht rechts oder links, schwarz oder rot. Was z\u00e4hlt ist gute gemeinsame Politik f\u00fcr die Menschen unserer Stadt\u201c, so Koch, der betont, dass er auch daf\u00fcr stehe, die erfolgreiche Politik der SPD Fraktion der letzten Jahre zu bewahren und fortzusetzen. \u201eHierbei setzt die SPD auch im Wahlkampf auf B\u00fcrgerbeteiligung und auf sachliche Diskussion und nicht auf die Herabsetzung des politischen Mitbewerbers.\u201c<\/p>\n","protected":false},"excerpt":{"rendered":"<p>Winterberg. (spd_pm) Die SPD Winterberg und ihr B\u00fcrgermeisterkandidat Harald Koch, haben am vergangenen Donnerstag auf einer Pressekonferenz im Bobhaus Winterberg ihr Programm f\u00fcr die Kommunalwahlen vorgestellt. Unter dem Titel \u201eUnsere &hellip; <a href=\"https:\/\/www.schiebener.net\/wordpress\/pressemitteilung-spd-winterberg-stellt-ihr-wahlprogramm-der-oeffentlichkeit-vor-nicht-rechts-oder-links-sondern-gute-gemeinsame-politik-fuer-die-menschen\/\" class=\"more-link\"><span class=\"screen-reader-text\">\u201ePressemitteilung:  SPD Winterberg stellt Ihr Wahlprogramm der \u00d6ffentlichkeit vor. Nicht rechts oder links, sondern gute gemeinsame Politik f\u00fcr die Menschen.\u201c <\/span>weiterlesen<\/a><\/p>\n","protected":false},"author":17,"featured_media":0,"comment_status":"open","ping_status":"open","sticky":false,"template":"","format":"standard","meta":{"footnotes":""},"categories":[303,80,24,1043],"tags":[4660,655,1980],"class_list":["post-28260","post","type-post","status-publish","format-standard","hentry","category-in-unserem-briefkasten","category-lokales","category-politik","category-pressemitteilungen","tag-kommunalwahlen-2014","tag-pressemitteilung","tag-spd-winterberg"],"_links":{"self":[{"href":"https:\/\/www.schiebener.net\/wordpress\/wp-json\/wp\/v2\/posts\/28260","targetHints":{"allow":["GET"]}}],"collection":[{"href":"https:\/\/www.schiebener.net\/wordpress\/wp-json\/wp\/v2\/posts"}],"about":[{"href":"https:\/\/www.schiebener.net\/wordpress\/wp-json\/wp\/v2\/types\/post"}],"author":[{"embeddable":true,"href":"https:\/\/www.schiebener.net\/wordpress\/wp-json\/wp\/v2\/users\/17"}],"replies":[{"embeddable":true,"href":"https:\/\/www.schiebener.net\/wordpress\/wp-json\/wp\/v2\/comments?post=28260"}],"version-history":[{"count":0,"href":"https:\/\/www.schiebener.net\/wordpress\/wp-json\/wp\/v2\/posts\/28260\/revisions"}],"wp:attachment":[{"href":"https:\/\/www.schiebener.net\/wordpress\/wp-json\/wp\/v2\/media?parent=28260"}],"wp:term":[{"taxonomy":"category","embeddable":true,"href":"https:\/\/www.schiebener.net\/wordpress\/wp-json\/wp\/v2\/categories?post=28260"},{"taxonomy":"post_tag","embeddable":true,"href":"https:\/\/www.schiebener.net\/wordpress\/wp-json\/wp\/v2\/tags?post=28260"}],"curies":[{"name":"wp","href":"https:\/\/api.w.org\/{rel}","templated":true}]}}