{"id":28211,"date":"2014-04-24T14:32:09","date_gmt":"2014-04-24T13:32:09","guid":{"rendered":"http:\/\/www.schiebener.net\/wordpress\/?p=28211"},"modified":"2014-04-24T14:34:12","modified_gmt":"2014-04-24T13:34:12","slug":"pressemeldung-umsetzung-des-neuen-wohnungsaufsichtsgesetzes-in-arnsberg","status":"publish","type":"post","link":"https:\/\/www.schiebener.net\/wordpress\/pressemeldung-umsetzung-des-neuen-wohnungsaufsichtsgesetzes-in-arnsberg\/","title":{"rendered":"Pressemeldung: Umsetzung des neuen Wohnungsaufsichtsgesetzes in Arnsberg"},"content":{"rendered":"<p><img loading=\"lazy\" decoding=\"async\" class=\"alignleft size-full wp-image-2182\" src=\"http:\/\/www.schiebener.net\/wordpress\/wp-content\/uploads\/2009\/02\/lt_briefkasten01.jpg\" alt=\"In unserem Briefkasten\" width=\"120\" height=\"91\" \/><em>Pressemeldung der SPD Arnsberg zur Pr\u00fcfung der Umsetzung des Wohnungsaufsichtsgesetzes in Arnsberg.<\/em><\/p>\n<p>Sehr geehrter Herr B\u00fcrgermeister Vogel,<\/p>\n<p>Die Landesregierung hat auf Empfehlung der Enquetekommission \u201eWohnungswirtschaftlicher Wandel und neue Finanzinvestoren auf den Wohnungsm\u00e4rkten in Nordrhein-Westfalen\u201c am 9. April das kommunale Wohnungsaufsichtsgesetz (WAG) beschlossen und erm\u00f6glicht Kommunen dadurch das konsequente Vorgehen gegen unhaltbare Zust\u00e4nde in Mietobjekten.<\/p>\n<p>Den Kommunen wird damit ein Instrument an die Hand gegeben, welches konkrete Handlungsans\u00e4tze und Sanktionen z.B. in Form von Ordnungsma\u00dfnahmen, die Einleitung von Sanierungen im Wege der Ersatzvornahme auf Kosten des Vermieters und in letzter Konsequenz die M\u00f6glichkeit eine \u201eUnbewohnbarkeitserkl\u00e4rung\u201c zu verabschieden, in deren Folge Strafzahlungen in H\u00f6he von bis zu 50.000 Euro pro Wohnung f\u00e4llig werden, beinhaltet.<\/p>\n<p>Als Beispiel einer erfolgreichen Umsetzung dieser Instrumente kann das Beispiel der Stadt M\u00fcnchen herangezogen werden. Mieterschutz und Quartiersmanagement gegen\u00fcber verantwortungslosen Immobilienbesitzern\/-fonds, geh\u00f6ren zu einer zukunftsorientierten Stadtplanung.<\/p>\n<p>Wir m\u00f6chten Sie daher bitten uns mitzuteilen,<\/p>\n<ul>\n<li>ob bereits eine Pr\u00fcfung bzw. Entw\u00fcrfe f\u00fcr eventuell notwendige \u00c4nderungen in den Ordnungen der Stadt Arnsberg existieren, um die M\u00f6glichkeiten des Gesetzes vor Ort zu nutzen, beospielsweise durch eine Wohnraumzweckentfremdungssatzung nach dem Vorbild M\u00fcnchens.<\/li>\n<li>ab wann eine Umsetzung erfolgen kann;<\/li>\n<li>wem vor Ort das Recht zur Initiierung eines Verfahrens gegen s\u00e4umige Vermieter gegeben werden soll;<\/li>\n<li>welcher Art die Beteiligung der jeweiligen Bezirksaussch\u00fcsse, des zust\u00e4ndigen Fachausschusses und des Rates sein wird;<\/li>\n<li>wie eine \u00dcberpr\u00fcfung der nun gesetzlich festgeschriebenen Untergrenzen f\u00fcr Wohnraum von neun Quadratmetern f\u00fcr Erwachsene und sechs Quadratmetern f\u00fcr Kinder vor Ort umgesetzt werden soll;<\/li>\n<li>Welche Kosten vermutlich entstehen und wer diese tr\u00e4gt;<\/li>\n<li>Ob und wenn ja, welche Objekte die Stadt bereits f\u00fcr ein solches Vorgehen ausgemacht hat.<\/li>\n<\/ul>\n<p>Herzlichen Dank im Voraus f\u00fcr die Beantwortung unserer Fragen.<\/p>\n<p>Mit freundlichen Gr\u00fc\u00dfen<\/p>\n<p>Ralf Paul Bittner<br \/>\n(Fraktionsvorsitzender)<\/p>\n","protected":false},"excerpt":{"rendered":"<p>Pressemeldung der SPD Arnsberg zur Pr\u00fcfung der Umsetzung des Wohnungsaufsichtsgesetzes in Arnsberg. Sehr geehrter Herr B\u00fcrgermeister Vogel, Die Landesregierung hat auf Empfehlung der Enquetekommission \u201eWohnungswirtschaftlicher Wandel und neue Finanzinvestoren auf &hellip; <a href=\"https:\/\/www.schiebener.net\/wordpress\/pressemeldung-umsetzung-des-neuen-wohnungsaufsichtsgesetzes-in-arnsberg\/\" class=\"more-link\"><span class=\"screen-reader-text\">\u201ePressemeldung: Umsetzung des neuen Wohnungsaufsichtsgesetzes in Arnsberg\u201c <\/span>weiterlesen<\/a><\/p>\n","protected":false},"author":17,"featured_media":0,"comment_status":"open","ping_status":"open","sticky":false,"template":"","format":"standard","meta":{"footnotes":""},"categories":[303,80,24,1043,4761],"tags":[5874,655,2553],"class_list":["post-28211","post","type-post","status-publish","format-standard","hentry","category-in-unserem-briefkasten","category-lokales","category-politik","category-pressemitteilungen","category-soziales","tag-pressemeldungen","tag-pressemitteilung","tag-spd-arnsberg"],"_links":{"self":[{"href":"https:\/\/www.schiebener.net\/wordpress\/wp-json\/wp\/v2\/posts\/28211","targetHints":{"allow":["GET"]}}],"collection":[{"href":"https:\/\/www.schiebener.net\/wordpress\/wp-json\/wp\/v2\/posts"}],"about":[{"href":"https:\/\/www.schiebener.net\/wordpress\/wp-json\/wp\/v2\/types\/post"}],"author":[{"embeddable":true,"href":"https:\/\/www.schiebener.net\/wordpress\/wp-json\/wp\/v2\/users\/17"}],"replies":[{"embeddable":true,"href":"https:\/\/www.schiebener.net\/wordpress\/wp-json\/wp\/v2\/comments?post=28211"}],"version-history":[{"count":0,"href":"https:\/\/www.schiebener.net\/wordpress\/wp-json\/wp\/v2\/posts\/28211\/revisions"}],"wp:attachment":[{"href":"https:\/\/www.schiebener.net\/wordpress\/wp-json\/wp\/v2\/media?parent=28211"}],"wp:term":[{"taxonomy":"category","embeddable":true,"href":"https:\/\/www.schiebener.net\/wordpress\/wp-json\/wp\/v2\/categories?post=28211"},{"taxonomy":"post_tag","embeddable":true,"href":"https:\/\/www.schiebener.net\/wordpress\/wp-json\/wp\/v2\/tags?post=28211"}],"curies":[{"name":"wp","href":"https:\/\/api.w.org\/{rel}","templated":true}]}}