{"id":28205,"date":"2014-04-24T02:24:47","date_gmt":"2014-04-24T01:24:47","guid":{"rendered":"http:\/\/www.schiebener.net\/wordpress\/?p=28205"},"modified":"2014-04-26T09:05:38","modified_gmt":"2014-04-26T08:05:38","slug":"neue-quartalszahlen-der-ivw-tageszeitungen-weiter-im-sinkflug-auch-die-westfalenpost-verliert","status":"publish","type":"post","link":"https:\/\/www.schiebener.net\/wordpress\/neue-quartalszahlen-der-ivw-tageszeitungen-weiter-im-sinkflug-auch-die-westfalenpost-verliert\/","title":{"rendered":"Neue Quartalszahlen der IVW: Tageszeitungen weiter im Sinkflug. Auch die Westfalenpost verliert."},"content":{"rendered":"<figure id=\"attachment_28206\" aria-describedby=\"caption-attachment-28206\" style=\"width: 596px\" class=\"wp-caption aligncenter\"><img loading=\"lazy\" decoding=\"async\" class=\"size-full wp-image-28206\" src=\"http:\/\/www.schiebener.net\/wordpress\/wp-content\/uploads\/2014\/04\/IVW2014_I.jpg\" alt=\"Die Zahlen f\u00fcr die WP Brilon, Meschede Warstein \u00fcber einen Zweijahreszeitraum. (screenshot: zoom)\" width=\"596\" height=\"441\" srcset=\"https:\/\/www.schiebener.net\/wordpress\/wp-content\/uploads\/2014\/04\/IVW2014_I.jpg 596w, https:\/\/www.schiebener.net\/wordpress\/wp-content\/uploads\/2014\/04\/IVW2014_I-300x221.jpg 300w\" sizes=\"auto, (max-width: 596px) 85vw, 596px\" \/><figcaption id=\"caption-attachment-28206\" class=\"wp-caption-text\">Die Zahlen f\u00fcr die WP Brilon, Meschede Warstein \u00fcber einen Zweijahreszeitraum. (screenshot: zoom)<\/figcaption><\/figure>\n<p><strong>Gestern sind <a href=\"http:\/\/daten.ivw.eu\/index.php?menuid=1&amp;u=&amp;p=\" target=\"_blank\">die neuen Quartalszahlen<\/a> der Informationsgemeinschaft zur Feststellung der Verbreitung von Werbetr\u00e4gern e.V. (IVW) erschienen.<\/strong><\/p>\n<p>In der Pressemeldung der IVW hei\u00dft es unter anderem:<\/p>\n<blockquote><p>Die verkaufte Auflage der Tageszeitungen einschlie\u00dflich der Sonntagsausgaben und aktuellen Sonntagszeitungen lag im ersten Quartal 2014 insgesamt bei 19,94 Mio. St\u00fcck. Damit verliert die Gattung im Quartalsvergleich 0,8 %, innerhalb eines Jahres rund 2,7 % an Auflage (1\/2013: 20,50 Mio.). Zwar legten in diesem Zeitraum die digitalen ePaper von 0,33 Mio. auf 0,54 Mio. (ein Plus von rund 63 %) Gesamtverk\u00e4ufe nochmals zu, k\u00f6nnen in dieser Gr\u00f6\u00dfenordnung aber die R\u00fcckg\u00e4nge der Papierauflagen insgesamt nicht ausgleichen.<\/p><\/blockquote>\n<p>Auch unsere lokale Tageszeitung, die Westfalenpost, kennt seit Jahren nur eine Richtung der Auflagen-, Verkaufs und Abonnementszahlen &#8211; abw\u00e4rts.<!--more--><\/p>\n<p><strong>Siehe dazu auch die Artikel hier im Blog:<\/strong><\/p>\n<p><a href=\"http:\/\/www.schiebener.net\/wordpress\/?p=23364\" target=\"_blank\">WAZ-Zeitungen (Funke-Gruppe) im Hochsauerland verlieren weiter an Auflage und Verbreitung<\/a><\/p>\n<p><a href=\"http:\/\/www.schiebener.net\/wordpress\/?p=26021\" target=\"_blank\">IVW-Quartalszahlen: Westfalenpost und \u201cZombie-WR\u201d verlieren im heimischen Raum weiter an Auflage und Verbreitung.<\/a><\/p>\n<p><a href=\"http:\/\/www.schiebener.net\/wordpress\/?p=27182\" target=\"_blank\">Neue IWV-Zahlen: auch die heimische Westfalenpost verliert weiter an Auflage.<\/a><\/p>\n<p>\u00dcber einen Zweijahreszeitraum vom 1. Quartal 2012 bis zum 1. Quartal 2014 ist die Zahl der Abonnenten der Westfalenpostausgabe Brilon\/Meschede\/Warstein, wozu auch Winterberg geh\u00f6rt, um 9,42 Prozent gesunken. Die Zeitung hat absolut \u00fcber 3000 Abonnenten verloren.<\/p>\n<p>Spannt man den Zeitraum noch weiter auf, beispielsweise von 2010 bis 2014, kommt man auf einen <strong>Abonnentenschwund von gut 15 Prozent.<\/strong><\/p>\n<p>Von 35.728 Abonnentinnen und Abonnenten (I\/2010) sind der WP heute noch 30.316 geblieben.<\/p>\n<p><strong>Meine Meinung:<\/strong><\/p>\n<p>Eine Umkehr dieses Trends ist nicht zu erkennen. \u00a0Es macht auch keinen Sinn sich ihm entgegenzustemmen. Die Menschen, die heute noch die gedruckte Zeitung lesen, sind alt und werden bald ausgestorben sein. Die j\u00fcngeren informieren sich \u00fcber andere Medien.<\/p>\n<p>\u00dcberhaupt handele es sich m\u00f6glicherweise, <a href=\"http:\/\/www.blog-cj.de\/blog\/2014\/04\/07\/lokal-egal\/\" target=\"_blank\">so Christian Jakubetz<\/a>, nicht um eine Zeitungskrise,\u00a0<span style=\"color: #303030;\">\u00a0sondern um ein &#8222;handfestes Problem des Lokalen&#8220;, dessen \u00f6konomische Basis zunehmend schwinde[1].<\/p>\n<p><\/span>Mein eigenes Leserverhalten ist inzwischen derart diversifiziert, dass mir der Inhalt einer Lokalzeitung einfach zu wenig ist, um daf\u00fcr als Abonnement monatlich sehr viel Geld zu bezahlen. Nur wenige Artikel interessieren mich wirklich. Um mein Informationsbed\u00fcrfnis zu stillen, lese ich verschiedene Zeitungen und viele andere Medien online und offline.<\/p>\n<p>W\u00e4re ich auf eine einzige Lokalzeitung angewiesen, w\u00e4re ich in ein Gedankengef\u00e4ngnis eingesperrt.<\/p>\n<p>Interessant dazu ein Artikel[2] von Volker Thies aus dem Jahre 2010:<\/p>\n<p><a href=\"http:\/\/www.vtaktuell.net\/?p=284\" target=\"_blank\">Die Krise des Lokalen<\/a><\/p>\n<p>[1] Auf Christian Jakubetz hat mich Karlheinz Stannies aufmerksam gemacht: <a href=\"http:\/\/charlyandfriends.blogspot.de\/2014\/04\/lokal-egal.html\" target=\"_blank\">http:\/\/charlyandfriends.blogspot.de\/2014\/04\/lokal-egal.html<\/a><\/p>\n<p>[2] auf den Artikel bin ich durch einen Kommentar im oben verlinkten Jakubetz-Blog gesto\u00dfen: <a href=\"http:\/\/www.blog-cj.de\/blog\/2014\/04\/07\/lokal-egal\/comment-page-1\/#comment-16115\" target=\"_blank\">http:\/\/www.blog-cj.de\/blog\/2014\/04\/07\/lokal-egal\/comment-page-1\/#comment-16115<\/a><\/p>\n","protected":false},"excerpt":{"rendered":"<p>Gestern sind die neuen Quartalszahlen der Informationsgemeinschaft zur Feststellung der Verbreitung von Werbetr\u00e4gern e.V. (IVW) erschienen. In der Pressemeldung der IVW hei\u00dft es unter anderem: Die verkaufte Auflage der Tageszeitungen &hellip; <a href=\"https:\/\/www.schiebener.net\/wordpress\/neue-quartalszahlen-der-ivw-tageszeitungen-weiter-im-sinkflug-auch-die-westfalenpost-verliert\/\" class=\"more-link\"><span class=\"screen-reader-text\">\u201eNeue Quartalszahlen der IVW: Tageszeitungen weiter im Sinkflug. Auch die Westfalenpost verliert.\u201c <\/span>weiterlesen<\/a><\/p>\n","protected":false},"author":3,"featured_media":0,"comment_status":"open","ping_status":"open","sticky":false,"template":"","format":"standard","meta":{"footnotes":""},"categories":[80,32,1043],"tags":[4915,681,4914,340,252],"class_list":["post-28205","post","type-post","status-publish","format-standard","hentry","category-lokales","category-medien","category-pressemitteilungen","tag-ivw-auflagenzahlen","tag-print","tag-tageszeitungen","tag-westfalenpost","tag-zeitungskrise"],"_links":{"self":[{"href":"https:\/\/www.schiebener.net\/wordpress\/wp-json\/wp\/v2\/posts\/28205","targetHints":{"allow":["GET"]}}],"collection":[{"href":"https:\/\/www.schiebener.net\/wordpress\/wp-json\/wp\/v2\/posts"}],"about":[{"href":"https:\/\/www.schiebener.net\/wordpress\/wp-json\/wp\/v2\/types\/post"}],"author":[{"embeddable":true,"href":"https:\/\/www.schiebener.net\/wordpress\/wp-json\/wp\/v2\/users\/3"}],"replies":[{"embeddable":true,"href":"https:\/\/www.schiebener.net\/wordpress\/wp-json\/wp\/v2\/comments?post=28205"}],"version-history":[{"count":0,"href":"https:\/\/www.schiebener.net\/wordpress\/wp-json\/wp\/v2\/posts\/28205\/revisions"}],"wp:attachment":[{"href":"https:\/\/www.schiebener.net\/wordpress\/wp-json\/wp\/v2\/media?parent=28205"}],"wp:term":[{"taxonomy":"category","embeddable":true,"href":"https:\/\/www.schiebener.net\/wordpress\/wp-json\/wp\/v2\/categories?post=28205"},{"taxonomy":"post_tag","embeddable":true,"href":"https:\/\/www.schiebener.net\/wordpress\/wp-json\/wp\/v2\/tags?post=28205"}],"curies":[{"name":"wp","href":"https:\/\/api.w.org\/{rel}","templated":true}]}}