{"id":28097,"date":"2014-04-10T16:16:01","date_gmt":"2014-04-10T15:16:01","guid":{"rendered":"http:\/\/www.schiebener.net\/wordpress\/?p=28097"},"modified":"2014-04-10T16:16:01","modified_gmt":"2014-04-10T15:16:01","slug":"medienmoral-rheinische-post-bald-auch-auf-tarifflucht","status":"publish","type":"post","link":"https:\/\/www.schiebener.net\/wordpress\/medienmoral-rheinische-post-bald-auch-auf-tarifflucht\/","title":{"rendered":"Medienmoral: Rheinische Post bald auch auf Tarifflucht?"},"content":{"rendered":"<p><strong>&#8222;Nun also auch die RP?&#8220; fragt das Gewerkschaftsblog Medienmoral NRW.<\/strong>\u00a0 Die Verlagsgruppe Rheinische Post will nach Informationen von <a href=\"http:\/\/www.medienmoral-nrw.de\/\" target=\"_blank\">medienmoral-nrw.de<\/a> die bestehende Tochtergesellschaft RP Media k\u00fcnftig dazu nutzen, Volont\u00e4re sowie neu eingestellte Redakteure tariflos zu besch\u00e4ftigen. Dem Vernehmen nach soll dort in der Regel deutlich unter Tarif gezahlt werden &#8230; <a href=\"http:\/\/www.medienmoral-nrw.de\/2014\/04\/rheinische-post-bald-auch-auf-tarifflucht\/\" target=\"_blank\">alles lesen<\/a><\/p>\n","protected":false},"excerpt":{"rendered":"<p>&#8222;Nun also auch die RP?&#8220; fragt das Gewerkschaftsblog Medienmoral NRW.\u00a0 Die Verlagsgruppe Rheinische Post will nach Informationen von medienmoral-nrw.de die bestehende Tochtergesellschaft RP Media k\u00fcnftig dazu nutzen, Volont\u00e4re sowie neu &hellip; <a href=\"https:\/\/www.schiebener.net\/wordpress\/medienmoral-rheinische-post-bald-auch-auf-tarifflucht\/\" class=\"more-link\"><span class=\"screen-reader-text\">\u201eMedienmoral: Rheinische Post bald auch auf Tarifflucht?\u201c <\/span>weiterlesen<\/a><\/p>\n","protected":false},"author":3,"featured_media":0,"comment_status":"open","ping_status":"open","sticky":false,"template":"","format":"standard","meta":{"footnotes":""},"categories":[32,379],"tags":[843,1175,1029],"class_list":["post-28097","post","type-post","status-publish","format-standard","hentry","category-medien","category-umleitung","tag-medienmoral","tag-rheinische-post","tag-tarifvertrag"],"_links":{"self":[{"href":"https:\/\/www.schiebener.net\/wordpress\/wp-json\/wp\/v2\/posts\/28097","targetHints":{"allow":["GET"]}}],"collection":[{"href":"https:\/\/www.schiebener.net\/wordpress\/wp-json\/wp\/v2\/posts"}],"about":[{"href":"https:\/\/www.schiebener.net\/wordpress\/wp-json\/wp\/v2\/types\/post"}],"author":[{"embeddable":true,"href":"https:\/\/www.schiebener.net\/wordpress\/wp-json\/wp\/v2\/users\/3"}],"replies":[{"embeddable":true,"href":"https:\/\/www.schiebener.net\/wordpress\/wp-json\/wp\/v2\/comments?post=28097"}],"version-history":[{"count":0,"href":"https:\/\/www.schiebener.net\/wordpress\/wp-json\/wp\/v2\/posts\/28097\/revisions"}],"wp:attachment":[{"href":"https:\/\/www.schiebener.net\/wordpress\/wp-json\/wp\/v2\/media?parent=28097"}],"wp:term":[{"taxonomy":"category","embeddable":true,"href":"https:\/\/www.schiebener.net\/wordpress\/wp-json\/wp\/v2\/categories?post=28097"},{"taxonomy":"post_tag","embeddable":true,"href":"https:\/\/www.schiebener.net\/wordpress\/wp-json\/wp\/v2\/tags?post=28097"}],"curies":[{"name":"wp","href":"https:\/\/api.w.org\/{rel}","templated":true}]}}