{"id":27899,"date":"2014-03-24T20:55:02","date_gmt":"2014-03-24T19:55:02","guid":{"rendered":"http:\/\/www.schiebener.net\/wordpress\/?p=27899"},"modified":"2014-03-24T20:55:02","modified_gmt":"2014-03-24T19:55:02","slug":"harald-koch-als-buergermeisterkandidat-nominiert-die-sache-im-vordergrund-einer-der-sich-kuemmert","status":"publish","type":"post","link":"https:\/\/www.schiebener.net\/wordpress\/harald-koch-als-buergermeisterkandidat-nominiert-die-sache-im-vordergrund-einer-der-sich-kuemmert\/","title":{"rendered":"Harald Koch als B\u00fcrgermeisterkandidat nominiert: &#8222;Die Sache im Vordergrund &#8230; einer, der sich k\u00fcmmert.&#8220;"},"content":{"rendered":"<figure id=\"attachment_27900\" aria-describedby=\"caption-attachment-27900\" style=\"width: 230px\" class=\"wp-caption alignleft\"><a href=\"http:\/\/www.schiebener.net\/wordpress\/wp-content\/uploads\/2014\/03\/spk-wb-0199.jpg\"><img loading=\"lazy\" decoding=\"async\" class=\" wp-image-27900  \" title=\"B\u00fcrgermeisterkandidat Harald Koch\" alt=\"B\u00fcrgermeisterkandidat Harald Koch (foto: spd)\" src=\"http:\/\/www.schiebener.net\/wordpress\/wp-content\/uploads\/2014\/03\/spk-wb-0199.jpg\" width=\"230\" height=\"154\" srcset=\"https:\/\/www.schiebener.net\/wordpress\/wp-content\/uploads\/2014\/03\/spk-wb-0199.jpg 480w, https:\/\/www.schiebener.net\/wordpress\/wp-content\/uploads\/2014\/03\/spk-wb-0199-300x200.jpg 300w\" sizes=\"auto, (max-width: 230px) 85vw, 230px\" \/><\/a><figcaption id=\"caption-attachment-27900\" class=\"wp-caption-text\">B\u00fcrgermeisterkandidat Harald Koch (foto: spd)<\/figcaption><\/figure>\n<p><strong>Winterberg. (spd_pm) Harald Koch wird sich als Kandidat der Sozialdemokraten der kommenden B\u00fcrgermeisterwahl stellen.<\/strong><\/p>\n<p>In der gemeinsamen Konferenz von Fraktion und Stadtverbandsvorstand am 7. M\u00e4rz wurde der 55-J\u00e4hrige einstimmig zum Kandidaten der SPD f\u00fcr die n\u00e4chste B\u00fcrgermeisterwahl in Winterberg nominiert, die am 25. Mai diesen Jahres stattfindet. Der in Winterberg geborene Fraktionsvorsitzende der SPD lebt mit seiner Familie in Silbach.<\/p>\n<p>Laut SPD-Stadtverbandschef Andreas Ott sprechen f\u00fcr Harald Koch vor allem die langj\u00e4hrige Leitungserfahrung in seinem Beruf, die sich in seinen F\u00fchrungsqualit\u00e4ten wiederfindet, seine kommunalpolitische Arbeit und sein vielf\u00e4ltiges ehrenamtliches Engagement. Harald Koch arbeitet als Einrichtungsleiter beim Caritasverband Brilon.<\/p>\n<p>Als Sachkundiger B\u00fcrger war er von 1997 bis 1999 Mitglied des Schulausschusses, von 1999 bis 2004 Mitglied des Sport- und Kultur- sowie des Sozialausschusses. Seit 2004 ist er Ratsmitglied und seit 2009 Vorsitzender der SPD Ratsfraktion im Rat der Stadt Winterberg.<\/p>\n<p>Mehr als 10 Jahre war Harald Koch Vorsitzender des Musikvereins Silbach. Als aktiver Sportler war er jahrelang im Vorstand des \u00f6rtlichen Tennisvereins engagiert und vertrat die Fachschaft Tennis im Stadtsportverband. Au\u00dferdem unterst\u00fctzt Harald Koch als Mitglied zahlreiche Vereine seines Dorfes. Auch dadurch ist der SPD-Kandidat schon jetzt im gesellschaftlichen Leben der Stadt fest verankert.<\/p>\n<p>\u201eHarald Koch besitzt ein klares politisches Profil und konkrete Ideen f\u00fcr die zuk\u00fcnftige Entwicklung unserer Stadt. Er hat immer ein offenes Ohr f\u00fcr die Menschen, ihre Anregungen und W\u00fcnsche\u201c, so der stellvertretende B\u00fcrgermeister Winterbergs Richard Gamm. \u201eDabei steht f\u00fcr ihn immer die Sache im Vordergrund; nicht das Ansehen der Person und auch nicht das Parteibuch. Harald Koch ist einer, der sich k\u00fcmmert.\u201c<\/p>\n","protected":false},"excerpt":{"rendered":"<p>Winterberg. (spd_pm) Harald Koch wird sich als Kandidat der Sozialdemokraten der kommenden B\u00fcrgermeisterwahl stellen. In der gemeinsamen Konferenz von Fraktion und Stadtverbandsvorstand am 7. M\u00e4rz wurde der 55-J\u00e4hrige einstimmig zum &hellip; <a href=\"https:\/\/www.schiebener.net\/wordpress\/harald-koch-als-buergermeisterkandidat-nominiert-die-sache-im-vordergrund-einer-der-sich-kuemmert\/\" class=\"more-link\"><span class=\"screen-reader-text\">\u201eHarald Koch als B\u00fcrgermeisterkandidat nominiert: &#8222;Die Sache im Vordergrund &#8230; einer, der sich k\u00fcmmert.&#8220;\u201c <\/span>weiterlesen<\/a><\/p>\n","protected":false},"author":17,"featured_media":0,"comment_status":"open","ping_status":"open","sticky":false,"template":"","format":"standard","meta":{"footnotes":""},"categories":[303,80,24,1043],"tags":[4683,943,4660,655],"class_list":["post-27899","post","type-post","status-publish","format-standard","hentry","category-in-unserem-briefkasten","category-lokales","category-politik","category-pressemitteilungen","tag-buergermeisterwahlen","tag-harald-koch","tag-kommunalwahlen-2014","tag-pressemitteilung"],"_links":{"self":[{"href":"https:\/\/www.schiebener.net\/wordpress\/wp-json\/wp\/v2\/posts\/27899","targetHints":{"allow":["GET"]}}],"collection":[{"href":"https:\/\/www.schiebener.net\/wordpress\/wp-json\/wp\/v2\/posts"}],"about":[{"href":"https:\/\/www.schiebener.net\/wordpress\/wp-json\/wp\/v2\/types\/post"}],"author":[{"embeddable":true,"href":"https:\/\/www.schiebener.net\/wordpress\/wp-json\/wp\/v2\/users\/17"}],"replies":[{"embeddable":true,"href":"https:\/\/www.schiebener.net\/wordpress\/wp-json\/wp\/v2\/comments?post=27899"}],"version-history":[{"count":0,"href":"https:\/\/www.schiebener.net\/wordpress\/wp-json\/wp\/v2\/posts\/27899\/revisions"}],"wp:attachment":[{"href":"https:\/\/www.schiebener.net\/wordpress\/wp-json\/wp\/v2\/media?parent=27899"}],"wp:term":[{"taxonomy":"category","embeddable":true,"href":"https:\/\/www.schiebener.net\/wordpress\/wp-json\/wp\/v2\/categories?post=27899"},{"taxonomy":"post_tag","embeddable":true,"href":"https:\/\/www.schiebener.net\/wordpress\/wp-json\/wp\/v2\/tags?post=27899"}],"curies":[{"name":"wp","href":"https:\/\/api.w.org\/{rel}","templated":true}]}}