{"id":27861,"date":"2014-03-21T18:57:43","date_gmt":"2014-03-21T17:57:43","guid":{"rendered":"http:\/\/www.schiebener.net\/wordpress\/?p=27861"},"modified":"2014-03-21T18:57:43","modified_gmt":"2014-03-21T17:57:43","slug":"kommunalwahlen-in-winterberg-joerg-burmann-will-als-kuemmerer-und-ansprechpartner-weiter-fuer-die-buerger-da-sein","status":"publish","type":"post","link":"https:\/\/www.schiebener.net\/wordpress\/kommunalwahlen-in-winterberg-joerg-burmann-will-als-kuemmerer-und-ansprechpartner-weiter-fuer-die-buerger-da-sein\/","title":{"rendered":"Kommunalwahlen in Winterberg: J\u00f6rg Burmann will als &#8222;K\u00fcmmerer und Ansprechpartner weiter f\u00fcr die B\u00fcrger da sein.&#8220;"},"content":{"rendered":"<figure id=\"attachment_27862\" aria-describedby=\"caption-attachment-27862\" style=\"width: 596px\" class=\"wp-caption aligncenter\"><img loading=\"lazy\" decoding=\"async\" class=\"size-full wp-image-27862\" alt=\"J\u00f6rg Burmann (links) und G\u00fcnter Hauers (foto: spd)\" src=\"http:\/\/www.schiebener.net\/wordpress\/wp-content\/uploads\/2014\/03\/JoergBurmann.jpg\" width=\"596\" height=\"416\" srcset=\"https:\/\/www.schiebener.net\/wordpress\/wp-content\/uploads\/2014\/03\/JoergBurmann.jpg 596w, https:\/\/www.schiebener.net\/wordpress\/wp-content\/uploads\/2014\/03\/JoergBurmann-300x209.jpg 300w\" sizes=\"auto, (max-width: 596px) 85vw, 596px\" \/><figcaption id=\"caption-attachment-27862\" class=\"wp-caption-text\">J\u00f6rg Burmann (links) und G\u00fcnter Hauers (foto: spd)<\/figcaption><\/figure>\n<p><strong>Winterberg. (spd_pm) J\u00f6rg Burmann wird erneut als Ortsvorsteher und Ratsmitglied bei der kommenden Kommunalwahl am 25. Mai 2014 im H\u00f6hendorf Altastenberg f\u00fcr den Rat der Stadt Winterberg kandidieren. <\/strong><\/p>\n<p>In der Mitgliederversammlung des SPD-Ortsvereins Kahler Asten haben sich die Sozialdemokraten f\u00fcr eine weitere Direktkandidatur von J\u00f6rg Burmann im Wahlkreis 5 Winterberg-Altastenberg ausgesprochen und den 36-j\u00e4hrigen Angestellten und Gewerkschafter aus dem Stra\u00dfenbetriebsdienst einstimmig nominiert. Als pers\u00f6nlicher Vertreter und Kandidat f\u00fcr die Reserveliste der SPD wird G\u00fcnter Hauers antreten.<\/p>\n<p>J\u00f6rg Burmann bedankte sich bei den Delegierten f\u00fcr das entgegengebrachte Vertrauen und die erneute Nominierung. In seinen anschlie\u00dfenden Ausf\u00fchrungen ging er auf die vielf\u00e4ltigen Herausforderungen der Winterberger Kommunalpolitik und die weitere Entwicklung des Ortsteils Altastenberg in den kommenden Jahren ein.<\/p>\n<p>&#8222;Wenn die B\u00fcrgerinnen und B\u00fcrger aus dem Stadtgebiet Winterberg politische Ver\u00e4nderungen w\u00fcschen und fordern, so m\u00fcssen sie auch f\u00fcr andere Mehrheitsverh\u00e4ltnisse im Stadtrat bei der kommenden Kommunalwahl sorgen, um eine jahrelange Mehrheitsfraktion zu verhindern. In der letzten Legislaturperiode habe er sich konstruktiv in die gute Arbeit der Dorfgemeinschaft mit seinen Vereinen und Institutionen eingebracht und versucht die unterschiedlichen Interessengruppen und Meinungen in den vielen offenen Gespr\u00e4chen fair und unparteiisch zu ber\u00fccksichtigen.<\/p>\n<p><strong>Noch viel vor &#8230; Entwicklungskonzepte weiter voranbringen<\/strong><br \/>\nNeben den vielen Ratssitzungen und Ausschusssitzungen habe er sich auch an zahlreichen Projekt und Arbeitskreissitzungen beteiligt, wie zum Beispiel dem Lenkungskreis der H\u00f6hend\u00f6rfer, so der Ortsvorsteher. &#8222;Die engere Zusammenarbeit mit den Nachbarorten m\u00f6chte ich im begonnenen Dorfentwicklungsprozess weiter mit voranbringen und zuk\u00fcnftig als Ansprechpartner f\u00fcr alle H\u00f6hend\u00f6rfer da sein&#8220;. Eine neue B\u00fcrgerbuslinie, die Entwicklung eines gemeinsamen Radwegenetzes mit E-Bike Station und die Neugestaltung eines Kommunikationsplatzes in der Dorfmitte von Altastenberg sind angestrebte Schwerpunkte der politischen Arbeit in den n\u00e4chsten Jahren und gibt Motivation f\u00fcr eine wiederholte Kandidatur.<\/p>\n<p><strong>Breites Netzwerk in der Politik aufgebaut<\/strong><br \/>\nSeit dem Jahr 2004 engagiert sich J\u00f6rg Burmann kommunalpolitisch f\u00fcr den Raum Winterberg, seit dem hat er auch auf der \u00fcbergeordneten Politikebene wichtige Kontakte aufbauen k\u00f6nnen.<\/p>\n<p>Besonders der Dorfrundgang in Altastenberg im letzten Jahr mit dem ehemaligen Parteivorsitzenden und Vizekanzler der SPD, Franz M\u00fcntefering bleibt in sehr guter Erinnerung. Ebenso die Wahlkampfunterst\u00fctzung f\u00fcr den jetzigen SPD Bundestagsabgeordneten im Hochsauerlandkreis Dirk Wiese aus Brilon, der ihm zuk\u00fcnftig auch eine enge Zusammenarbeit zugesichert hat.<\/p>\n<p>J\u00f6rg Burmann wird dar\u00fcber hinaus auf der Reserveliste des neuen Kreistags im Hochsauerland kandidieren. Er ist als pers\u00f6nlicher Vertreter f\u00fcr Hans-Walter Schneider (Siedlinghausen) von der Kreiswahlkonferenz nominiert worden.<\/p>\n","protected":false},"excerpt":{"rendered":"<p>Winterberg. (spd_pm) J\u00f6rg Burmann wird erneut als Ortsvorsteher und Ratsmitglied bei der kommenden Kommunalwahl am 25. Mai 2014 im H\u00f6hendorf Altastenberg f\u00fcr den Rat der Stadt Winterberg kandidieren. In der &hellip; <a href=\"https:\/\/www.schiebener.net\/wordpress\/kommunalwahlen-in-winterberg-joerg-burmann-will-als-kuemmerer-und-ansprechpartner-weiter-fuer-die-buerger-da-sein\/\" class=\"more-link\"><span class=\"screen-reader-text\">\u201eKommunalwahlen in Winterberg: J\u00f6rg Burmann will als &#8222;K\u00fcmmerer und Ansprechpartner weiter f\u00fcr die B\u00fcrger da sein.&#8220;\u201c <\/span>weiterlesen<\/a><\/p>\n","protected":false},"author":17,"featured_media":0,"comment_status":"open","ping_status":"open","sticky":false,"template":"","format":"standard","meta":{"footnotes":""},"categories":[303,80,24,1043],"tags":[4876,4660,655,4875],"class_list":["post-27861","post","type-post","status-publish","format-standard","hentry","category-in-unserem-briefkasten","category-lokales","category-politik","category-pressemitteilungen","tag-joerg-burmann","tag-kommunalwahlen-2014","tag-pressemitteilung","tag-spd-altastenberg"],"_links":{"self":[{"href":"https:\/\/www.schiebener.net\/wordpress\/wp-json\/wp\/v2\/posts\/27861","targetHints":{"allow":["GET"]}}],"collection":[{"href":"https:\/\/www.schiebener.net\/wordpress\/wp-json\/wp\/v2\/posts"}],"about":[{"href":"https:\/\/www.schiebener.net\/wordpress\/wp-json\/wp\/v2\/types\/post"}],"author":[{"embeddable":true,"href":"https:\/\/www.schiebener.net\/wordpress\/wp-json\/wp\/v2\/users\/17"}],"replies":[{"embeddable":true,"href":"https:\/\/www.schiebener.net\/wordpress\/wp-json\/wp\/v2\/comments?post=27861"}],"version-history":[{"count":0,"href":"https:\/\/www.schiebener.net\/wordpress\/wp-json\/wp\/v2\/posts\/27861\/revisions"}],"wp:attachment":[{"href":"https:\/\/www.schiebener.net\/wordpress\/wp-json\/wp\/v2\/media?parent=27861"}],"wp:term":[{"taxonomy":"category","embeddable":true,"href":"https:\/\/www.schiebener.net\/wordpress\/wp-json\/wp\/v2\/categories?post=27861"},{"taxonomy":"post_tag","embeddable":true,"href":"https:\/\/www.schiebener.net\/wordpress\/wp-json\/wp\/v2\/tags?post=27861"}],"curies":[{"name":"wp","href":"https:\/\/api.w.org\/{rel}","templated":true}]}}