{"id":27818,"date":"2014-03-16T22:52:07","date_gmt":"2014-03-16T21:52:07","guid":{"rendered":"http:\/\/www.schiebener.net\/wordpress\/?p=27818"},"modified":"2014-03-16T22:52:07","modified_gmt":"2014-03-16T21:52:07","slug":"umleitung-weltkrieg-schavan-tafel-und-kreide-ukraine-und-mehr","status":"publish","type":"post","link":"https:\/\/www.schiebener.net\/wordpress\/umleitung-weltkrieg-schavan-tafel-und-kreide-ukraine-und-mehr\/","title":{"rendered":"Umleitung: Weltkrieg, Schavan, Tafel und Kreide, Ukraine und mehr."},"content":{"rendered":"<figure id=\"attachment_27819\" aria-describedby=\"caption-attachment-27819\" style=\"width: 224px\" class=\"wp-caption alignleft\"><a href=\"http:\/\/www.schiebener.net\/wordpress\/wp-content\/uploads\/2014\/03\/skitrainer20140311.jpg\" target=\"_blank\"><img loading=\"lazy\" decoding=\"async\" class=\" wp-image-27819 \" title=\"Skitrainer ohne Schnee\" alt=\"Geht doch - Skitrainer ohne Schnee (foto: zoom)\" src=\"http:\/\/www.schiebener.net\/wordpress\/wp-content\/uploads\/2014\/03\/skitrainer20140311.jpg\" width=\"224\" height=\"168\" srcset=\"https:\/\/www.schiebener.net\/wordpress\/wp-content\/uploads\/2014\/03\/skitrainer20140311.jpg 320w, https:\/\/www.schiebener.net\/wordpress\/wp-content\/uploads\/2014\/03\/skitrainer20140311-300x225.jpg 300w\" sizes=\"auto, (max-width: 224px) 85vw, 224px\" \/><\/a><figcaption id=\"caption-attachment-27819\" class=\"wp-caption-text\">Geht doch &#8211; Skitrainer ohne Schnee (foto: zoom)<\/figcaption><\/figure>\n<p><strong>Kurzgeschichte:<\/strong> Der zweite Regenbogen &#8230; <a href=\"http:\/\/www.endoplast.de\/2014\/03\/15\/der-zweite-regenbogen\/\" target=\"_blank\">endoplast<\/a><\/p>\n<p><strong>Nichts blieb, wie es war:<\/strong> Herfried M\u00fcnklers umfassendes Werk \u00fcber den Ersten Weltkrieg &#8230; <a href=\"http:\/\/www.revierpassagen.de\/23858\/nichts-blieb-wie-es-war-herfried-muenklers-umfassendes-und-eindruckvolles-werk-ueber-den-1-weltkrieg\/20140316_1811\" target=\"_blank\">revierpassagen<\/a><\/p>\n<p><strong>Sich einen Reim machen auf die Causa Schavan:<\/strong> Platzprobleme wie beim NSU-Prozess oder bei der Hoene\u00df-Anklage in M\u00fcnchen, wenn vor dem Verwaltungsgericht D\u00fcsseldorf am 20. M\u00e4rz 2014 das Schavan-Verfahren in die m\u00fcndliche Verhandlung geht? &#8230; <a href=\"http:\/\/erbloggtes.wordpress.com\/2014\/03\/13\/sich-einen-reim-machen-auf-die-causa-schavan\/\" target=\"_blank\">erbloggtes<\/a><\/p>\n<p><strong>Tafel und Kreide:<\/strong> Denken frisch pr\u00e4sentiert &#8230; <a href=\"http:\/\/www.scilogs.de\/con-text\/denken-frisch-prsentiert\/\" target=\"_blank\">context<\/a><\/p>\n<p><strong>Zu Ende gebloggt?<\/strong> Das Heddesheimblog macht auf unbestimmte Zeit Pause &#8230; <a href=\"http:\/\/www.heddesheimblog.de\/16\/das-heddesheimblog-macht-auf-unbestimmte-zeit-pause\/33415.html\" target=\"_blank\">heddesheimblog<\/a><\/p>\n<p><strong>Ukraine I:<\/strong> ein Musterfall von double standards und Totalausfall staatsm\u00e4nnischer Kunst &#8230; <a href=\"http:\/\/www.nachdenkseiten.de\/?p=21101\" target=\"_blank\">nachdenkseiten<\/a><\/p>\n<p><strong>Ukraine II:<\/strong> Echte M\u00e4nner verhandeln nicht &#8230; <a href=\"http:\/\/www.misik.at\/texte-aus-der-taz-berlin\/echte-manner-verhandeln-nicht.php\" target=\"_blank\">misik<\/a><\/p>\n<p><strong>Ukraine III:<\/strong> Gr\u00fcne und Linke verirren sich auf der Krim. Anlasslos? &#8230; <a href=\"http:\/\/www.wiesaussieht.de\/2014\/03\/16\/gruene-und-linke-verirren-sich-auf-der-krim-anlasslos\/\" target=\"_blank\">wiesaussieht<\/a><\/p>\n<p><strong>Hoene\u00df-Urteil:<\/strong> Der Anstand, die Revision und die offenen Fragen &#8230; <a href=\"http:\/\/www.jurga.de\/452.html\" target=\"_blank\">jurga<\/a><\/p>\n<p><strong>Hoene\u00df-Karikaturen:<\/strong> Strafe schnell angenommen, bevor es noch schlimmer wird? &#8230; <a href=\"http:\/\/charlyandfriends.blogspot.de\/2014\/03\/hoene-karikaturen.html\" target=\"_blank\">charly&amp;friends<\/a><\/p>\n<p><strong>Neonazis wollen auch Journalisten sein:<\/strong> Es ist unweigerlich als Provokation gedacht: Ein Kreisverband der Neonazi-Partei \u201eDie Rechte\u201c ruft \u201enationale Aktivisten\u201c dazu auf, sich verst\u00e4rkt mit Presseausweisen auszustatten &#8230; <a href=\"http:\/\/www.publikative.org\/2014\/03\/16\/neonazis-wollen-auch-journalisten-sein\/\" target=\"_blank\">publikative<\/a><\/p>\n<p><strong>NRW-CDU:<\/strong> Die Stunde der Hoffnungstr\u00e4ger &#8230; <a href=\"http:\/\/post-von-horn.de\/2014\/03\/15\/nrw-cdu-die-stunde-der-hoffnungstraeger\/\" target=\"_blank\">postvonhorn<\/a><\/p>\n<p><strong>Sauerlandmuseum I:<\/strong> B90\/Gr\u00fcne informieren \u00fcber Kostensteigerung &#8230; <a href=\"http:\/\/www.neheims-netz.de\/?p=7168\" target=\"_blank\">neheimsnetz<\/a><\/p>\n<p><strong>Sauerlandmuseum II:<\/strong> Planungs-Desaster &#8230; <a href=\"http:\/\/sbl-fraktion.de\/?p=4027\" target=\"_blank\">sbl<\/a><\/p>\n","protected":false},"excerpt":{"rendered":"<p>Kurzgeschichte: Der zweite Regenbogen &#8230; endoplast Nichts blieb, wie es war: Herfried M\u00fcnklers umfassendes Werk \u00fcber den Ersten Weltkrieg &#8230; revierpassagen Sich einen Reim machen auf die Causa Schavan: Platzprobleme &hellip; <a href=\"https:\/\/www.schiebener.net\/wordpress\/umleitung-weltkrieg-schavan-tafel-und-kreide-ukraine-und-mehr\/\" class=\"more-link\"><span class=\"screen-reader-text\">\u201eUmleitung: Weltkrieg, Schavan, Tafel und Kreide, Ukraine und mehr.\u201c <\/span>weiterlesen<\/a><\/p>\n","protected":false},"author":3,"featured_media":0,"comment_status":"open","ping_status":"open","sticky":false,"template":"","format":"standard","meta":{"footnotes":""},"categories":[3,218,533,3182,319,674,80,32,5,24,379],"tags":[4615,4869,512,4677,4837,4258],"class_list":["post-27818","post","type-post","status-publish","format-standard","hentry","category-bildung-und-schule","category-bucher","category-europa","category-finanzen","category-geschichte","category-kultur","category-lokales","category-medien","category-naturwissenschaft","category-politik","category-umleitung","tag-annette-schavan","tag-herfried-muenkler","tag-neonazis","tag-sauerland-museum","tag-ukraine","tag-uli-hoenes"],"_links":{"self":[{"href":"https:\/\/www.schiebener.net\/wordpress\/wp-json\/wp\/v2\/posts\/27818","targetHints":{"allow":["GET"]}}],"collection":[{"href":"https:\/\/www.schiebener.net\/wordpress\/wp-json\/wp\/v2\/posts"}],"about":[{"href":"https:\/\/www.schiebener.net\/wordpress\/wp-json\/wp\/v2\/types\/post"}],"author":[{"embeddable":true,"href":"https:\/\/www.schiebener.net\/wordpress\/wp-json\/wp\/v2\/users\/3"}],"replies":[{"embeddable":true,"href":"https:\/\/www.schiebener.net\/wordpress\/wp-json\/wp\/v2\/comments?post=27818"}],"version-history":[{"count":0,"href":"https:\/\/www.schiebener.net\/wordpress\/wp-json\/wp\/v2\/posts\/27818\/revisions"}],"wp:attachment":[{"href":"https:\/\/www.schiebener.net\/wordpress\/wp-json\/wp\/v2\/media?parent=27818"}],"wp:term":[{"taxonomy":"category","embeddable":true,"href":"https:\/\/www.schiebener.net\/wordpress\/wp-json\/wp\/v2\/categories?post=27818"},{"taxonomy":"post_tag","embeddable":true,"href":"https:\/\/www.schiebener.net\/wordpress\/wp-json\/wp\/v2\/tags?post=27818"}],"curies":[{"name":"wp","href":"https:\/\/api.w.org\/{rel}","templated":true}]}}