{"id":27768,"date":"2014-03-11T22:47:30","date_gmt":"2014-03-11T21:47:30","guid":{"rendered":"http:\/\/www.schiebener.net\/wordpress\/?p=27768"},"modified":"2014-03-14T16:36:46","modified_gmt":"2014-03-14T15:36:46","slug":"stellungnahme-zu-bodenverbesserungmassnahmen-im-bereich-seidfeld","status":"publish","type":"post","link":"https:\/\/www.schiebener.net\/wordpress\/stellungnahme-zu-bodenverbesserungmassnahmen-im-bereich-seidfeld\/","title":{"rendered":"Stellungnahme zu Bodenverbesserungma\u00dfnahmen im Bereich Seidfeld"},"content":{"rendered":"<p><figure id=\"attachment_27769\" aria-describedby=\"caption-attachment-27769\" style=\"width: 596px\" class=\"wp-caption aligncenter\"><img loading=\"lazy\" decoding=\"async\" src=\"http:\/\/www.schiebener.net\/wordpress\/wp-content\/uploads\/2014\/03\/seidfeld2014.jpg\" alt=\"Bodenverbesserungsma\u00dfnahmen im Bereich Sundern-Seidfeld (foto: schulte-huermann)\" width=\"596\" height=\"397\" class=\"size-full wp-image-27769\" srcset=\"https:\/\/www.schiebener.net\/wordpress\/wp-content\/uploads\/2014\/03\/seidfeld2014.jpg 596w, https:\/\/www.schiebener.net\/wordpress\/wp-content\/uploads\/2014\/03\/seidfeld2014-300x199.jpg 300w\" sizes=\"auto, (max-width: 596px) 85vw, 596px\" \/><figcaption id=\"caption-attachment-27769\" class=\"wp-caption-text\">Sogenannte Bodenverbesserungsma\u00dfnahmen im Bereich Seidfeld (foto: schulte-huermann)<\/figcaption><\/figure><strong>Sundern. (pressemitteilung) Im Folgenden ver\u00f6ffentlichen wir eine gemeinsame Stellungnahme von Klaus Korn und Matthias Schulte-Huermann zu Bodenverbesserungma\u00dfnahmen im Bereich Sunder-Seidfeld. Beide sind Kreistagskandidaten der Sauerl\u00e4nder B\u00fcrgerliste (SBL).<\/strong><\/p>\n<p>Update 14.3.2014: siehe die <a href=\"http:\/\/www.schiebener.net\/wordpress\/?p=27785\" target=\"_blank\">Klarstellung zum Bodenaushub in der Bodenverbesserungsma\u00dfnahme Seidfeld.<\/a><\/p>\n<blockquote><p>\nIm Bereich Sundern-Seidfeld wurden in den vergangenen Monaten zwei Ma\u00dfnahmen durchgef\u00fchrt, die beide unter dem Begriff Bodenverbesserung laufen: <\/p>\n<p>Im Talbereich der Settmecke wurde im Landschaftsschutzgebiet auf einer Feuchtwiese der Oberboden abgeschoben und seitdem eine Deponie angelegt. Nachfragen bei den zust\u00e4ndigen Beh\u00f6rden ergaben, dass es sich dabei um den Antrag eines Landwirts auf  Bodenverbesserung handelt. Die Untere Landschaftsbeh\u00f6rde beim Kreis hat hierf\u00fcr eine Befreiung von den Festsetzungen des Landschaftsplans erteilt.<\/p>\n<p>Es ist f\u00fcr uns vollkommen unverst\u00e4ndlich, wie vom Hochsauerlandkreis eine solche Ma\u00dfnahme in dem Bereich genehmigt werden konnte: <\/p>\n<p>Jedem ist doch offensichtlich, dass es sich hierbei nicht um eine Bodenverbesserung sondern um eine reine Abfallentsorgung bzw. Deponierung handelt. Offensichtlich sollte hier der Bodenaushub vom Anbau der Firma Tillmann (Update: s.o.) auf den Fl\u00e4chen eines Landwirts deponiert werden, hinzugekommen ist mittlerweile Bauschutt und Teerreste. <\/p>\n<p>Festgesetzt ist der Bereich im Landschaftsplan als Landschaftsschutzgebiet zum Erhalt kleinfl\u00e4chiger Wiesent\u00e4ler und Extensivgr\u00fcnland. Durch die Genehmigung der Unteren Landschaftsbeh\u00f6rde wird dieser Schutz konterkariert, noch nicht einmal Ausgleichsma\u00dfnahmen, die sonst bei Eingriffen \u00fcblich sind, wurden festgesetzt. <\/p>\n<p>Auch der Vorsitzende des Landschaftsbeirats, Herrn Johannes Schr\u00f6der,  den wir in der Sache angeschrieben haben und der eigentlich auch f\u00fcr solche Sachverhalte zust\u00e4ndig ist, \u00e4u\u00dfert sich nicht zum Thema.<\/p>\n<p>Eine weitere  Bodenverbesserungsma\u00dfnahme wurde oberhalb im Wald durchgef\u00fchrt: gro\u00dffl\u00e4chig wurde dort Kompostmaterial, das mit M\u00fcllresten durchsetzt ist, ausgebracht. <\/p>\n<p>Laut Bioabfallverordnung ist so etwas im Wald nicht erlaubt, bzw. bedarf einer Sondergenehmigung. Zust\u00e4ndig daf\u00fcr ist die  Kreisabfallbeh\u00f6rde, denn die Kompostwerke im Hochsauerlandkreis werden durch den Kreis mit der ordnungsgem\u00e4\u00dfen Entsorgung und Verarbeitung des Biom\u00fclls aus der braunen Tonne beauftragt. Auch hier fehlt offensichtlich eine Kontrolle durch die Beh\u00f6rden. Der Geb\u00fchrenzahler, der die braue Tonne finanziert d\u00fcrfte schon ein Anrecht darauf haben, dass hier nicht illegale Abfallentsorgung im Wald stattfindet.\n<\/p><\/blockquote>\n","protected":false},"excerpt":{"rendered":"<p>Sundern. (pressemitteilung) Im Folgenden ver\u00f6ffentlichen wir eine gemeinsame Stellungnahme von Klaus Korn und Matthias Schulte-Huermann zu Bodenverbesserungma\u00dfnahmen im Bereich Sunder-Seidfeld. Beide sind Kreistagskandidaten der Sauerl\u00e4nder B\u00fcrgerliste (SBL). Update 14.3.2014: siehe &hellip; <a href=\"https:\/\/www.schiebener.net\/wordpress\/stellungnahme-zu-bodenverbesserungmassnahmen-im-bereich-seidfeld\/\" class=\"more-link\"><span class=\"screen-reader-text\">\u201eStellungnahme zu Bodenverbesserungma\u00dfnahmen im Bereich Seidfeld\u201c <\/span>weiterlesen<\/a><\/p>\n","protected":false},"author":17,"featured_media":0,"comment_status":"open","ping_status":"open","sticky":false,"template":"","format":"standard","meta":{"footnotes":""},"categories":[303,80,24,1043,549],"tags":[1697,4830,655,294,2948,886],"class_list":["post-27768","post","type-post","status-publish","format-standard","hentry","category-in-unserem-briefkasten","category-lokales","category-politik","category-pressemitteilungen","category-umwelt","tag-klaus-korn","tag-matthias-schulte-huermann","tag-pressemitteilung","tag-sbl","tag-seidfeld","tag-sundern"],"_links":{"self":[{"href":"https:\/\/www.schiebener.net\/wordpress\/wp-json\/wp\/v2\/posts\/27768","targetHints":{"allow":["GET"]}}],"collection":[{"href":"https:\/\/www.schiebener.net\/wordpress\/wp-json\/wp\/v2\/posts"}],"about":[{"href":"https:\/\/www.schiebener.net\/wordpress\/wp-json\/wp\/v2\/types\/post"}],"author":[{"embeddable":true,"href":"https:\/\/www.schiebener.net\/wordpress\/wp-json\/wp\/v2\/users\/17"}],"replies":[{"embeddable":true,"href":"https:\/\/www.schiebener.net\/wordpress\/wp-json\/wp\/v2\/comments?post=27768"}],"version-history":[{"count":0,"href":"https:\/\/www.schiebener.net\/wordpress\/wp-json\/wp\/v2\/posts\/27768\/revisions"}],"wp:attachment":[{"href":"https:\/\/www.schiebener.net\/wordpress\/wp-json\/wp\/v2\/media?parent=27768"}],"wp:term":[{"taxonomy":"category","embeddable":true,"href":"https:\/\/www.schiebener.net\/wordpress\/wp-json\/wp\/v2\/categories?post=27768"},{"taxonomy":"post_tag","embeddable":true,"href":"https:\/\/www.schiebener.net\/wordpress\/wp-json\/wp\/v2\/tags?post=27768"}],"curies":[{"name":"wp","href":"https:\/\/api.w.org\/{rel}","templated":true}]}}