{"id":27735,"date":"2014-03-08T11:37:02","date_gmt":"2014-03-08T10:37:02","guid":{"rendered":"http:\/\/www.schiebener.net\/wordpress\/?p=27735"},"modified":"2014-03-08T11:54:49","modified_gmt":"2014-03-08T10:54:49","slug":"impressionen-zum-weltfrauentag-2014-aus-dem-hochsauerland","status":"publish","type":"post","link":"https:\/\/www.schiebener.net\/wordpress\/impressionen-zum-weltfrauentag-2014-aus-dem-hochsauerland\/","title":{"rendered":"Impressionen zum Weltfrauentag 2014 aus dem Hochsauerland"},"content":{"rendered":"<p><strong>Die folgenden Bilder, Zeitungsausrisse und Schnipsel sollen und k\u00f6nnen kein repr\u00e4sentatives Bild der Frau im Hochsauerland vermitteln.<\/strong><\/p>\n<p><strong>1. Die <a href=\"http:\/\/www.derwesten.de\/staedte\/nachrichten-aus-winterberg-medebach-und-hallenberg\/cdu-stadtverband-winterberg-stellt-personelle-weichen-aimp-id9077458.html\" target=\"_blank\">CDU-Winterberg benennt Kandidaten und Kandidatin<\/a> f\u00fcr Stadtrat und Kreistag:<\/strong><\/p>\n<figure id=\"attachment_27736\" aria-describedby=\"caption-attachment-27736\" style=\"width: 399px\" class=\"wp-caption aligncenter\"><a href=\"http:\/\/www.schiebener.net\/wordpress\/wp-content\/uploads\/2014\/03\/CDU-Kandidaten.jpg\" target=\"_blank\"><img loading=\"lazy\" decoding=\"async\" class=\" wp-image-27736     \" style=\"border: 1px solid black;\" alt=\"CDU Kandidaten\" src=\"http:\/\/www.schiebener.net\/wordpress\/wp-content\/uploads\/2014\/03\/CDU-Kandidaten.jpg\" width=\"399\" height=\"314\" srcset=\"https:\/\/www.schiebener.net\/wordpress\/wp-content\/uploads\/2014\/03\/CDU-Kandidaten.jpg 499w, https:\/\/www.schiebener.net\/wordpress\/wp-content\/uploads\/2014\/03\/CDU-Kandidaten-300x235.jpg 300w\" sizes=\"auto, (max-width: 399px) 85vw, 399px\" \/><\/a><figcaption id=\"caption-attachment-27736\" class=\"wp-caption-text\">Screenshot aus der WP<\/figcaption><\/figure>\n<p><strong>2. Medeloner Herrensitzung f\u00fcr ganze Kerle<\/strong><\/p>\n<figure id=\"attachment_27738\" aria-describedby=\"caption-attachment-27738\" style=\"width: 410px\" class=\"wp-caption aligncenter\"><a href=\"http:\/\/www.schiebener.net\/wordpress\/wp-content\/uploads\/2014\/03\/2014Herrensitzungmedelon.jpg\"><img loading=\"lazy\" decoding=\"async\" class=\"wp-image-27738 \" alt=\"2014Herrensitzungmedelon\" src=\"http:\/\/www.schiebener.net\/wordpress\/wp-content\/uploads\/2014\/03\/2014Herrensitzungmedelon.jpg\" width=\"410\" height=\"431\" srcset=\"https:\/\/www.schiebener.net\/wordpress\/wp-content\/uploads\/2014\/03\/2014Herrensitzungmedelon.jpg 512w, https:\/\/www.schiebener.net\/wordpress\/wp-content\/uploads\/2014\/03\/2014Herrensitzungmedelon-284x300.jpg 284w\" sizes=\"auto, (max-width: 410px) 85vw, 410px\" \/><\/a><figcaption id=\"caption-attachment-27738\" class=\"wp-caption-text\">Bericht des Sauerlandkuriers \u00fcber den Medeloner Herrenkarneval 2014.<\/figcaption><\/figure>\n<p><strong>\u00a03. Stadtversammlung der Winterberger Stadtsch\u00fctzen<\/strong><\/p>\n<figure id=\"attachment_27746\" aria-describedby=\"caption-attachment-27746\" style=\"width: 512px\" class=\"wp-caption aligncenter\"><a href=\"http:\/\/www.schiebener.net\/wordpress\/wp-content\/uploads\/2014\/03\/WinterbergerSchuetzen2014.jpg\"><img loading=\"lazy\" decoding=\"async\" class=\"wp-image-27746 \" alt=\"WinterbergerSchuetzen2014\" src=\"http:\/\/www.schiebener.net\/wordpress\/wp-content\/uploads\/2014\/03\/WinterbergerSchuetzen2014.jpg\" width=\"512\" height=\"398\" srcset=\"https:\/\/www.schiebener.net\/wordpress\/wp-content\/uploads\/2014\/03\/WinterbergerSchuetzen2014.jpg 512w, https:\/\/www.schiebener.net\/wordpress\/wp-content\/uploads\/2014\/03\/WinterbergerSchuetzen2014-300x233.jpg 300w\" sizes=\"auto, (max-width: 512px) 85vw, 512px\" \/><\/a><figcaption id=\"caption-attachment-27746\" class=\"wp-caption-text\">Aus dem Mitteilungsblatt der Stadt Winterberg vom 07. M\u00e4rz 2014. Wer findet die &#8222;Frauen&#8220;?<\/figcaption><\/figure>\n<p style=\"text-align: center;\">\n","protected":false},"excerpt":{"rendered":"<p>Die folgenden Bilder, Zeitungsausrisse und Schnipsel sollen und k\u00f6nnen kein repr\u00e4sentatives Bild der Frau im Hochsauerland vermitteln. 1. Die CDU-Winterberg benennt Kandidaten und Kandidatin f\u00fcr Stadtrat und Kreistag: 2. Medeloner &hellip; <a href=\"https:\/\/www.schiebener.net\/wordpress\/impressionen-zum-weltfrauentag-2014-aus-dem-hochsauerland\/\" class=\"more-link\"><span class=\"screen-reader-text\">\u201eImpressionen zum Weltfrauentag 2014 aus dem Hochsauerland\u201c <\/span>weiterlesen<\/a><\/p>\n","protected":false},"author":42,"featured_media":0,"comment_status":"open","ping_status":"open","sticky":false,"template":"","format":"standard","meta":{"footnotes":""},"categories":[1,174,1075,2620,80],"tags":[2127,4861,4862,4860],"class_list":["post-27735","post","type-post","status-publish","format-standard","hentry","category-allgemein","category-dit-und-dat","category-frauen","category-frauenpolitik","category-lokales","tag-cdu-winterberg","tag-medeloner-karnevalsverein","tag-weltfrauentag","tag-winterberg-schuetzenvereine"],"_links":{"self":[{"href":"https:\/\/www.schiebener.net\/wordpress\/wp-json\/wp\/v2\/posts\/27735","targetHints":{"allow":["GET"]}}],"collection":[{"href":"https:\/\/www.schiebener.net\/wordpress\/wp-json\/wp\/v2\/posts"}],"about":[{"href":"https:\/\/www.schiebener.net\/wordpress\/wp-json\/wp\/v2\/types\/post"}],"author":[{"embeddable":true,"href":"https:\/\/www.schiebener.net\/wordpress\/wp-json\/wp\/v2\/users\/42"}],"replies":[{"embeddable":true,"href":"https:\/\/www.schiebener.net\/wordpress\/wp-json\/wp\/v2\/comments?post=27735"}],"version-history":[{"count":0,"href":"https:\/\/www.schiebener.net\/wordpress\/wp-json\/wp\/v2\/posts\/27735\/revisions"}],"wp:attachment":[{"href":"https:\/\/www.schiebener.net\/wordpress\/wp-json\/wp\/v2\/media?parent=27735"}],"wp:term":[{"taxonomy":"category","embeddable":true,"href":"https:\/\/www.schiebener.net\/wordpress\/wp-json\/wp\/v2\/categories?post=27735"},{"taxonomy":"post_tag","embeddable":true,"href":"https:\/\/www.schiebener.net\/wordpress\/wp-json\/wp\/v2\/tags?post=27735"}],"curies":[{"name":"wp","href":"https:\/\/api.w.org\/{rel}","templated":true}]}}