{"id":27654,"date":"2014-03-01T00:06:00","date_gmt":"2014-02-28T23:06:00","guid":{"rendered":"http:\/\/www.schiebener.net\/wordpress\/?p=27654"},"modified":"2014-03-01T00:06:00","modified_gmt":"2014-02-28T23:06:00","slug":"umleitung-von-matusseks-niedergang-bis-zur-windkraft-in-medebach-und-mehr","status":"publish","type":"post","link":"https:\/\/www.schiebener.net\/wordpress\/umleitung-von-matusseks-niedergang-bis-zur-windkraft-in-medebach-und-mehr\/","title":{"rendered":"Umleitung: von Matusseks Niedergang bis zur Windkraft in Medebach und mehr."},"content":{"rendered":"<figure id=\"attachment_27655\" aria-describedby=\"caption-attachment-27655\" style=\"width: 762px\" class=\"wp-caption aligncenter\"><a href=\"http:\/\/www.schiebener.net\/wordpress\/wp-content\/uploads\/2014\/02\/lahnufergrafitti20140222.jpg\" target=\"_blank\"><img loading=\"lazy\" decoding=\"async\" class=\" wp-image-27655  \" title=\"Lahnufergrafitti\" alt=\"Lahnufergrafitti (foto: zoom)\" src=\"http:\/\/www.schiebener.net\/wordpress\/wp-content\/uploads\/2014\/02\/lahnufergrafitti20140222.jpg\" width=\"762\" height=\"263\" srcset=\"https:\/\/www.schiebener.net\/wordpress\/wp-content\/uploads\/2014\/02\/lahnufergrafitti20140222.jpg 2117w, https:\/\/www.schiebener.net\/wordpress\/wp-content\/uploads\/2014\/02\/lahnufergrafitti20140222-300x103.jpg 300w, https:\/\/www.schiebener.net\/wordpress\/wp-content\/uploads\/2014\/02\/lahnufergrafitti20140222-1024x353.jpg 1024w\" sizes=\"auto, (max-width: 709px) 85vw, (max-width: 909px) 67vw, (max-width: 984px) 61vw, (max-width: 1362px) 45vw, 600px\" \/><\/a><figcaption id=\"caption-attachment-27655\" class=\"wp-caption-text\">Lahnufergrafitti (foto: zoom)<\/figcaption><\/figure>\n<p><strong>Was vom Monat \u00fcbrig blieb:<\/strong> Das war der Februar &#8230; <a href=\"http:\/\/www.revierpassagen.de\/23676\/was-vom-monat-uebrig-blieb-das-war-der-februar\/20140228_1056\" target=\"_blank\">revierpassagen<\/a><\/p>\n<p><strong>H\u00e4megobelin:<\/strong> Wegen Gesch\u00e4ftsaufgabe geschlossen &#8230; <a href=\"http:\/\/www.endoplast.de\/2014\/02\/28\/hamegobelin-wegen-geschaftsaufgabe-geschlossen\/\" target=\"_blank\">endoplast<\/a><\/p>\n<p><strong>Matthias Matusseks Niedergang:<\/strong> keinen Anstand f\u00fcr f\u00fcnf Pfennig &#8230; <a href=\"http:\/\/nesselsetzer.wordpress.com\/2014\/02\/25\/matthias-matusseks-niedergang-keinen-anstand-fur-funf-pfennig\/\" target=\"_blank\">nesselsetzer<\/a><\/p>\n<p><strong>Schavan in den Vatikan:<\/strong> Online-Petition zu Ulms Botschafterin beim Vatikan &#8230; <a href=\"http:\/\/erbloggtes.wordpress.com\/2014\/02\/27\/online-petition-zu-ulms-botschafterin-beim-vatikan\/\" target=\"_blank\">erbloggtes<\/a><\/p>\n<p><strong>Ukraine und die Angst danach:<\/strong> Warum Juden den Umsturz auch mit Sorge betrachten &#8230; <a href=\"http:\/\/www.juedische-allgemeine.de\/article\/view\/id\/18525\" target=\"_blank\">juedischeallgemeine<\/a><\/p>\n<p><strong>Rechtsterroristen beim M\u00fcnchner NSU-Prozess:<\/strong> Hochbrisante Neonazi-Symbiose &#8230; <a href=\"http:\/\/networkedblogs.com\/UhwUh\" target=\"_blank\">bnr<\/a><\/p>\n<p><strong>Urteil zur Drei-Prozent-Sperrklausel:<\/strong> Eine h\u00f6chstrichterliche Abwertung der Europawahl &#8230; <a href=\"http:\/\/www.nachdenkseiten.de\/?p=20897\" target=\"_blank\">nachdenkseiten<\/a><\/p>\n<p><strong>Die SPD mag einfach nicht dazulernen:<\/strong> Der Fall Edathy\/Oppermann erreicht die Umfragen &#8230; <a href=\"http:\/\/post-von-horn.de\/2014\/02\/27\/die-spd-mag-einfach-nicht-dazulernen\/\" target=\"_blank\">postvonhorn<\/a><\/p>\n<p><strong>Abschied vom \u201eTurbo-Abitur\u201c:<\/strong> Warum ist G8 gescheitert? &#8230; <a href=\"http:\/\/www.faz.net\/aktuell\/feuilleton\/debatten\/abschied-vom-turbo-abitur-warum-ist-g8-gescheitert-12815983.html\" target=\"_blank\">faz <\/a><\/p>\n<p><strong>Hochschulen NRW:<\/strong> Ministerin wegen Aff\u00e4re um Rektorengeh\u00e4lter in Erkl\u00e4rungsnot &#8230; <a href=\"http:\/\/doppelwacholder.wordpress.com\/2014\/02\/28\/ministerin-wegen-affare-um-rektorengehalter-in-erklarungsnot\/\" target=\"_blank\">doppelwacholder<\/a><\/p>\n<p><strong>Funke-Gruppe und Kartellbeh\u00f6rde:<\/strong> Freitagsmail der Gesch\u00e4ftsf\u00fchrung &#8230; <a href=\"http:\/\/www.medienmoral-nrw.de\/2013\/07\/funke-springer-deal-viele-offene-fragen\/comment-page-4\/#comment-89259\" target=\"_blank\">medienmoral<\/a><\/p>\n<p><strong>Blogger vs Journalisten:<\/strong> endlich das letzte Duell? &#8230; <a href=\"http:\/\/charlyandfriends.blogspot.de\/2014\/02\/blogger-vs-journalisten-endlich-das.html\" target=\"_blank\">charly&amp;friends<\/a><\/p>\n<p><strong>Funke verzichtet auf Druck:<\/strong> Geb\u00fcndelte Recherche als E-Book &#8230; <a href=\"http:\/\/www.newsroom.de\/news\/detail\/808612\/funke_verzichtet_auf_druck_gebndelte_recherche_als_e-book\" target=\"_blank\">newsroom<\/a><\/p>\n<p><strong>Duisburg:<\/strong> Linken-Fraktionsvorstand Dierkes hetzt gegen Journalisten von taz und Neues Deutschland &#8230; <a href=\"http:\/\/www.ruhrbarone.de\/duisburg-linkspartei-funktionaer-dierkes-hetzt-gegen-journalisten-von-taz-und-neues-deutschland\/74859\" target=\"_blank\">ruhrbarone<\/a><\/p>\n<p><strong>Kita-Card beantragt:<\/strong> In den St\u00e4dten Arnsberg und Soest sowie im Landkreis Soest gibt es sie bereits &#8230; <a href=\"http:\/\/sbl-fraktion.de\/?p=3963\" target=\"_blank\">sbl<\/a><\/p>\n<p><strong>Windkraft:<\/strong> B\u00fcrgermeinung in Medebach gefragt &#8230; <a href=\"http:\/\/www.derwesten.de\/staedte\/nachrichten-aus-winterberg-medebach-und-hallenberg\/windkraft-buergermeinung-in-medebach-gefragt-id9053938.html\" target=\"_blank\">derwesten<\/a><\/p>\n","protected":false},"excerpt":{"rendered":"<p>Was vom Monat \u00fcbrig blieb: Das war der Februar &#8230; revierpassagen H\u00e4megobelin: Wegen Gesch\u00e4ftsaufgabe geschlossen &#8230; endoplast Matthias Matusseks Niedergang: keinen Anstand f\u00fcr f\u00fcnf Pfennig &#8230; nesselsetzer Schavan in den &hellip; <a href=\"https:\/\/www.schiebener.net\/wordpress\/umleitung-von-matusseks-niedergang-bis-zur-windkraft-in-medebach-und-mehr\/\" class=\"more-link\"><span class=\"screen-reader-text\">\u201eUmleitung: von Matusseks Niedergang bis zur Windkraft in Medebach und mehr.\u201c <\/span>weiterlesen<\/a><\/p>\n","protected":false},"author":3,"featured_media":0,"comment_status":"open","ping_status":"open","sticky":false,"template":"","format":"standard","meta":{"footnotes":""},"categories":[3,533,674,80,32,2782,379,549],"tags":[4615,250,4831,4246,4847,4846,4849,4848,4837],"class_list":["post-27654","post","type-post","status-publish","format-standard","hentry","category-bildung-und-schule","category-europa","category-kultur","category-lokales","category-medien","category-satire","category-umleitung","category-umwelt","tag-annette-schavan","tag-bloggerinnen","tag-edathy","tag-funke-gruppe","tag-kita-card","tag-matthias-matussek","tag-nsu","tag-turbo-abitur","tag-ukraine"],"_links":{"self":[{"href":"https:\/\/www.schiebener.net\/wordpress\/wp-json\/wp\/v2\/posts\/27654","targetHints":{"allow":["GET"]}}],"collection":[{"href":"https:\/\/www.schiebener.net\/wordpress\/wp-json\/wp\/v2\/posts"}],"about":[{"href":"https:\/\/www.schiebener.net\/wordpress\/wp-json\/wp\/v2\/types\/post"}],"author":[{"embeddable":true,"href":"https:\/\/www.schiebener.net\/wordpress\/wp-json\/wp\/v2\/users\/3"}],"replies":[{"embeddable":true,"href":"https:\/\/www.schiebener.net\/wordpress\/wp-json\/wp\/v2\/comments?post=27654"}],"version-history":[{"count":0,"href":"https:\/\/www.schiebener.net\/wordpress\/wp-json\/wp\/v2\/posts\/27654\/revisions"}],"wp:attachment":[{"href":"https:\/\/www.schiebener.net\/wordpress\/wp-json\/wp\/v2\/media?parent=27654"}],"wp:term":[{"taxonomy":"category","embeddable":true,"href":"https:\/\/www.schiebener.net\/wordpress\/wp-json\/wp\/v2\/categories?post=27654"},{"taxonomy":"post_tag","embeddable":true,"href":"https:\/\/www.schiebener.net\/wordpress\/wp-json\/wp\/v2\/tags?post=27654"}],"curies":[{"name":"wp","href":"https:\/\/api.w.org\/{rel}","templated":true}]}}