{"id":27530,"date":"2014-02-18T20:14:57","date_gmt":"2014-02-18T19:14:57","guid":{"rendered":"http:\/\/www.schiebener.net\/wordpress\/?p=27530"},"modified":"2014-02-18T20:14:57","modified_gmt":"2014-02-18T19:14:57","slug":"afa-nrw-ralf-wiegelmann-zieht-erneut-in-den-bundesausschuss-in-berlin-ein","status":"publish","type":"post","link":"https:\/\/www.schiebener.net\/wordpress\/afa-nrw-ralf-wiegelmann-zieht-erneut-in-den-bundesausschuss-in-berlin-ein\/","title":{"rendered":"AfA-NRW: Ralf Wiegelmann zieht erneut in den Bundesausschuss in Berlin ein"},"content":{"rendered":"<figure id=\"attachment_27531\" aria-describedby=\"caption-attachment-27531\" style=\"width: 503px\" class=\"wp-caption aligncenter\"><img loading=\"lazy\" decoding=\"async\" class=\"wp-image-27531  \" title=\"Ralf Wiegelmann\" alt=\"Ralf Wiegelmann\" src=\"http:\/\/www.schiebener.net\/wordpress\/wp-content\/uploads\/2014\/02\/AfAWiegelmann20140218.jpg\" width=\"503\" height=\"456\" srcset=\"https:\/\/www.schiebener.net\/wordpress\/wp-content\/uploads\/2014\/02\/AfAWiegelmann20140218.jpg 629w, https:\/\/www.schiebener.net\/wordpress\/wp-content\/uploads\/2014\/02\/AfAWiegelmann20140218-300x271.jpg 300w\" sizes=\"auto, (max-width: 503px) 85vw, 503px\" \/><figcaption id=\"caption-attachment-27531\" class=\"wp-caption-text\">Ralf Wiegelmann AfA-SPD (foto: spd)<\/figcaption><\/figure>\n<p><strong>Dortmund\/Hochsauerlandkreis. (afa_pm) Im Rahmen der ordentlichen Landeskonferenz der Arbeitsgemeinschaft f\u00fcr Arbeitnehmerfragen der NRW-SPD am 8. Februar in Dortmund wurde Ralf Wiegelmann mit 83,9 % Zustimmung erneut in den AfA-Bundesausschuss gew\u00e4hlt.<\/strong><\/p>\n<p>Er vertritt somit in der Wahlperiode 2014\/2015 erneut die Interessen der nordrhein-westf\u00e4lischen Arbeitnehmerschaft in Berlin. Dies sei ein sehr gro\u00dfer Vertrauensvorschuss f\u00fcr seine Arbeit in Berlin, so Ralf Wiegelmann, Mitglied im AfA-Bundesausschuss.<\/p>\n<p>Ebenfalls positiv sind nach Meinung der AfA-HSK die Delegiertenwahlen f\u00fcr die Sauerl\u00e4nder w\u00e4hrend der Landeskonferenz verlaufen. Mit den stellvertretenen Unterbezirksvorsitzenden Werner Merse, Gisbert Pohl und Pressesprecherin Irma Buschmann erhielten drei Delegierte aus dem Hochsauerlandkreis einen Platz in der Bundeskonferenz in Leipzig.<\/p>\n<p>Vervollst\u00e4ndigt wird die Sauerl\u00e4nder-Delegation zum einen durch Sascha Beele (\u00fcber die Reserveliste) und zum anderen durch Ralf Wiegelmann, Mitglied des AfA-Bundesausschusses.<\/p>\n<p>Auf der Landeskonferenz wurden dar\u00fcber hinaus zwei Antr\u00e4ge der AfA-Hochsauerlandkreis mit 93% Zustimmung angenommen:<\/p>\n<ul>\n<li>Konnexit\u00e4t muss kommunale Haushalte st\u00e4rken<\/li>\n<li>Regulierung der Leiharbeit &#8211; Arbeit sicher und fair gestalten<\/li>\n<\/ul>\n<p>Weitere Informationen zur AfA-Hochsauerlandkreis unter <a href=\"http:\/\/www.afa-hsk.de\" target=\"_blank\">www.afa-hsk.de<\/a> oder auf Facebook: <a href=\"https:\/\/www.facebook.com\/AfAHSK \" target=\"_blank\">https:\/\/www.facebook.com\/AfAHSK<br \/>\n<\/a><\/p>\n","protected":false},"excerpt":{"rendered":"<p>Dortmund\/Hochsauerlandkreis. (afa_pm) Im Rahmen der ordentlichen Landeskonferenz der Arbeitsgemeinschaft f\u00fcr Arbeitnehmerfragen der NRW-SPD am 8. Februar in Dortmund wurde Ralf Wiegelmann mit 83,9 % Zustimmung erneut in den AfA-Bundesausschuss gew\u00e4hlt. &hellip; <a href=\"https:\/\/www.schiebener.net\/wordpress\/afa-nrw-ralf-wiegelmann-zieht-erneut-in-den-bundesausschuss-in-berlin-ein\/\" class=\"more-link\"><span class=\"screen-reader-text\">\u201eAfA-NRW: Ralf Wiegelmann zieht erneut in den Bundesausschuss in Berlin ein\u201c <\/span>weiterlesen<\/a><\/p>\n","protected":false},"author":17,"featured_media":0,"comment_status":"open","ping_status":"open","sticky":false,"template":"","format":"standard","meta":{"footnotes":""},"categories":[303,24,1043],"tags":[4057,655,4682],"class_list":["post-27530","post","type-post","status-publish","format-standard","hentry","category-in-unserem-briefkasten","category-politik","category-pressemitteilungen","tag-afa-hochsauerlandkreis","tag-pressemitteilung","tag-spd-hsk"],"_links":{"self":[{"href":"https:\/\/www.schiebener.net\/wordpress\/wp-json\/wp\/v2\/posts\/27530","targetHints":{"allow":["GET"]}}],"collection":[{"href":"https:\/\/www.schiebener.net\/wordpress\/wp-json\/wp\/v2\/posts"}],"about":[{"href":"https:\/\/www.schiebener.net\/wordpress\/wp-json\/wp\/v2\/types\/post"}],"author":[{"embeddable":true,"href":"https:\/\/www.schiebener.net\/wordpress\/wp-json\/wp\/v2\/users\/17"}],"replies":[{"embeddable":true,"href":"https:\/\/www.schiebener.net\/wordpress\/wp-json\/wp\/v2\/comments?post=27530"}],"version-history":[{"count":0,"href":"https:\/\/www.schiebener.net\/wordpress\/wp-json\/wp\/v2\/posts\/27530\/revisions"}],"wp:attachment":[{"href":"https:\/\/www.schiebener.net\/wordpress\/wp-json\/wp\/v2\/media?parent=27530"}],"wp:term":[{"taxonomy":"category","embeddable":true,"href":"https:\/\/www.schiebener.net\/wordpress\/wp-json\/wp\/v2\/categories?post=27530"},{"taxonomy":"post_tag","embeddable":true,"href":"https:\/\/www.schiebener.net\/wordpress\/wp-json\/wp\/v2\/tags?post=27530"}],"curies":[{"name":"wp","href":"https:\/\/api.w.org\/{rel}","templated":true}]}}