{"id":27525,"date":"2014-02-18T19:33:04","date_gmt":"2014-02-18T18:33:04","guid":{"rendered":"http:\/\/www.schiebener.net\/wordpress\/?p=27525"},"modified":"2014-02-18T19:33:04","modified_gmt":"2014-02-18T18:33:04","slug":"einfuehrung-und-errichtung-von-sekundarschulen-nicht-ueberall-erfolgreich","status":"publish","type":"post","link":"https:\/\/www.schiebener.net\/wordpress\/einfuehrung-und-errichtung-von-sekundarschulen-nicht-ueberall-erfolgreich\/","title":{"rendered":"Einf\u00fchrung und Errichtung von Sekundarschulen nicht \u00fcberall erfolgreich"},"content":{"rendered":"<figure id=\"attachment_20374\" aria-describedby=\"caption-attachment-20374\" style=\"width: 782px\" class=\"wp-caption aligncenter\"><img loading=\"lazy\" decoding=\"async\" class=\" wp-image-20374  \" title=\"Infoveranstaltung 2012\" alt=\"\u00dcber 200 Eltern informierten im Jahr 2012 in der Grundschule unter dem Regenbogen \u00fcber Konzeption und Inhalte der Sekundarschule (foto: stadtmeschede)\" src=\"http:\/\/www.schiebener.net\/wordpress\/wp-content\/uploads\/2012\/09\/sekundarschulemeschede01.png\" width=\"782\" height=\"329\" srcset=\"https:\/\/www.schiebener.net\/wordpress\/wp-content\/uploads\/2012\/09\/sekundarschulemeschede01.png 1304w, https:\/\/www.schiebener.net\/wordpress\/wp-content\/uploads\/2012\/09\/sekundarschulemeschede01-300x126.png 300w, https:\/\/www.schiebener.net\/wordpress\/wp-content\/uploads\/2012\/09\/sekundarschulemeschede01-1024x430.png 1024w\" sizes=\"auto, (max-width: 709px) 85vw, (max-width: 909px) 67vw, (max-width: 984px) 61vw, (max-width: 1362px) 45vw, 600px\" \/><figcaption id=\"caption-attachment-20374\" class=\"wp-caption-text\">\u00dcber 200 Eltern informierten sich schon 2012 in der Grundschule unter dem Regenbogen \u00fcber Konzeption und Inhalte der Sekundarschule (foto: stadtmeschede)<\/figcaption><\/figure>\n<p><strong>Nicht \u00fcberall in NRW findet die neue Schulform &#8222;Sekundarschule&#8220; die Zustimmung der Eltern. Neben Paderborn scheiterte der Versuch die &#8222;Gesamtschule light&#8220; einzuf\u00fchren beispielsweise auch in Erntebr\u00fcck-Bad Laasphe und in Meschede.<\/strong><\/p>\n<p>In der Nachbargemeinde von Meschede, Bestwig, hat die Gemeindeverwaltung ihr angestrebtes Ziel erreicht. Die Anmeldezahlen reichten. Dort kann also die neue Schule als Teilstandort der bereits bestehenden Sekundarschule Olsberg im Schuljahr 2014\/15 an den Start gehen.<\/p>\n<p>Schlie\u00dflich blieb Verantwortlichen und Eltern auch fast gar nichts anderes \u00fcbrig als &#8222;Ja&#8220; zu sagen; denn die Bezirksregierung Arnsberg hatte die Weiterf\u00fchrung der in Bestwig bestehenden beiden Schulen (Hauptschule und Realschule) nicht mehr genehmigt.<\/p>\n<p>Ganz anders gestaltet sich die Situation in Meschede. Im Gebiet der Kreisstadt bestehen noch mehrere Hauptschulen, Realschulen und Gymnasien nebeneinander. Der Versuch eine Sekundarschule einzuf\u00fchren scheiterte schon einmal im Jahr 2012. Damals, w\u00e4hrend einer Info-Veranstaltung, wurde deutlich, dass manche M\u00fctter Vorbehalte gegen den nachmitt\u00e4glichen Schulunterricht haben: &#8222;Unsere Kinder sollen mittags Zuhause sein!&#8220;<\/p>\n<p>Ob aus diesen oder \u00e4hnlichen Gr\u00fcnden auch der erneute Anlauf zur Sekundarschule in Meschede nicht klappte, wissen wir nicht. Wir erfuhren bisher nur aus der Presse, dass anstatt der mindestens 75 Kinder, die f\u00fcr eine Sekundarschul-Gr\u00fcndung erforderlich sind, in Meschede lediglich 32 M\u00e4dchen und Jungen angemeldet wurden.<\/p>\n<p>Nun stellt sich die Frage, ob die Eltern mit dem alten Schulangebot so zufrieden sind, dass sie keinen \u00c4nderungsbedarf haben, oder ob doch bald mehr Stimmen nach der Errichtung einer Gesamtschule laut werden? Und da liegt der Ball auch beim Hochsauerlandkreis. Der HSK ist rechtlich verpflichtet, eine Gesamtschule einzuf\u00fchren, sofern es keine Kommune im Kreisgebiet tut.<\/p>\n<p>Ohne eine gut erreichbare Gesamtschule gibt es keine Wahlfreiheit und nicht gen\u00fcgend schulische Vielfalt. Nicht grundlos fahren t\u00e4glich weit \u00fcber 100 Kinder aus Brilon zur n\u00e4chst gelegenen Gesamtschule ins hessische Willingen. Auch aus Neheim fahren Sch\u00fclerinnen und Schuler \u00fcber die Kreisgrenze zur Gesamtschule nach Fr\u00f6ndenberg, aus Medebach nach Goddelsheim. Deutlicher k\u00f6nnen Eltern doch ihren Wunsch nach dieser Schulform nicht zeigen.<\/p>\n<p>Wann gibt der Hochsauerlandkreis, wann geben die St\u00e4dte und Gemeinden hier endlich die Blockade-Haltung gegen die Gesamtschule auf? Nur die Gesamtschule ist &#8222;Eine Schule f\u00fcr alle&#8220;, und genau die brauchen wir auch im Sauerland, neben anderen Schulformen.<\/p>\n<p>PS: Ob die Anmeldezahlen f\u00fcr die neue Sekundarschule in Brilon ausreichen, das wissen wir noch nicht. Im weltweiten Netz steht, die Anmeldefrist sei verl\u00e4ngert worden.<\/p>\n","protected":false},"excerpt":{"rendered":"<p>Nicht \u00fcberall in NRW findet die neue Schulform &#8222;Sekundarschule&#8220; die Zustimmung der Eltern. Neben Paderborn scheiterte der Versuch die &#8222;Gesamtschule light&#8220; einzuf\u00fchren beispielsweise auch in Erntebr\u00fcck-Bad Laasphe und in Meschede. &hellip; <a href=\"https:\/\/www.schiebener.net\/wordpress\/einfuehrung-und-errichtung-von-sekundarschulen-nicht-ueberall-erfolgreich\/\" class=\"more-link\"><span class=\"screen-reader-text\">\u201eEinf\u00fchrung und Errichtung von Sekundarschulen nicht \u00fcberall erfolgreich\u201c <\/span>weiterlesen<\/a><\/p>\n","protected":false},"author":25,"featured_media":0,"comment_status":"open","ping_status":"open","sticky":false,"template":"","format":"standard","meta":{"footnotes":""},"categories":[3,80,24],"tags":[2001,2896],"class_list":["post-27525","post","type-post","status-publish","format-standard","hentry","category-bildung-und-schule","category-lokales","category-politik","tag-gesamtschule","tag-sekundarschule"],"_links":{"self":[{"href":"https:\/\/www.schiebener.net\/wordpress\/wp-json\/wp\/v2\/posts\/27525","targetHints":{"allow":["GET"]}}],"collection":[{"href":"https:\/\/www.schiebener.net\/wordpress\/wp-json\/wp\/v2\/posts"}],"about":[{"href":"https:\/\/www.schiebener.net\/wordpress\/wp-json\/wp\/v2\/types\/post"}],"author":[{"embeddable":true,"href":"https:\/\/www.schiebener.net\/wordpress\/wp-json\/wp\/v2\/users\/25"}],"replies":[{"embeddable":true,"href":"https:\/\/www.schiebener.net\/wordpress\/wp-json\/wp\/v2\/comments?post=27525"}],"version-history":[{"count":0,"href":"https:\/\/www.schiebener.net\/wordpress\/wp-json\/wp\/v2\/posts\/27525\/revisions"}],"wp:attachment":[{"href":"https:\/\/www.schiebener.net\/wordpress\/wp-json\/wp\/v2\/media?parent=27525"}],"wp:term":[{"taxonomy":"category","embeddable":true,"href":"https:\/\/www.schiebener.net\/wordpress\/wp-json\/wp\/v2\/categories?post=27525"},{"taxonomy":"post_tag","embeddable":true,"href":"https:\/\/www.schiebener.net\/wordpress\/wp-json\/wp\/v2\/tags?post=27525"}],"curies":[{"name":"wp","href":"https:\/\/api.w.org\/{rel}","templated":true}]}}