{"id":27258,"date":"2014-01-30T22:52:51","date_gmt":"2014-01-30T21:52:51","guid":{"rendered":"http:\/\/www.schiebener.net\/wordpress\/?p=27258"},"modified":"2014-01-30T23:05:37","modified_gmt":"2014-01-30T22:05:37","slug":"umleitung-bei-0-c-mit-dem-rad-zur-arbeit-ist-kein-thema-sondern-luther-nellius-nsu-wintersport-in-winterberg-und-mehr","status":"publish","type":"post","link":"https:\/\/www.schiebener.net\/wordpress\/umleitung-bei-0-c-mit-dem-rad-zur-arbeit-ist-kein-thema-sondern-luther-nellius-nsu-wintersport-in-winterberg-und-mehr\/","title":{"rendered":"Umleitung: Bei 0\u00b0 C mit dem Rad zur Arbeit ist kein Thema, sondern Luther, Nellius, NSU, dr\u00f6ge Zeiten, Wintersport in Winterberg und mehr."},"content":{"rendered":"<figure id=\"attachment_27259\" aria-describedby=\"caption-attachment-27259\" style=\"width: 246px\" class=\"wp-caption alignleft\"><a href=\"http:\/\/www.schiebener.net\/wordpress\/wp-content\/uploads\/2014\/01\/radfahren20140130.jpg\"><img loading=\"lazy\" decoding=\"async\" class=\" wp-image-27259  \" title=\"Radfahren L 742\" alt=\"In der D\u00e4mmerung auf dem Heimweg: 0\u00b0C, trocken (foto: zoom)\" src=\"http:\/\/www.schiebener.net\/wordpress\/wp-content\/uploads\/2014\/01\/radfahren20140130.jpg\" width=\"246\" height=\"268\" srcset=\"https:\/\/www.schiebener.net\/wordpress\/wp-content\/uploads\/2014\/01\/radfahren20140130.jpg 512w, https:\/\/www.schiebener.net\/wordpress\/wp-content\/uploads\/2014\/01\/radfahren20140130-275x300.jpg 275w\" sizes=\"auto, (max-width: 246px) 85vw, 246px\" \/><\/a><figcaption id=\"caption-attachment-27259\" class=\"wp-caption-text\">In der D\u00e4mmerung auf dem Heimweg: 0\u00b0C, trocken (foto: zoom)<\/figcaption><\/figure>\n<p><strong>Tagebuch 30.01.2014:<\/strong> Von Inhalten, ernsten Aussagen, Content, Scheininhalten und Inhaltsleere &#8230; <a href=\"http:\/\/www.endoplast.de\/2014\/01\/30\/tagebuch-30-01-2014-von-inhalten-ernstzunehmenden-aussagen-content-scheininhalten-und-inhaltsleere\/\" target=\"_blank\">endoplast<\/a><\/p>\n<p><strong>Theorien, Modelle, Experimente 2\/3:<\/strong> Naturgesetze [Updated] &#8230; <a href=\"http:\/\/www.scilogs.de\/relativ-einfach\/theorien-modelle-experimente-23-naturgesetze\/\" target=\"_blank\">scilogs<\/a><\/p>\n<p><strong>Die Schattenseiten des Martin Luther:<\/strong> Allgemein wird das Bild des Reformators auch von den meisten Nicht-Protestanten eher positiv gesehen, zumindest finden kritische Einw\u00e4nde zu seinem Denken und Wirken nur geringe \u00f6ffentliche Aufmerksamkeit &#8230; <a href=\"http:\/\/hpd.de\/node\/17681\" target=\"_blank\">hpd<\/a><\/p>\n<p><strong>NSA, NSU und \u00fcberhaupt:<\/strong> Andreas Temme &#8211; \u00fcber all die Jahre keine Widerspr\u00fcche, nichts dergleichen \u2013 und dennoch: man glaubt ihm einfach nicht &#8230; <a href=\"http:\/\/www.jurga.de\/420.html\" target=\"_blank\">jurga<\/a><\/p>\n<p><strong>Gewalt gegen Kinder:<\/strong> Fehler im Schutzsystem &#8230; <a href=\"http:\/\/www.deutschlandradiokultur.de\/gewalt-fehler-im-schutzsystem.954.de.html?dram:article_id=276160\" target=\"_blank\">drkultur<\/a><\/p>\n<p><strong>Die Manipulation des Monats:<\/strong> Atypische Besch\u00e4ftigung dr\u00e4ngt normale Arbeitsverh\u00e4ltnisse nicht zur\u00fcck? &#8230; <a href=\"http:\/\/www.nachdenkseiten.de\/?p=20443\" target=\"_blank\">nachdenkseiten<\/a><\/p>\n<p><strong>Konservative in der Konservendose II:<\/strong> mit der massiven moralischen Ver\u00e4nderung der Gesellschaft verlieren sich vermeintliche Moralh\u00fcter zunehmend in abwegigere Vergleiche und Gr\u00fcnde f\u00fcr das Festhalten an ihren \u201ceinzig wahren\u201d Moralthesen &#8230; <a href=\"http:\/\/nesselsetzer.wordpress.com\/2014\/01\/30\/konservative-in-der-konservendose-ii\/\" target=\"_blank\">nesselsetzer<\/a><\/p>\n<p><strong>Diskussionsabend des DJV-NRW:<\/strong> Dr\u00f6ge Zeiten &#8211; Ein Jahr westf\u00e4lische Medien-Einfalt &#8230; <a href=\"http:\/\/www.djv-nrw.de\/startseite\/info\/aktuell\/online-meldungen\/details\/article\/3780.html\" target=\"_blank\">djv<\/a><\/p>\n<p><strong>Dr\u00f6ge Zeiten:<\/strong> Ein Jahr Medieneinfalt &#8230; <a href=\"http:\/\/charlyandfriends.blogspot.de\/2014\/01\/droge-zeiten-ein-jahr-medieneinfalt.html\" target=\"_blank\">charly&#038;friends<\/a><\/p>\n<p><strong>Journalistin R\u00f6pke klagt gegen VS-Alltagsspionage:<\/strong> Die renommierte Fachjournalistin und Buchautorin Andrea R\u00f6pke war vom Inlandsgeheimdienst mindestens sechs Jahre rechtswidrig beobachtet worden &#8230; <a href=\"http:\/\/www.publikative.org\/2014\/01\/30\/journalistin-roepke-klagt-gegen-vs-alltagsspionage\/\" target=\"_blank\">publikative<\/a><\/p>\n<p><strong>Der gr\u00f6\u00dfte Sanierungsfall Deutschlands:<\/strong> Dem Ruhrgebiet fehlt die Kraft zum Umsteuern &#8230; <a href=\"http:\/\/post-von-horn.de\/2014\/01\/30\/dem-ruhrgebiet-fehlt-die-kraft-zum-umsteuern\/\" target=\"_blank\">postvonhorn<\/a><\/p>\n<p><strong>Sind Schulden wirklich lobenswert?<\/strong> Ein Buch wirft Fragen auf &#8230; <a href=\"http:\/\/www.revierpassagen.de\/23173\/sind-schulden-lobenswert-ein-essay-wirft-fragen-auf\/20140129_1619\" target=\"_blank\">revierpassagen<\/a><\/p>\n<p><strong>Wimbern im Sauerland:<\/strong> Widerstand gegen ein Heim &#8211; 830 Einwohner, 500 Asylbewerber &#8230; <a href=\"http:\/\/www.faz.net\/aktuell\/politik\/inland\/widerstand-gegen-ein-heim-830-einwohner-500-asylbewerber-12773957.html\" target=\"_blank\">faz<\/a><\/p>\n<p><strong>Zinswetten-Desaster:<\/strong> Verwaltungsspitze verzockt das Geld der Hagener B\u00fcrger &#8230; <a href=\"http:\/\/doppelwacholder.wordpress.com\/2014\/01\/30\/juristen-aus-fraktionen-diskutieren-uber-zinswetten-desaster\/\" target=\"_blank\">doppelwacholder<\/a><\/p>\n<p><strong>Jazzclub Arnsberg:<\/strong> Konzerte bis Juni 2014 &#8230; <a href=\"http:\/\/www.neheims-netz.de\/?p=6745\" target=\"_blank\">neheimsnetz<\/a><\/p>\n<p><strong>RWE-Aktien &#8222;\u00f6kologisch und \u00f6konomisch falsch&#8220;:<\/strong> Auch im HSK wird die Diskussion weitergehen, sp\u00e4testens dann, wenn der Landrat dem Kreistag in einigen Wochen erkl\u00e4ren muss, wieso nun eine Abwertung der RWE-Aktien in der Bilanz des Kreises um etwa 250 \u2013 300 Mio Euro erforderlich wird &#8230; <a href=\"http:\/\/sbl-fraktion.de\/?p=3855\" target=\"_blank\">sbl<\/a><\/p>\n<p><strong>Sundern:<\/strong> &#8222;Nelliusstra\u00dfe \u2013 das geht nicht mehr&#8220; &#8230; <a href=\"http:\/\/www.derwesten.de\/staedte\/sundern\/nelliusstrasse-das-geht-nicht-mehr-id8931705.html\" target=\"_blank\">derwesten<\/a><\/p>\n<p><strong>Wintersport in Winterberg:<\/strong> Langl\u00e4ufer sollen f\u00fcr Loipen rund um Winterberg freiwillig zahlen &#8230; <a href=\"http:\/\/www.derwesten.de\/staedte\/nachrichten-aus-winterberg-medebach-und-hallenberg\/langlaeufer-sollen-fuer-loipen-rund-um-winterberg-freiwillig-zahlen-id8931589.html\" target=\"_blank\">derwesten<\/a><\/p>\n","protected":false},"excerpt":{"rendered":"<p>Tagebuch 30.01.2014: Von Inhalten, ernsten Aussagen, Content, Scheininhalten und Inhaltsleere &#8230; endoplast Theorien, Modelle, Experimente 2\/3: Naturgesetze [Updated] &#8230; scilogs Die Schattenseiten des Martin Luther: Allgemein wird das Bild des &hellip; <a href=\"https:\/\/www.schiebener.net\/wordpress\/umleitung-bei-0-c-mit-dem-rad-zur-arbeit-ist-kein-thema-sondern-luther-nellius-nsu-wintersport-in-winterberg-und-mehr\/\" class=\"more-link\"><span class=\"screen-reader-text\">\u201eUmleitung: Bei 0\u00b0 C mit dem Rad zur Arbeit ist kein Thema, sondern Luther, Nellius, NSU, dr\u00f6ge Zeiten, Wintersport in Winterberg und mehr.\u201c <\/span>weiterlesen<\/a><\/p>\n","protected":false},"author":3,"featured_media":0,"comment_status":"open","ping_status":"open","sticky":false,"template":"","format":"standard","meta":{"footnotes":""},"categories":[3182,319,674,80,32,27,5,46,24,49,379,618],"tags":[776,2010,4715,607],"class_list":["post-27258","post","type-post","status-publish","format-standard","hentry","category-finanzen","category-geschichte","category-kultur","category-lokales","category-medien","category-musik","category-naturwissenschaft","category-philosophie","category-politik","category-religion","category-umleitung","category-verkehr","tag-djv","tag-martin-luther","tag-nellius","tag-rwe-aktien"],"_links":{"self":[{"href":"https:\/\/www.schiebener.net\/wordpress\/wp-json\/wp\/v2\/posts\/27258","targetHints":{"allow":["GET"]}}],"collection":[{"href":"https:\/\/www.schiebener.net\/wordpress\/wp-json\/wp\/v2\/posts"}],"about":[{"href":"https:\/\/www.schiebener.net\/wordpress\/wp-json\/wp\/v2\/types\/post"}],"author":[{"embeddable":true,"href":"https:\/\/www.schiebener.net\/wordpress\/wp-json\/wp\/v2\/users\/3"}],"replies":[{"embeddable":true,"href":"https:\/\/www.schiebener.net\/wordpress\/wp-json\/wp\/v2\/comments?post=27258"}],"version-history":[{"count":0,"href":"https:\/\/www.schiebener.net\/wordpress\/wp-json\/wp\/v2\/posts\/27258\/revisions"}],"wp:attachment":[{"href":"https:\/\/www.schiebener.net\/wordpress\/wp-json\/wp\/v2\/media?parent=27258"}],"wp:term":[{"taxonomy":"category","embeddable":true,"href":"https:\/\/www.schiebener.net\/wordpress\/wp-json\/wp\/v2\/categories?post=27258"},{"taxonomy":"post_tag","embeddable":true,"href":"https:\/\/www.schiebener.net\/wordpress\/wp-json\/wp\/v2\/tags?post=27258"}],"curies":[{"name":"wp","href":"https:\/\/api.w.org\/{rel}","templated":true}]}}