{"id":2720,"date":"2009-03-24T23:26:12","date_gmt":"2009-03-24T22:26:12","guid":{"rendered":"http:\/\/www.schiebener.net\/wordpress\/?p=2720"},"modified":"2009-03-26T17:23:17","modified_gmt":"2009-03-26T16:23:17","slug":"ennepe-ruhr-kreis-zeitungsvielfalt-gefahrdet","status":"publish","type":"post","link":"https:\/\/www.schiebener.net\/wordpress\/ennepe-ruhr-kreis-zeitungsvielfalt-gefahrdet\/","title":{"rendered":"Ennepe-Ruhr-Kreis &#8211; Zeitungsvielfalt gef\u00e4hrdet"},"content":{"rendered":"<p><img loading=\"lazy\" decoding=\"async\" class=\"alignleft size-full wp-image-2182\" title=\"In meinem Briefkasten\" src=\"http:\/\/www.schiebener.net\/wordpress\/wp-content\/uploads\/2009\/02\/lt_briefkasten01.jpg\" alt=\"In meinem Briefkasten\" width=\"120\" height=\"91\" \/><\/p>\n<p class=\"header\"><strong>Zeitungsvielfalt im Kreis gef\u00e4hrdet &#8211; Diskussionsrunde im Kreishaus: <\/strong>Die Situation der Medien im Ennepe-Ruhr-Kreis wird am Dientag, 31. M\u00e4rz, ab 19.30 Uhr Thema im Schwelmer Kreishaus, Hauptstr. 92 sein. Dann laden die beiden Journalistengewerkschaften DJV und dju in ver.di alle Interessierten zu einer Diskussionsveranstaltung ein.<\/p>\n<blockquote>\n<div class=\"header\"><a href=\"http:\/\/www.presse-service.de\/data.cfm\/static\/724822.html\" target=\"_blank\">(pen) \u00e2\u20ac\u017eBedauerlicherweise ist<\/a> dies wohl das letzte Jahrespressegespr\u00e4ch der Kreisverwaltung und der Kreispolizeibeh\u00f6rde, das in diesem Rahmen stattfindet. Wir m\u00fcssen uns darauf einstellen, dass sich die Zahl der Tageszeitungen mit komplett eigenst\u00e4ndigen Lokalausgaben im Ennepe-Ruhr-Kreis in n\u00e4chster Zeit verkleinern wird.\u00e2\u20ac\u0153 Ingo Niemann, Pressesprecher des Ennepe-Ruhr-Kreises, sieht diese Entwicklung mit Sorge. \u00e2\u20ac\u017eDie Medien- und Meinungsvielfalt wird abnehmen.\u00e2\u20ac\u0153<\/div>\n<h4 class=\"mceTemp mceIEcenter\">\n<dl id=\"attachment_2721\" class=\"wp-caption aligncenter\" style=\"width: 460px;\">\n<dt class=\"wp-caption-dt\"><img loading=\"lazy\" decoding=\"async\" class=\"size-full wp-image-2721\" title=\"Up, up and away - Arbeitspl\u00e4tze und Zeitungsredaktionen\" src=\"http:\/\/www.schiebener.net\/wordpress\/wp-content\/uploads\/2009\/03\/soestballon01.jpg\" alt=\"Up, up and away - Arbeitspl\u00e4tze und Zeitungsredaktionen\" width=\"450\" height=\"299\" srcset=\"https:\/\/www.schiebener.net\/wordpress\/wp-content\/uploads\/2009\/03\/soestballon01.jpg 450w, https:\/\/www.schiebener.net\/wordpress\/wp-content\/uploads\/2009\/03\/soestballon01-300x199.jpg 300w\" sizes=\"auto, (max-width: 450px) 85vw, 450px\" \/><\/dt>\n<dd class=\"wp-caption-dd\">Up, up and away &#8211; Arbeitspl\u00e4tze und Zeitungsredaktionen<\/dd>\n<\/dl>\n<\/h4>\n<p>Hintergrund der Bef\u00fcrchtung ist die Umstrukturierung, die die WAZ-Mediengruppe momentan plant. Das Essener Unternehmen, dass im Ennepe-Ruhr-Kreis die Tageszeitungen Westf\u00e4lische Rundschau, Westfalenpost und Westdeutsche Allgemeine Zeitung herausgibt, will nach eigenen Angaben 300 Redakteursstellen in Mantel- und Lokalredaktionen abbauen. <!--more-->Zudem stehen Lokalredaktionen in den St\u00e4dten vor dem Aus, in denen bisher zwei eigenst\u00e4ndige und voneinander unabh\u00e4ngige Redaktionen \u00fcber das Tagesgeschehen berichtet haben. \u00e2\u20ac\u017eDoppelstandorte wird es in der bisherigen Form nicht mehr geben. F\u00fcr den Ennepe-Ruhr-Kreis k\u00f6nnte dies das Aus f\u00fcr Lokalredaktionen in Ennepetal, Gevelsberg, Herdecke, Schwelm und Wetter bedeuten. Vermutlich d\u00fcrfte es die Kollegen der Westfalenpost treffen. Die genannten St\u00e4dte sind damit auf dem schlechten Weg \u00b4Ein-Lokalzeitungs-St\u00e4dte\u00b4 zu werden\u00e2\u20ac\u0153, skizziert Niemann die Folgen der Sparpl\u00e4ne. Einzig Sprockh\u00f6vel und Witten k\u00f6nnten als Standorte zweier unabh\u00e4ngiger Lokalredaktionen (WAZ\/Westdeutsche Zeitung bzw. WAZ\/WR und Ruhr-Nachrichten) erhalten bleiben.<\/p>\n<p>Die Situation der Medien im Ennepe-Ruhr-Kreis wird am Dientag, 31. M\u00e4rz, ab 19.30 Uhr Thema im Schwelmer Kreishaus, Hauptstr. 92 sein. Dann laden die beiden Journalistengewerkschaften DJV und dju in ver.di alle Interessierten zu einer Diskussionsveranstaltung ein. Es geht u a. darum, wie die Lokalzeitungen in Zukunft aussehen, welche Auswirkungen die Sparpl\u00e4ne auf Vereine, Kommunen und Unternehmen haben und welche Konzepte es bei den betroffenen Tageszeitungen gibt. Rede und Antwort stehen Malte Hinz (Chefredakteur der Westf\u00e4lischen Rundschau), der Landtagsabgeordnete Hubertus Kramer, Heinz-Gerd L\u00fctzenberger (stv. Betriebsratsvorsitzender der Westfalenpost), Medienwissenschaftler Horst R\u00f6per, Volkmar Kah (WR-Redakteur und stv. Landesvorsitzender des DJV) sowie Bodo Zapp (Chefredakteur der Westfalenpost). Der Eintritt ist frei.<\/p><\/blockquote>\n","protected":false},"excerpt":{"rendered":"<p>Zeitungsvielfalt im Kreis gef\u00e4hrdet &#8211; Diskussionsrunde im Kreishaus: Die Situation der Medien im Ennepe-Ruhr-Kreis wird am Dientag, 31. M\u00e4rz, ab 19.30 Uhr Thema im Schwelmer Kreishaus, Hauptstr. 92 sein. Dann &hellip; <a href=\"https:\/\/www.schiebener.net\/wordpress\/ennepe-ruhr-kreis-zeitungsvielfalt-gefahrdet\/\" class=\"more-link\"><span class=\"screen-reader-text\">\u201eEnnepe-Ruhr-Kreis &#8211; Zeitungsvielfalt gef\u00e4hrdet\u201c <\/span>weiterlesen<\/a><\/p>\n","protected":false},"author":3,"featured_media":0,"comment_status":"open","ping_status":"open","sticky":false,"template":"","format":"standard","meta":{"footnotes":""},"categories":[303,32],"tags":[421,278,202,394],"class_list":["post-2720","post","type-post","status-publish","format-standard","hentry","category-in-unserem-briefkasten","category-medien","tag-ennepe-ruhr-kreis","tag-medienkrise","tag-waz","tag-waz-kahlschlag"],"_links":{"self":[{"href":"https:\/\/www.schiebener.net\/wordpress\/wp-json\/wp\/v2\/posts\/2720","targetHints":{"allow":["GET"]}}],"collection":[{"href":"https:\/\/www.schiebener.net\/wordpress\/wp-json\/wp\/v2\/posts"}],"about":[{"href":"https:\/\/www.schiebener.net\/wordpress\/wp-json\/wp\/v2\/types\/post"}],"author":[{"embeddable":true,"href":"https:\/\/www.schiebener.net\/wordpress\/wp-json\/wp\/v2\/users\/3"}],"replies":[{"embeddable":true,"href":"https:\/\/www.schiebener.net\/wordpress\/wp-json\/wp\/v2\/comments?post=2720"}],"version-history":[{"count":0,"href":"https:\/\/www.schiebener.net\/wordpress\/wp-json\/wp\/v2\/posts\/2720\/revisions"}],"wp:attachment":[{"href":"https:\/\/www.schiebener.net\/wordpress\/wp-json\/wp\/v2\/media?parent=2720"}],"wp:term":[{"taxonomy":"category","embeddable":true,"href":"https:\/\/www.schiebener.net\/wordpress\/wp-json\/wp\/v2\/categories?post=2720"},{"taxonomy":"post_tag","embeddable":true,"href":"https:\/\/www.schiebener.net\/wordpress\/wp-json\/wp\/v2\/tags?post=2720"}],"curies":[{"name":"wp","href":"https:\/\/api.w.org\/{rel}","templated":true}]}}