{"id":27194,"date":"2014-01-24T23:56:34","date_gmt":"2014-01-24T22:56:34","guid":{"rendered":"http:\/\/www.schiebener.net\/wordpress\/?p=27194"},"modified":"2014-01-24T23:56:34","modified_gmt":"2014-01-24T22:56:34","slug":"das-elend-der-raucher","status":"publish","type":"post","link":"https:\/\/www.schiebener.net\/wordpress\/das-elend-der-raucher\/","title":{"rendered":"Das Elend der Raucher"},"content":{"rendered":"<figure id=\"attachment_27195\" aria-describedby=\"caption-attachment-27195\" style=\"width: 215px\" class=\"wp-caption alignleft\"><img loading=\"lazy\" decoding=\"async\" class=\" wp-image-27195   \" title=\"Zigarette\" alt=\"Zigarette\" src=\"http:\/\/www.schiebener.net\/wordpress\/wp-content\/uploads\/2014\/01\/oJ_Zigarette1.jpg\" width=\"215\" height=\"203\" srcset=\"https:\/\/www.schiebener.net\/wordpress\/wp-content\/uploads\/2014\/01\/oJ_Zigarette1.jpg 384w, https:\/\/www.schiebener.net\/wordpress\/wp-content\/uploads\/2014\/01\/oJ_Zigarette1-300x283.jpg 300w\" sizes=\"auto, (max-width: 215px) 85vw, 215px\" \/><figcaption id=\"caption-attachment-27195\" class=\"wp-caption-text\">Entspanntes Rauchen. (foto: privat)<\/figcaption><\/figure>\n<p><strong>Rauchen ist gesundheitssch\u00e4dlich, Rauchen verk\u00fcrzt das Leben. Wer in geschlossenen R\u00e4umen raucht, sch\u00e4digt nicht nur sich selbst, sondern auch andere. <\/strong><\/p>\n<p>Das ist schlecht, und deshalb werden \u00f6ffentliche R\u00e4ume f\u00fcr Raucher immer enger.<\/p>\n<p>Rauch stinkt, Raucher stinken, alles, was in einem Raum mit einem Raucher war, stinkt.<\/p>\n<p>Ich rauche seit vielen Jahren nicht mehr, ich f\u00fchle mich ges\u00fcnder, huste nicht mehr und bin fit. Klamotten, Wohnung und Atem stinken nicht mehr nach Zigarettenrauch. Alles ist gut.<\/p>\n<p>Ich habe mich \u00fcber arrogante Vorgesetzte ge\u00e4rgert, die selbstverst\u00e4ndlich und ungefragt in Besprechungen geraucht haben. Ich \u00e4rgerte mich \u00fcber Qualm in Eisdielen, wenn kleine Kinder dort sa\u00dfen. Und genervt hat es mich, nach jeder Party und jedem Kneipenbesuch alle Klamotten komplett in die Waschmaschine packen zu m\u00fcssen. Alles wahr, alles richtig. Und dennoch:<\/p>\n<p>K\u00fcrzlich ging ich bei einer Feier vor die T\u00fcr, um mitten in der Gruppe von Rauchern ein wenig \u201epassiv zu rauchen\u201c. Es war wie fr\u00fcher, als die vermeintlich netteren und interessanteren Gespr\u00e4che unter Rauchern stattfanden, zuerst in den kleinen Pausen zwischen den Unterrichtsstunden, sp\u00e4ter in den kurzen Pausen, die die Arbeit unterbrachen.<\/p>\n<p>In diesen sieben Minuten, die es dauert eine Zigarette zu rauchen, konnten wir politisieren, debattieren, quatschen, tratschen und labern. Es war nicht nur die Zigarette, es war soziales Miteinander, ein Zusammentreffen unter Gleichgesinnten. Wir waren Raucher, wir hatten sieben Minuten Zeit und in dieser Zeit stand nichts anderes an: keine Arbeit, kein Unterricht, keine Pflichten, nichts.<\/p>\n<p>Inzwischen ist alles anders: Rauchen ist an vielen \u00f6ffentlichen Orten verboten, Raucher m\u00fcssen sich Schlupfl\u00f6cher suchen. Rauchen hat heute etwas Subversives. W\u00e4hrend der Arbeit suchen sich Raucher versteckte Ecken in Kellerr\u00e4umen, auf D\u00e4chern oder Balkonen. Heimlich schleichen sie sich an die Orte ihres s\u00fcndigen Tuns und h\u00e4ufig fr\u00f6nen sie allein und einsam ihrer Sucht. W\u00e4hrend in den L\u00e4ndern der Peripherie das Rauchen noch immer ein soziales Ereignis ist, an dem viele gemeinsam teilnehmen, haben wir das Rauchen als gesellschaftlich verbindende Droge abgeschafft.<\/p>\n<p>Was haben wir daf\u00fcr bekommen? Ein ges\u00fcnderes, l\u00e4ngeres Leben, damit wir ges\u00fcnder, l\u00e4nger und intensiver arbeiten k\u00f6nnen? Dient die ganze, seit Jahren andauernde Anti-Raucherkampagne letztendlich nicht dazu, uns noch dienstbarer, noch produktiver zu machen?<\/p>\n<p>Ich habe dar\u00fcber nachgedacht, ob ich nicht wieder mit dem Rauchen anfangen soll. Aber dann m\u00fcsste ich mich ja auch in Kellerr\u00e4umen verkriechen und im Winter mit klammen Fingern auf den Balkonen von Freunden sitzen oder vor den T\u00fcren von Kneipen stehen. Was f\u00fcr ein freudloser Genuss, was f\u00fcr eine freudlose Zeit.<\/p>\n","protected":false},"excerpt":{"rendered":"<p>Rauchen ist gesundheitssch\u00e4dlich, Rauchen verk\u00fcrzt das Leben. Wer in geschlossenen R\u00e4umen raucht, sch\u00e4digt nicht nur sich selbst, sondern auch andere. Das ist schlecht, und deshalb werden \u00f6ffentliche R\u00e4ume f\u00fcr Raucher &hellip; <a href=\"https:\/\/www.schiebener.net\/wordpress\/das-elend-der-raucher\/\" class=\"more-link\"><span class=\"screen-reader-text\">\u201eDas Elend der Raucher\u201c <\/span>weiterlesen<\/a><\/p>\n","protected":false},"author":21,"featured_media":0,"comment_status":"open","ping_status":"open","sticky":false,"template":"","format":"standard","meta":{"footnotes":""},"categories":[1,542,174,648],"tags":[664,960,2944],"class_list":["post-27194","post","type-post","status-publish","format-standard","hentry","category-allgemein","category-arbeitswelt","category-dit-und-dat","category-was-tun-gegen-langweile","tag-drogen","tag-rauchen","tag-zeitgeist"],"_links":{"self":[{"href":"https:\/\/www.schiebener.net\/wordpress\/wp-json\/wp\/v2\/posts\/27194","targetHints":{"allow":["GET"]}}],"collection":[{"href":"https:\/\/www.schiebener.net\/wordpress\/wp-json\/wp\/v2\/posts"}],"about":[{"href":"https:\/\/www.schiebener.net\/wordpress\/wp-json\/wp\/v2\/types\/post"}],"author":[{"embeddable":true,"href":"https:\/\/www.schiebener.net\/wordpress\/wp-json\/wp\/v2\/users\/21"}],"replies":[{"embeddable":true,"href":"https:\/\/www.schiebener.net\/wordpress\/wp-json\/wp\/v2\/comments?post=27194"}],"version-history":[{"count":0,"href":"https:\/\/www.schiebener.net\/wordpress\/wp-json\/wp\/v2\/posts\/27194\/revisions"}],"wp:attachment":[{"href":"https:\/\/www.schiebener.net\/wordpress\/wp-json\/wp\/v2\/media?parent=27194"}],"wp:term":[{"taxonomy":"category","embeddable":true,"href":"https:\/\/www.schiebener.net\/wordpress\/wp-json\/wp\/v2\/categories?post=27194"},{"taxonomy":"post_tag","embeddable":true,"href":"https:\/\/www.schiebener.net\/wordpress\/wp-json\/wp\/v2\/tags?post=27194"}],"curies":[{"name":"wp","href":"https:\/\/api.w.org\/{rel}","templated":true}]}}