{"id":27182,"date":"2014-01-23T23:41:09","date_gmt":"2014-01-23T22:41:09","guid":{"rendered":"http:\/\/www.schiebener.net\/wordpress\/?p=27182"},"modified":"2014-01-23T23:48:56","modified_gmt":"2014-01-23T22:48:56","slug":"neue-iwv-zahlen-auch-die-heimische-westfalenpost-verliert-weiter-an-auflage","status":"publish","type":"post","link":"https:\/\/www.schiebener.net\/wordpress\/neue-iwv-zahlen-auch-die-heimische-westfalenpost-verliert-weiter-an-auflage\/","title":{"rendered":"Neue IWV-Zahlen: auch die heimische Westfalenpost verliert weiter an Auflage."},"content":{"rendered":"<figure id=\"attachment_11857\" aria-describedby=\"caption-attachment-11857\" style=\"width: 160px\" class=\"wp-caption alignleft\"><a href=\"http:\/\/www.schiebener.net\/wordpress\/wp-content\/uploads\/2011\/04\/wpmeschede03.jpg\"><img loading=\"lazy\" decoding=\"async\" class=\"size-full wp-image-11857\" alt=\"WP\/WR in Meschede. Anfang 2011 (archiv: zoom)\" src=\"http:\/\/www.schiebener.net\/wordpress\/wp-content\/uploads\/2011\/04\/wpmeschede03.jpg\" width=\"160\" height=\"239\" \/><\/a><figcaption id=\"caption-attachment-11857\" class=\"wp-caption-text\"><strong>WP\/WR in Meschede. Anfang 2011 (archiv: zoom)<\/strong><\/figcaption><\/figure>\n<p><strong>Nach der <a href=\"http:\/\/www.ivw.eu\/index.php\" target=\"_blank\">aktuellen Auflagenerhebung der Informationsgemeinschaft zur Feststellung der Verbreitung von Werbetr\u00e4gern <\/a>(IWV) sanken die Auflagen und Gesamtverk\u00e4ufe der Zeitungen und Zeitschriften am deutschen Medienmarkt auch im vergangenen Jahr. Auch die zur Funke Gruppe geh\u00f6rende Westfalenpost muss kr\u00e4ftige Einbu\u00dfen hinnehmen.<\/strong><\/p>\n<p>Die Tagespresse insgesamt verliert, so <a href=\"http:\/\/dju.verdi.de\/geld\/quartalsberichte\" target=\"_blank\">Gert Hautsch in einer Analyse f\u00fcr die Gewerkschaft ver.di<\/a> , gegen\u00fcber dem Vorjahr rund 3,53 Prozent ihrer verkauften Auflage (4\/2012: 20,84 Mio. Exemplare). Im vorangegangenen Quartal habe dieser R\u00fcckgang noch bei 3,64 Prozent gelegen.<\/p>\n<p><strong>Die Zahlen unserer heimischen Westfalenpost mit den Redaktionsstandorten Brilon und Meschede sehen im Vergleich der Quartale IV\/2012 bis IV\/2013 noch etwas schlechter aus.<\/strong><\/p>\n<p>Die Druckauflage der WP (Brilon\/Meschede) sank beispielsweise um 6,35% (absolut: 2.405), die Zahl der Abonnenten um 5,54% (absolut: 1.795):<\/p>\n<figure id=\"attachment_27183\" aria-describedby=\"caption-attachment-27183\" style=\"width: 610px\" class=\"wp-caption aligncenter\"><a href=\"http:\/\/www.schiebener.net\/wordpress\/wp-content\/uploads\/2014\/01\/IWVWestfalenpost2013.png\" target=\"_blank\"><img loading=\"lazy\" decoding=\"async\" class=\" wp-image-27183 \" title=\"Westfalenpost Brilon\/Meschede mit starken Verlusten.\" alt=\"Westfalenpost Brilon\/Meschede mit starken Verlusten. (screenshot: IWV Website)\" src=\"http:\/\/www.schiebener.net\/wordpress\/wp-content\/uploads\/2014\/01\/IWVWestfalenpost2013.png\" width=\"610\" height=\"265\" srcset=\"https:\/\/www.schiebener.net\/wordpress\/wp-content\/uploads\/2014\/01\/IWVWestfalenpost2013.png 763w, https:\/\/www.schiebener.net\/wordpress\/wp-content\/uploads\/2014\/01\/IWVWestfalenpost2013-300x130.png 300w\" sizes=\"auto, (max-width: 709px) 85vw, (max-width: 909px) 67vw, (max-width: 984px) 61vw, (max-width: 1362px) 45vw, 600px\" \/><\/a><figcaption id=\"caption-attachment-27183\" class=\"wp-caption-text\">Westfalenpost Brilon\/Meschede mit starken Verlusten. (screenshot: IWV Website)<\/figcaption><\/figure>\n<p><strong>Im Vergleich zum Zeitraum 2011\/2012 hat sich der Abw\u00e4rtstrend damit noch einmal beschleunigt.<\/strong> Damals war von IV\/2011 bis IV\/2012 die Druckauflage um 3,34% (absolut: 1.310) und die Zahl der Abonnenten um 3,66% (absolut: 1.233) gesunken.<\/p>\n<figure id=\"attachment_27184\" aria-describedby=\"caption-attachment-27184\" style=\"width: 643px\" class=\"wp-caption aligncenter\"><a href=\"http:\/\/www.schiebener.net\/wordpress\/wp-content\/uploads\/2014\/01\/IWVWestfalenpost2012.png\"><img loading=\"lazy\" decoding=\"async\" class=\"size-full wp-image-27184\" alt=\"Im Vorjahreszeitraum ging es noch moderater abw\u00e4rts. (screenshot)\" src=\"http:\/\/www.schiebener.net\/wordpress\/wp-content\/uploads\/2014\/01\/IWVWestfalenpost2012.png\" width=\"643\" height=\"282\" srcset=\"https:\/\/www.schiebener.net\/wordpress\/wp-content\/uploads\/2014\/01\/IWVWestfalenpost2012.png 643w, https:\/\/www.schiebener.net\/wordpress\/wp-content\/uploads\/2014\/01\/IWVWestfalenpost2012-300x131.png 300w\" sizes=\"auto, (max-width: 709px) 85vw, (max-width: 909px) 67vw, (max-width: 984px) 61vw, (max-width: 1362px) 45vw, 600px\" \/><\/a><figcaption id=\"caption-attachment-27184\" class=\"wp-caption-text\">Im Vorjahreszeitraum ging es noch moderater abw\u00e4rts. (screenshot)<\/figcaption><\/figure>\n<p>Die Funke-Gruppe, zu der die Westfalenpost geh\u00f6rt, hat die \u201eBerliner Morgenpost\u201c, das \u201eHamburger Abendblatt\u201c und die \u201eBergedorfer Zeitung\u201c samt zugeh\u00f6rigen Anzeigenbl\u00e4ttern zum 1. Januar 2014 gekauft. Der Konzern musste sich weiter verschulden. Kreditgeber ist unter anderem der Springer-Verlag, der vormalige Besitzer der Zeitungen.<\/p>\n<p>In den Verlagen drehen sich gro\u00dfe R\u00e4der. Es wird &#8222;interessant&#8220; sein, zu beobachten, auf wessen Kosten die Schuldensanierung stattfinden wird.<\/p>\n<p>Insgesamt sieht Gert Hautsch in der ver.di Analyse bei Funke den Trend zu Zentralisierung und Personalabbau (<a href=\"http:\/\/verlage-druck-papier.verdi.de\/++file++52df7db06f684428c70000cb\/download\/Quartal-4-13-1.pdf\" target=\"_blank\">siehe Teil I, Seite 23<\/a>).<\/p>\n<p>Was die Funke-Gruppe mit ihren neu erworbenen Zeitungen vorhabe, sei noch nicht ganz klar. Man k\u00f6nne sich aber ein Bild machen, wenn man die Ma\u00dfnahmen betrachte, die sie auf ihrem Stammmarkt, dem Ruhrgebiet, umgesetzt hat.<\/p>\n<p>Der Konzern, der damals noch WAZ-Gruppe hie\u00df, vertreibt dort vier Titel: die \u201eWestdeutsche Allgemeine Zeitung\u201c (WAZ) in Essen, die \u201eWestf\u00e4lische Rundschau\u201c (WR) in Dortmund, die \u201eNeue Ruhr\/Rhein Zeitung\u201c (NRZ) in D\u00fcsseldorf und die \u201eWestfalenpost\u201c (WP) in Hagen.<\/p>\n<p>Schon 2009 seien die Redaktionen der vier Zeitungen von 900 auf 600 Personen verkleinert und in \u00e4hnlichem Umfang Verwaltungspersonal entlassen worden. Im Januar 2013 wurde bei der WR dann die komplette Redaktion auf die Stra\u00dfe gesetzt.<\/p>\n<p>Ob bei der Westfalenpost selbst noch einmal die Kostenschraube angesetzt werden wird, kann ich auf Grund der mir fehlenden Informationen nicht beurteilen. im Hause selbst scheint vorsichtiger Optimismus zu herrschen. Schlie\u00dflich habe man schon vor Jahren seine Hausaufgaben bei Stellenabbau und Konsolidierung gemacht.<\/p>\n","protected":false},"excerpt":{"rendered":"<p>Nach der aktuellen Auflagenerhebung der Informationsgemeinschaft zur Feststellung der Verbreitung von Werbetr\u00e4gern (IWV) sanken die Auflagen und Gesamtverk\u00e4ufe der Zeitungen und Zeitschriften am deutschen Medienmarkt auch im vergangenen Jahr. Auch &hellip; <a href=\"https:\/\/www.schiebener.net\/wordpress\/neue-iwv-zahlen-auch-die-heimische-westfalenpost-verliert-weiter-an-auflage\/\" class=\"more-link\"><span class=\"screen-reader-text\">\u201eNeue IWV-Zahlen: auch die heimische Westfalenpost verliert weiter an Auflage.\u201c <\/span>weiterlesen<\/a><\/p>\n","protected":false},"author":3,"featured_media":0,"comment_status":"open","ping_status":"open","sticky":false,"template":"","format":"standard","meta":{"footnotes":""},"categories":[80,32],"tags":[4246,4788,340,252],"class_list":["post-27182","post","type-post","status-publish","format-standard","hentry","category-lokales","category-medien","tag-funke-gruppe","tag-iwv-auflagen","tag-westfalenpost","tag-zeitungskrise"],"_links":{"self":[{"href":"https:\/\/www.schiebener.net\/wordpress\/wp-json\/wp\/v2\/posts\/27182","targetHints":{"allow":["GET"]}}],"collection":[{"href":"https:\/\/www.schiebener.net\/wordpress\/wp-json\/wp\/v2\/posts"}],"about":[{"href":"https:\/\/www.schiebener.net\/wordpress\/wp-json\/wp\/v2\/types\/post"}],"author":[{"embeddable":true,"href":"https:\/\/www.schiebener.net\/wordpress\/wp-json\/wp\/v2\/users\/3"}],"replies":[{"embeddable":true,"href":"https:\/\/www.schiebener.net\/wordpress\/wp-json\/wp\/v2\/comments?post=27182"}],"version-history":[{"count":0,"href":"https:\/\/www.schiebener.net\/wordpress\/wp-json\/wp\/v2\/posts\/27182\/revisions"}],"wp:attachment":[{"href":"https:\/\/www.schiebener.net\/wordpress\/wp-json\/wp\/v2\/media?parent=27182"}],"wp:term":[{"taxonomy":"category","embeddable":true,"href":"https:\/\/www.schiebener.net\/wordpress\/wp-json\/wp\/v2\/categories?post=27182"},{"taxonomy":"post_tag","embeddable":true,"href":"https:\/\/www.schiebener.net\/wordpress\/wp-json\/wp\/v2\/tags?post=27182"}],"curies":[{"name":"wp","href":"https:\/\/api.w.org\/{rel}","templated":true}]}}