{"id":27015,"date":"2014-01-09T20:44:48","date_gmt":"2014-01-09T19:44:48","guid":{"rendered":"http:\/\/www.schiebener.net\/wordpress\/?p=27015"},"modified":"2014-01-09T21:13:53","modified_gmt":"2014-01-09T20:13:53","slug":"teatron-theater-in-der-arnsberger-kulturschmiede-kurt-tucholsky-die-goldenen-zwanziger-oder-der-absturz-ins-dritte-reich","status":"publish","type":"post","link":"https:\/\/www.schiebener.net\/wordpress\/teatron-theater-in-der-arnsberger-kulturschmiede-kurt-tucholsky-die-goldenen-zwanziger-oder-der-absturz-ins-dritte-reich\/","title":{"rendered":"Theater-Cabaret in der Arnsberger KulturSchmiede: \u201eKurt Tucholsky \u2013 Die Goldenen Zwanziger oder der Absturz ins Dritte Reich\u201c"},"content":{"rendered":"<figure id=\"attachment_27017\" aria-describedby=\"caption-attachment-27017\" style=\"width: 512px\" class=\"wp-caption aligncenter\"><img loading=\"lazy\" decoding=\"async\" class=\"size-full wp-image-27017\" alt=\"Manuel Quero, Stefan Wolf, Jutta Juchmann, Yehuda Almagor (fotos: Manfred Haupthoff)\" src=\"http:\/\/www.schiebener.net\/wordpress\/wp-content\/uploads\/2014\/01\/tucholsky01.jpg\" width=\"512\" height=\"314\" srcset=\"https:\/\/www.schiebener.net\/wordpress\/wp-content\/uploads\/2014\/01\/tucholsky01.jpg 512w, https:\/\/www.schiebener.net\/wordpress\/wp-content\/uploads\/2014\/01\/tucholsky01-300x183.jpg 300w\" sizes=\"auto, (max-width: 512px) 85vw, 512px\" \/><figcaption id=\"caption-attachment-27017\" class=\"wp-caption-text\">Manuel Quero, Stefan Wolf, Jutta Juchmann, Yehuda Almagor (fotos: Manfred Haupthoff)<\/figcaption><\/figure>\n<p><strong>Das TEATRON THEATER l\u00e4dt ein zu seiner neuesten Inszenierung\u00a0 \u201eKurt Tucholsky \u2013 Die Goldenen Zwanziger oder der Absturz ins Dritte Reich\u201c am 24.1.2014 (Premiere) und am 25., 26. und 28.1.2014 um 20 Uhr in der KulturSchmiede Arnsberg. Zwar sind die Premiere am 24.1. und die Vorstellung am 25.1. bereits ausverkauft, aber es gibt\u00a0 noch Karten f\u00fcr die Vorstellungen am 26. und 28.1.2014 in den Stadtb\u00fcros Arnsberg und an der Abendkasse in der KulturSchmiede, Apostelstr. 5, 59821 Arnsberg.<\/strong><\/p>\n<p>Mit seiner neuen Inszenierung \u00fcber das Leben und Werk von Kurt Tucholsky hat das TEATRON THEATER einen Theater-Cabaretabend entwickelt, der die Zuschauer eintauchen l\u00e4sst in die Zeit der \u201eGoldenen Zwanziger\u201c mit ihren Kabarett- und Revuetheatern in Berlin einerseits und den politischen Turbulenzen der Weimarer Republik andererseits. Ein f\u00fcnfk\u00f6pfiges Ensemble erwartet das Publikum (Yehuda Almagor, Manuel Quero, Jutta Juchmann, Stefan Wolf, Gunther\u00a0 Tiedemann) und pr\u00e4sentiert Chansons, kabarettistische Darbietungen und t\u00e4nzerische Einlagen, ebenso wie politische Texte und Briefe Kurt Tucholskys, die seinen dramatischen Kampf um Demokratie und Freiheit widerspiegeln.<\/p>\n<figure id=\"attachment_27018\" aria-describedby=\"caption-attachment-27018\" style=\"width: 215px\" class=\"wp-caption alignleft\"><a href=\"http:\/\/www.schiebener.net\/wordpress\/wp-content\/uploads\/2014\/01\/tucholsky02.jpg\" target=\"_blank\"><img loading=\"lazy\" decoding=\"async\" class=\" wp-image-27018  \" title=\"Manuel Quero und Jutta Juchmann\" alt=\"Manuel Quero und Jutta Juchmann\" src=\"http:\/\/www.schiebener.net\/wordpress\/wp-content\/uploads\/2014\/01\/tucholsky02.jpg\" width=\"215\" height=\"324\" srcset=\"https:\/\/www.schiebener.net\/wordpress\/wp-content\/uploads\/2014\/01\/tucholsky02.jpg 512w, https:\/\/www.schiebener.net\/wordpress\/wp-content\/uploads\/2014\/01\/tucholsky02-199x300.jpg 199w\" sizes=\"auto, (max-width: 215px) 85vw, 215px\" \/><\/a><figcaption id=\"caption-attachment-27018\" class=\"wp-caption-text\">Manuel Quero und Jutta Juchmann<\/figcaption><\/figure>\n<p>Kurt Tucholsky\u00a0verstand es wie kein Zweiter, mit seinen Chansons und seinen kritischen und humorvollen Texten gleichzeitig zu unterhalten und zu kritisieren. Unter seinem eigenen Namen und unter den Pseudonymen \u2013 Ignaz Wrobel, Theobald Tiger, Peter Panter und Kaspar Hauser &#8211; bek\u00e4mpfte er zeitlebens die antidemokratischen Tendenzen innerhalb der Weimarer Republik und prangerte Nationalismus und Militarismus an.<\/p>\n<p>Schon fr\u00fch erkannte er die Gefahr des aufkommenden Nationalsozialismus. Seine Kassandrarufe blieben jedoch ungeh\u00f6rt, und so wurden seine B\u00fccher 1933 namentlich erw\u00e4hnt dem nationalsozialistischen Feuer \u00fcbergeben.<\/p>\n<p>Kurt Tucholsky erlebte sich selbst als gescheitert, da er und seine Schriften zwar \u201eErfolg\u201c beim Publikum, aber \u2013 wie er meinte &#8211; keine \u201eWirkung\u201c hatten. \u201eGegen einen Ozean pfeift man nicht an\u201c, schrieb er 1933 &#8211;\u00a0 da hatte er seinen Wohnsitz\u00a0 schon l\u00e4ngst zun\u00e4chst nach Paris, dann nach Schweden verlegt, wo er 1935 aus dem Leben schied.<\/p>\n<p>Es spielen, tanzen und singen:<\/p>\n<p>Yehuda Almagor, Manuel Quero, Jutta Juchmann, Stefan Wolf<\/p>\n<p>Am Klavier und Cello: Gunther Tiedemann,<\/p>\n<p>Regie und B\u00fchnenbild: Yehuda Almagor, Dramaturgie und Co-Regie: Ursula Almagor, Choreographie und Kost\u00fcme: Manuel Quero, Musikalische Leitung, Komposition: Gunther Tiedemann<\/p>\n<p>Raumgestaltung und Dekoration: Petra Kaiser und Arno Mester<\/p>\n<p><em>TEATRON THEATER<br \/>\nPostfach 5129<br \/>\n59801 Arnsberg<br \/>\nTel. 02931 \/ 22969<br \/>\n0160 94777886<br \/>\nwww.teatron-theater.de<\/em><\/p>\n","protected":false},"excerpt":{"rendered":"<p>Das TEATRON THEATER l\u00e4dt ein zu seiner neuesten Inszenierung\u00a0 \u201eKurt Tucholsky \u2013 Die Goldenen Zwanziger oder der Absturz ins Dritte Reich\u201c am 24.1.2014 (Premiere) und am 25., 26. und 28.1.2014 &hellip; <a href=\"https:\/\/www.schiebener.net\/wordpress\/teatron-theater-in-der-arnsberger-kulturschmiede-kurt-tucholsky-die-goldenen-zwanziger-oder-der-absturz-ins-dritte-reich\/\" class=\"more-link\"><span class=\"screen-reader-text\">\u201eTheater-Cabaret in der Arnsberger KulturSchmiede: \u201eKurt Tucholsky \u2013 Die Goldenen Zwanziger oder der Absturz ins Dritte Reich\u201c\u201c <\/span>weiterlesen<\/a><\/p>\n","protected":false},"author":17,"featured_media":0,"comment_status":"open","ping_status":"open","sticky":false,"template":"","format":"standard","meta":{"footnotes":""},"categories":[674,80,1043],"tags":[4260,308,655,4670],"class_list":["post-27015","post","type-post","status-publish","format-standard","hentry","category-kultur","category-lokales","category-pressemitteilungen","tag-kulturschmiede-arnsberg","tag-kurt-tucholsky","tag-pressemitteilung","tag-teatron-theater"],"_links":{"self":[{"href":"https:\/\/www.schiebener.net\/wordpress\/wp-json\/wp\/v2\/posts\/27015","targetHints":{"allow":["GET"]}}],"collection":[{"href":"https:\/\/www.schiebener.net\/wordpress\/wp-json\/wp\/v2\/posts"}],"about":[{"href":"https:\/\/www.schiebener.net\/wordpress\/wp-json\/wp\/v2\/types\/post"}],"author":[{"embeddable":true,"href":"https:\/\/www.schiebener.net\/wordpress\/wp-json\/wp\/v2\/users\/17"}],"replies":[{"embeddable":true,"href":"https:\/\/www.schiebener.net\/wordpress\/wp-json\/wp\/v2\/comments?post=27015"}],"version-history":[{"count":0,"href":"https:\/\/www.schiebener.net\/wordpress\/wp-json\/wp\/v2\/posts\/27015\/revisions"}],"wp:attachment":[{"href":"https:\/\/www.schiebener.net\/wordpress\/wp-json\/wp\/v2\/media?parent=27015"}],"wp:term":[{"taxonomy":"category","embeddable":true,"href":"https:\/\/www.schiebener.net\/wordpress\/wp-json\/wp\/v2\/categories?post=27015"},{"taxonomy":"post_tag","embeddable":true,"href":"https:\/\/www.schiebener.net\/wordpress\/wp-json\/wp\/v2\/tags?post=27015"}],"curies":[{"name":"wp","href":"https:\/\/api.w.org\/{rel}","templated":true}]}}