{"id":26795,"date":"2013-12-18T19:53:23","date_gmt":"2013-12-18T18:53:23","guid":{"rendered":"http:\/\/www.schiebener.net\/wordpress\/?p=26795"},"modified":"2013-12-18T19:54:49","modified_gmt":"2013-12-18T18:54:49","slug":"videoueberwachung-landesregierung-verschleiert-die-dramatik-piraten-fordern-meldepflicht-fuer-kamera-anlagen","status":"publish","type":"post","link":"https:\/\/www.schiebener.net\/wordpress\/videoueberwachung-landesregierung-verschleiert-die-dramatik-piraten-fordern-meldepflicht-fuer-kamera-anlagen\/","title":{"rendered":"Video\u00fcberwachung: Landesregierung verschleiert die Dramatik &#8211; Piraten fordern Meldepflicht f\u00fcr Kamera-Anlagen."},"content":{"rendered":"<figure id=\"attachment_25954\" aria-describedby=\"caption-attachment-25954\" style=\"width: 224px\" class=\"wp-caption alignleft\"><a href=\"http:\/\/www.schiebener.net\/wordpress\/wp-content\/uploads\/2013\/10\/piratenkameras20131010.jpg\" target=\"_blank\"><img loading=\"lazy\" decoding=\"async\" class=\" wp-image-25954 \" alt=\"Die HSK-Piraten haben die satirische Antwort auf den \u00dcberwachungswahn. (foto: Julius Hahn)\" src=\"http:\/\/www.schiebener.net\/wordpress\/wp-content\/uploads\/2013\/10\/piratenkameras20131010.jpg\" width=\"224\" height=\"267\" srcset=\"https:\/\/www.schiebener.net\/wordpress\/wp-content\/uploads\/2013\/10\/piratenkameras20131010.jpg 320w, https:\/\/www.schiebener.net\/wordpress\/wp-content\/uploads\/2013\/10\/piratenkameras20131010-251x300.jpg 251w\" sizes=\"auto, (max-width: 224px) 85vw, 224px\" \/><\/a><figcaption id=\"caption-attachment-25954\" class=\"wp-caption-text\">Die HSK-Piraten haben die satirische Antwort auf den \u00dcberwachungswahn. (fotoarchiv: Julius Hahn)<\/figcaption><\/figure>\n<p><strong>D\u00fcsseldorf. (piraten_pm) \u201eFl\u00e4chendeckende Video\u00fcberwachung in Nordrhein-Westfalen? Das wollen wir gar nicht wissen!\u201c &#8211; so lautet frei \u00fcbersetzt die Antwort der Landesregierung auf die Gro\u00dfe Anfrage der Piratenfraktion \u201eNordrhein-Westfalens \u00f6ffentlicher Raum: Haben wir schon eine fl\u00e4chendeckende Video\u00fcberwachung?\u201c [1].<\/strong><\/p>\n<p>F\u00fcnf Monate Zeit hatte die Landesregierung f\u00fcr eine Bestandsaufnahme und das Ergebnis ist niederschmetternd. Anstatt eine umfassende Statistik \u00fcber s\u00e4mtliche Kameras im Land zu erstellen, hat sie lieber Argumente zusammengetragen, warum sie die \u00dcberwachungskameras nicht z\u00e4hlen m\u00fcsse.<\/p>\n<p>Frank Herrmann, Sprecher der Piratenfraktion im Landtag NRW f\u00fcr Privatsph\u00e4re und Datenschutz:<\/p>\n<p>\u201e2.750 Kameraanlagen f\u00fchrt die Landesregierung auf, aber die vielen tausend von den Kommunen betriebenen Kameras an Rath\u00e4usern, Schulen und Sportst\u00e4tten sind nicht erfasst. Auch die vielen Kameras der Verkehrs\u00fcberwachung sind nicht aufgef\u00fchrt. Dass sich die Landesregierung mit juristischen Spitzfindigkeiten rausreden will, ist an sich schon ein Skandal. In Bayern z\u00e4hlte die Landesregierung inklusive der kommunalen Kameras mehr als 17.000 St\u00fcck im Land. In NRW k\u00f6nnten es locker doppelt so viele sein &#8211; aber Innenminister J\u00e4ger interessiert das offensichtlich nicht. Will er das wahre Ausma\u00df der \u00dcberwachung verschleiern? Wir werden andere Wege finden, die Zahlen zu ermitteln.<\/p>\n<p>Wir brauchen eine Meldepflicht f\u00fcr Kameraanlagen. Nur so k\u00f6nnen wir dem inflation\u00e4ren Einsatz der Kameras entgegentreten.<\/p>\n<p>Wir alle werden \u00fcberall und immer h\u00e4ufiger beobachtet &#8211; 99 Prozent aller Kameras sind rechtswidrig installiert, hat erst k\u00fcrzlich der nieders\u00e4chsische Landesdaten-schutzbeauftrage best\u00e4tigt. Gesetzlich vorgeschriebene Hinweisschilder fehlen oft g\u00e4nzlich. Die Kameras werden immer kleiner und unauff\u00e4lliger; die Technik immer ausgefeilter. EU und Bundesregierung forschen schon an Kameras, die die Mimik des gefilmten Passanten und dessen Gef\u00fchlslage erkennen k\u00f6nnen. Moderne Kameras k\u00f6nnen in Echtzeit Gesichter erkennen und mit Pass-Datenbanken abgleichen. Wohin soll diese Entwicklung f\u00fchren?&#8220;<\/p>\n<p>[1]: <a href=\"http:\/\/www.landtag.nrw.de\/portal\/WWW\/dokumentenarchiv\/Dokument\/MMD16-4627.pdf\" target=\"_blank\">http:\/\/www.landtag.nrw.de\/portal\/WWW\/dokumentenarchiv\/Dokument\/MMD16-4627.pdf<\/a><\/p>\n","protected":false},"excerpt":{"rendered":"<p>D\u00fcsseldorf. (piraten_pm) \u201eFl\u00e4chendeckende Video\u00fcberwachung in Nordrhein-Westfalen? Das wollen wir gar nicht wissen!\u201c &#8211; so lautet frei \u00fcbersetzt die Antwort der Landesregierung auf die Gro\u00dfe Anfrage der Piratenfraktion \u201eNordrhein-Westfalens \u00f6ffentlicher Raum: &hellip; <a href=\"https:\/\/www.schiebener.net\/wordpress\/videoueberwachung-landesregierung-verschleiert-die-dramatik-piraten-fordern-meldepflicht-fuer-kamera-anlagen\/\" class=\"more-link\"><span class=\"screen-reader-text\">\u201eVideo\u00fcberwachung: Landesregierung verschleiert die Dramatik &#8211; Piraten fordern Meldepflicht f\u00fcr Kamera-Anlagen.\u201c <\/span>weiterlesen<\/a><\/p>\n","protected":false},"author":17,"featured_media":0,"comment_status":"open","ping_status":"open","sticky":false,"template":"","format":"standard","meta":{"footnotes":""},"categories":[303,32,24,1043,3096],"tags":[4728,3957,655,4588],"class_list":["post-26795","post","type-post","status-publish","format-standard","hentry","category-in-unserem-briefkasten","category-medien","category-politik","category-pressemitteilungen","category-urbanes-wohnen","tag-piraten-landtag","tag-piraten-nrw","tag-pressemitteilung","tag-videoueberwachung"],"_links":{"self":[{"href":"https:\/\/www.schiebener.net\/wordpress\/wp-json\/wp\/v2\/posts\/26795","targetHints":{"allow":["GET"]}}],"collection":[{"href":"https:\/\/www.schiebener.net\/wordpress\/wp-json\/wp\/v2\/posts"}],"about":[{"href":"https:\/\/www.schiebener.net\/wordpress\/wp-json\/wp\/v2\/types\/post"}],"author":[{"embeddable":true,"href":"https:\/\/www.schiebener.net\/wordpress\/wp-json\/wp\/v2\/users\/17"}],"replies":[{"embeddable":true,"href":"https:\/\/www.schiebener.net\/wordpress\/wp-json\/wp\/v2\/comments?post=26795"}],"version-history":[{"count":0,"href":"https:\/\/www.schiebener.net\/wordpress\/wp-json\/wp\/v2\/posts\/26795\/revisions"}],"wp:attachment":[{"href":"https:\/\/www.schiebener.net\/wordpress\/wp-json\/wp\/v2\/media?parent=26795"}],"wp:term":[{"taxonomy":"category","embeddable":true,"href":"https:\/\/www.schiebener.net\/wordpress\/wp-json\/wp\/v2\/categories?post=26795"},{"taxonomy":"post_tag","embeddable":true,"href":"https:\/\/www.schiebener.net\/wordpress\/wp-json\/wp\/v2\/tags?post=26795"}],"curies":[{"name":"wp","href":"https:\/\/api.w.org\/{rel}","templated":true}]}}