{"id":26635,"date":"2013-12-06T22:44:44","date_gmt":"2013-12-06T21:44:44","guid":{"rendered":"http:\/\/www.schiebener.net\/wordpress\/?p=26635"},"modified":"2013-12-06T22:48:19","modified_gmt":"2013-12-06T21:48:19","slug":"umleitung-heute-ist-von-zynismus-ueber-ironie-bis-zum-bitteren-ernst-alles-dabei-selber-gucken-und-klicken","status":"publish","type":"post","link":"https:\/\/www.schiebener.net\/wordpress\/umleitung-heute-ist-von-zynismus-ueber-ironie-bis-zum-bitteren-ernst-alles-dabei-selber-gucken-und-klicken\/","title":{"rendered":"Umleitung: heute ist von Zynismus \u00fcber Ironie bis zum bitteren Ernst alles dabei. Selber gucken und klicken!"},"content":{"rendered":"<p><figure id=\"attachment_26636\" aria-describedby=\"caption-attachment-26636\" style=\"width: 512px\" class=\"wp-caption aligncenter\"><img loading=\"lazy\" decoding=\"async\" class=\"size-full wp-image-26636\" alt=\"The Clash, Sandinista\" src=\"http:\/\/www.schiebener.net\/wordpress\/wp-content\/uploads\/2013\/12\/TheClashSandinista.jpg\" width=\"512\" height=\"375\" srcset=\"https:\/\/www.schiebener.net\/wordpress\/wp-content\/uploads\/2013\/12\/TheClashSandinista.jpg 512w, https:\/\/www.schiebener.net\/wordpress\/wp-content\/uploads\/2013\/12\/TheClashSandinista-300x219.jpg 300w\" sizes=\"auto, (max-width: 512px) 85vw, 512px\" \/><figcaption id=\"caption-attachment-26636\" class=\"wp-caption-text\">Aufgelegt &#8211; eine noch nicht ganz alte Triple LP (foto: zoom)<\/figcaption><\/figure><strong>Paranoia:<\/strong> Als ich einmal den Lichtschalter bet\u00e4tigt hatte und pl\u00f6tzlich die Sonne ausging &#8230; <a href=\"http:\/\/www.endoplast.de\/2013\/12\/05\/als-ich-einmal-den-lichtschalter-betatigt-hatte-und-plotzlich-die-sonne-ausging\/\" target=\"_blank\">endoplast<\/a><\/p>\n<p><strong>Angewandter Zynismus:<\/strong> Wie verhindern wir, dass Kinder ihren ALG-2-Eltern und damit der Gemeinschaft zur Last werden &#8230; <a href=\"http:\/\/www.scilogs.de\/con-text\/ein-einfacher-vorschlag\/\" target=\"_blank\">scilogs<\/a><\/p>\n<p><strong>NSA und andere:<\/strong> \u00dcber die Bedeutung des Skandals f\u00fcr Geheimdienste &#8230; <a href=\"http:\/\/www.wiesaussieht.de\/2013\/12\/06\/ueber-die-bedeutung-des-skandals-fuer-geheimdienste\/\" target=\"_blank\">wiesaussieht<\/a><\/p>\n<p><strong>Hom\u00f6o-Akademie:<\/strong> Widerspr\u00fcche zum bayerischen Hochschulgesetz &#8230; <a href=\"http:\/\/nesselsetzer.wordpress.com\/2013\/12\/06\/homoo-akademie-widerspruche-zum-bayerischen-hochschulgesetz\/\" target=\"_blank\">nesselsetzer<\/a><\/p>\n<p><strong>Bildung:<\/strong> Wir sind wieder wer! Eine Notiz zu PISA 2013 &#8230; <a href=\"http:\/\/www.lehrerstuhl.de\/2013\/12\/03\/wir-sind-wieder-wer-eine-notiz-zu-pisa-2013\/\" target=\"_blank\">lehrerstuhl<\/a><\/p>\n<p><strong>Medien I:<\/strong> D64 unterst\u00fctzt Creative Commons! &#8230; <a href=\"http:\/\/lumma.de\/2013\/12\/06\/d64-unterstuetzt-creative-commons\/\" target=\"_blank\">lummerland<br \/>\n<\/a><\/p>\n<p><strong>Medien II:<\/strong> die Freitagsmail der Funke Mediengruppe-Gesch\u00e4ftsf\u00fchrer an die Belegschaft, heute schon mal am Freitag &#8230; <a href=\"http:\/\/www.medienmoral-nrw.de\/2013\/10\/neue-funke-mogelpackung-in-castrop-rauxel\/comment-page-2\/#comment-83268\" target=\"_blank\">medienmoral<\/a><\/p>\n<p><strong>Langj\u00e4hriger WR-Chefredakteur B\u00fcnte:<\/strong> &#8222;Funkes planen Haushaltsaufl\u00f6sung&#8220; &#8230; <a href=\"http:\/\/www.newsroom.de\/news\/detail\/$IWBNFPMUEKHL\/langjhriger_wr-chefredakteur_bnte_funkes_planen_haushaltsauflsung\" target=\"_blank\">newsroom<\/a><\/p>\n<p><strong>WR Absprung Blog:<\/strong> Dies ist der letzte Beitrag in diesem Blog. Das Kapitel ist f\u00fcr mich abgeschlossen. Auch innerlich &#8230; <a href=\"http:\/\/absprung.wordpress.com\/2013\/12\/06\/zugeklappt\/\" target=\"_blank\">absprung<\/a><\/p>\n<p><strong>SPD-Mitgliedervotum I:<\/strong> Eine vermachtete Demokratiesimulation? &#8230; <a href=\"http:\/\/erbloggtes.wordpress.com\/2013\/12\/05\/spd-mitgliedervotum-einevermachtete-demokratiesimulation\/\" target=\"_blank\">erbloggtes<\/a><\/p>\n<p><strong>SPD-Mitgliedervotum II:<\/strong> Eilantrag gegen SPD-Abstimmung \u00fcber das Zustandekommen einer Gro\u00dfen Koalition erfolglos &#8230; <a href=\"http:\/\/www.bundesverfassungsgericht.de\/pressemitteilungen\/bvg13-073.html\" target=\"_blank\">bundesverfassungsgericht via erbloggtes<\/a><\/p>\n<p><strong>SPD-Mitgliedervotum III:<\/strong> Sagt Nein zum Koalitionsvertrag &#8230; <a href=\"http:\/\/www.nachdenkseiten.de\/?p=19565\" target=\"_blank\">nachdenkseiten<\/a><\/p>\n<p><strong>SPD-Mitgliedervotum IV:<\/strong> Gabriel und die halbe Wahrheit &#8230; <a href=\"http:\/\/post-von-horn.de\/2013\/12\/05\/gabriel-und-die-halbe-wahrheit\/\" target=\"_blank\">postvonhorn<\/a><\/p>\n<blockquote class=\"twitter-tweet\" lang=\"de\">\n<p>Meine Fresse. <a href=\"http:\/\/t.co\/PCgdsa3hl1\">http:\/\/t.co\/PCgdsa3hl1<\/a><\/p>\n<p>&mdash; Richard Gutjahr (@gutjahr) <a href=\"https:\/\/twitter.com\/gutjahr\/statuses\/407257404586594304\">1. Dezember 2013<\/a><\/p><\/blockquote>\n<p><script async src=\"\/\/platform.twitter.com\/widgets.js\" charset=\"utf-8\"><\/script><\/p>\n<p><strong>Wolfgang Seibert \u00fcber linken Antisemitismus:<\/strong> &#8222;Ich bin immer noch militant&#8220; &#8230; <a href=\"http:\/\/www.taz.de\/!126260\/\" target=\"_blank\">taz<\/a><\/p>\n<p><strong>Nelson Mandela:<\/strong> Noch 1988 (!), zwei Jahre vor seiner Freilassung, bezeichneten sowohl der damalige US-Pr\u00e4sident Reagen als auch die britische Premierministerin Thatcher Nelson Mandela als Terroristen. Mandela sa\u00df also bereits 25 Jahre ein, als die f\u00fchrenden Vertreter der westlichen Welt sich daf\u00fcr stark machten, dass dies auch so bliebe &#8230; <a href=\"http:\/\/www.jurga.de\/84.html\" target=\"_blank\">jurga<\/a><\/p>\n<p><strong>Ballsport:<\/strong> Auslosung zur Fu\u00dfball-WM \u2013 L\u00f6w vs. Klinsmann oder: \u00dcberstehen ist alles &#8230; <a href=\"http:\/\/www.revierpassagen.de\/22026\/wm-auslosung-low-vs-klinsmann\/20131206_1903\" target=\"_blank\">revierpassagen<\/a><\/p>\n<p><strong>Sprache von Big Data zu Whistleblowern:<\/strong> Die Shortlist zum Anglizismus des Jahres 2013 &#8230; <a href=\"http:\/\/www.sprachlog.de\/2013\/12\/04\/die-shortlist-zum-anglizismus-des-jahres-2013\/\" target=\"_blank\">sprachlog<\/a><\/p>\n<blockquote class=\"twitter-tweet\" lang=\"de\">\n<p>Ich pl\u00e4diere daf\u00fcr, &quot;alternativlos&quot; zum Unwort des Jahres 2013 zu w\u00e4hlen. F\u00fcr mich ist das alternativlos.<\/p>\n<p>&mdash; dunkelmunkel (@dunkelmunkel) <a href=\"https:\/\/twitter.com\/dunkelmunkel\/statuses\/407996414095278080\">3. Dezember 2013<\/a><\/p><\/blockquote>\n<p><script async src=\"\/\/platform.twitter.com\/widgets.js\" charset=\"utf-8\"><\/script><\/p>\n<p><strong>Klimaschutzkonzepte im Sauerland:<\/strong> Nur Marsberg liegt gut im Rennen &#8230; <a href=\"http:\/\/sbl-fraktion.de\/?p=3635\" target=\"_blank\">sbl<\/a><\/p>\n<p>&nbsp;<\/p>\n","protected":false},"excerpt":{"rendered":"<p>Paranoia: Als ich einmal den Lichtschalter bet\u00e4tigt hatte und pl\u00f6tzlich die Sonne ausging &#8230; endoplast Angewandter Zynismus: Wie verhindern wir, dass Kinder ihren ALG-2-Eltern und damit der Gemeinschaft zur Last &hellip; <a href=\"https:\/\/www.schiebener.net\/wordpress\/umleitung-heute-ist-von-zynismus-ueber-ironie-bis-zum-bitteren-ernst-alles-dabei-selber-gucken-und-klicken\/\" class=\"more-link\"><span class=\"screen-reader-text\">\u201eUmleitung: heute ist von Zynismus \u00fcber Ironie bis zum bitteren Ernst alles dabei. Selber gucken und klicken!\u201c <\/span>weiterlesen<\/a><\/p>\n","protected":false},"author":3,"featured_media":0,"comment_status":"open","ping_status":"open","sticky":false,"template":"","format":"standard","meta":{"footnotes":""},"categories":[3,319,674,854,80,32,24,2782,71,379,549],"tags":[362,4246,556,2020,4472,96,13,622],"class_list":["post-26635","post","type-post","status-publish","format-standard","hentry","category-bildung-und-schule","category-geschichte","category-kultur","category-kunst","category-lokales","category-medien","category-politik","category-satire","category-sport","category-umleitung","category-umwelt","tag-antisemitismus","tag-funke-gruppe","tag-homoopathie","tag-mitgliederbefragung","tag-nsa","tag-pisa","tag-spd","tag-wr"],"_links":{"self":[{"href":"https:\/\/www.schiebener.net\/wordpress\/wp-json\/wp\/v2\/posts\/26635","targetHints":{"allow":["GET"]}}],"collection":[{"href":"https:\/\/www.schiebener.net\/wordpress\/wp-json\/wp\/v2\/posts"}],"about":[{"href":"https:\/\/www.schiebener.net\/wordpress\/wp-json\/wp\/v2\/types\/post"}],"author":[{"embeddable":true,"href":"https:\/\/www.schiebener.net\/wordpress\/wp-json\/wp\/v2\/users\/3"}],"replies":[{"embeddable":true,"href":"https:\/\/www.schiebener.net\/wordpress\/wp-json\/wp\/v2\/comments?post=26635"}],"version-history":[{"count":0,"href":"https:\/\/www.schiebener.net\/wordpress\/wp-json\/wp\/v2\/posts\/26635\/revisions"}],"wp:attachment":[{"href":"https:\/\/www.schiebener.net\/wordpress\/wp-json\/wp\/v2\/media?parent=26635"}],"wp:term":[{"taxonomy":"category","embeddable":true,"href":"https:\/\/www.schiebener.net\/wordpress\/wp-json\/wp\/v2\/categories?post=26635"},{"taxonomy":"post_tag","embeddable":true,"href":"https:\/\/www.schiebener.net\/wordpress\/wp-json\/wp\/v2\/tags?post=26635"}],"curies":[{"name":"wp","href":"https:\/\/api.w.org\/{rel}","templated":true}]}}