{"id":26361,"date":"2013-11-10T22:32:42","date_gmt":"2013-11-10T21:32:42","guid":{"rendered":"http:\/\/www.schiebener.net\/wordpress\/?p=26361"},"modified":"2013-11-10T22:34:16","modified_gmt":"2013-11-10T21:34:16","slug":"arnsberger-piraten-waehlen-ihre-spitzenkandidaten-fuer-die-kommunalwahlen-im-mai-2014","status":"publish","type":"post","link":"https:\/\/www.schiebener.net\/wordpress\/arnsberger-piraten-waehlen-ihre-spitzenkandidaten-fuer-die-kommunalwahlen-im-mai-2014\/","title":{"rendered":"Arnsberger Piraten w\u00e4hlen ihre Spitzenkandidaten f\u00fcr die Kommunalwahlen im Mai 2014"},"content":{"rendered":"<figure id=\"attachment_26362\" aria-describedby=\"caption-attachment-26362\" style=\"width: 614px\" class=\"wp-caption aligncenter\"><a href=\"http:\/\/www.schiebener.net\/wordpress\/?attachment_id=26362\" rel=\"attachment wp-att-26362\"><img loading=\"lazy\" decoding=\"async\" class=\" wp-image-26362\" title=\"Piratenteam Arnsberg\" alt=\"Presse_AVArnsberg201311\" src=\"http:\/\/www.schiebener.net\/wordpress\/wp-content\/uploads\/2013\/11\/Presse_AVArnsberg201311.jpg\" width=\"614\" height=\"270\" srcset=\"https:\/\/www.schiebener.net\/wordpress\/wp-content\/uploads\/2013\/11\/Presse_AVArnsberg201311.jpg 1024w, https:\/\/www.schiebener.net\/wordpress\/wp-content\/uploads\/2013\/11\/Presse_AVArnsberg201311-300x131.jpg 300w\" sizes=\"auto, (max-width: 709px) 85vw, (max-width: 909px) 67vw, (max-width: 984px) 61vw, (max-width: 1362px) 45vw, 600px\" \/><\/a><figcaption id=\"caption-attachment-26362\" class=\"wp-caption-text\">Die Aufstellungsversammlung der Piratenpartei Arnsberg am 09.11.2013 &#8211; Im Vordergrund das Spitzenteam mit Schal von links nach rechts: Sven Salewski, Daniel Wagner und Reinhold Karle. Au\u00dferdem: hinten links Maik Karle (Listenplatz 5), 2. hinten von rechts Ronny G\u00e4ngler (Listenplatz 4) und rechts Pia V\u00f6lker (Listenplatz 6) (foto: piraten)<\/figcaption><\/figure>\n<p><strong>Arnsberg. (<a href=\"http:\/\/piratenpartei-hsk.de\/arnsberg-piraten-bereit-fuer-die-stadtratswahlen-2014\/\" target=\"_blank\">piraten_pm<\/a>) Am Samstag, den 09.11.2013, kamen die Piraten aus Arnsberg zusammen, um gemeinsam die Reserveliste und die Wahlkreisbewerber f\u00fcr die Kommunalwahlen 2014 am 25.05.2014 zu w\u00e4hlen. Die Piraten treten damit zum ersten Mal zu Ratswahlen in Arnsberg an.<br \/>\n<\/strong><br \/>\nDie Piratenpartei wird 2014 stadtweit in Arnsberg zur Kommunalwahl antreten. Als Spitzenkandidaten schicken die Piraten den 20-j\u00e4hrigen Daniel Wagner in die Wahlen, der mit dem Listenplatz 2 Reinhold Karle und Listenplatz 3 Sven Salewski das Spitzenteam f\u00fcr die Stadtratswahlen bildet.<\/p>\n<p>&#8222;Das Ziel ist es jetzt, den B\u00fcrgerinnen und B\u00fcrgern unsere Inhalte n\u00e4her zu bringen, damit wir eine Chance bekommen diese bis 2020 im Rat zu verwirklichen. Mit den Piraten beginnt eine neue \u00c4ra der politischen Ideen f\u00fcr Arnsberg&#8220;, so der frisch gew\u00e4hlte Spitzenkandidat Wagner.<\/p>\n","protected":false},"excerpt":{"rendered":"<p>Arnsberg. (piraten_pm) Am Samstag, den 09.11.2013, kamen die Piraten aus Arnsberg zusammen, um gemeinsam die Reserveliste und die Wahlkreisbewerber f\u00fcr die Kommunalwahlen 2014 am 25.05.2014 zu w\u00e4hlen. Die Piraten treten &hellip; <a href=\"https:\/\/www.schiebener.net\/wordpress\/arnsberger-piraten-waehlen-ihre-spitzenkandidaten-fuer-die-kommunalwahlen-im-mai-2014\/\" class=\"more-link\"><span class=\"screen-reader-text\">\u201eArnsberger Piraten w\u00e4hlen ihre Spitzenkandidaten f\u00fcr die Kommunalwahlen im Mai 2014\u201c <\/span>weiterlesen<\/a><\/p>\n","protected":false},"author":17,"featured_media":0,"comment_status":"open","ping_status":"open","sticky":false,"template":"","format":"standard","meta":{"footnotes":""},"categories":[303,80,1890,1043],"tags":[1350,4660,4432,655],"class_list":["post-26361","post","type-post","status-publish","format-standard","hentry","category-in-unserem-briefkasten","category-lokales","category-polen","category-pressemitteilungen","tag-arnsberg","tag-kommunalwahlen-2014","tag-piratenpartei-hsk","tag-pressemitteilung"],"_links":{"self":[{"href":"https:\/\/www.schiebener.net\/wordpress\/wp-json\/wp\/v2\/posts\/26361","targetHints":{"allow":["GET"]}}],"collection":[{"href":"https:\/\/www.schiebener.net\/wordpress\/wp-json\/wp\/v2\/posts"}],"about":[{"href":"https:\/\/www.schiebener.net\/wordpress\/wp-json\/wp\/v2\/types\/post"}],"author":[{"embeddable":true,"href":"https:\/\/www.schiebener.net\/wordpress\/wp-json\/wp\/v2\/users\/17"}],"replies":[{"embeddable":true,"href":"https:\/\/www.schiebener.net\/wordpress\/wp-json\/wp\/v2\/comments?post=26361"}],"version-history":[{"count":0,"href":"https:\/\/www.schiebener.net\/wordpress\/wp-json\/wp\/v2\/posts\/26361\/revisions"}],"wp:attachment":[{"href":"https:\/\/www.schiebener.net\/wordpress\/wp-json\/wp\/v2\/media?parent=26361"}],"wp:term":[{"taxonomy":"category","embeddable":true,"href":"https:\/\/www.schiebener.net\/wordpress\/wp-json\/wp\/v2\/categories?post=26361"},{"taxonomy":"post_tag","embeddable":true,"href":"https:\/\/www.schiebener.net\/wordpress\/wp-json\/wp\/v2\/tags?post=26361"}],"curies":[{"name":"wp","href":"https:\/\/api.w.org\/{rel}","templated":true}]}}