{"id":26295,"date":"2013-11-05T22:41:39","date_gmt":"2013-11-05T21:41:39","guid":{"rendered":"http:\/\/www.schiebener.net\/wordpress\/?p=26295"},"modified":"2013-11-05T22:42:57","modified_gmt":"2013-11-05T21:42:57","slug":"winterberg-spd-stadtverband-bereitet-sich-auf-die-kommunalwahl-2014-vor-wunsch-nach-fruehzeitigen-buergermeisterwahlen","status":"publish","type":"post","link":"https:\/\/www.schiebener.net\/wordpress\/winterberg-spd-stadtverband-bereitet-sich-auf-die-kommunalwahl-2014-vor-wunsch-nach-fruehzeitigen-buergermeisterwahlen\/","title":{"rendered":"Winterberg: SPD Stadtverband bereitet sich auf die Kommunalwahl 2014 vor. Wunsch nach fr\u00fchzeitigen B\u00fcrgermeisterwahlen."},"content":{"rendered":"<p><img loading=\"lazy\" decoding=\"async\" src=\"http:\/\/www.schiebener.net\/wordpress\/wp-content\/uploads\/2009\/02\/lt_briefkasten01.jpg\" alt=\"In unserem Briefkasten\" width=\"120\" height=\"91\" class=\"alignleft size-full wp-image-2182\" \/><strong>Winterberg. (spd_pm) In seiner letzten Sitzung hat sich der Vorstand des SPD-Stadtverbandes Winterberg mit den Vorbereitungen zur Kommunalwahl im Mai 2014 besch\u00e4ftigt.<\/strong> <\/p>\n<p>Nicht alle Tagesordnungspunkte h\u00e4tten behandelt werden k\u00f6nnen, da dem SPD-Stadtverbandsvorstand zur Zeit nicht bekannt sei, ob B\u00fcrgermeister Werner Eickler sich schon im Mai 2014 zur Wahl stellen wird. <\/p>\n<p>&#8222;Allein aus Gr\u00fcnden der Kostenersparnis w\u00fcrde die SPD-Winterberg einen entsprechenden Entschluss des B\u00fcrgermeisters begr\u00fc\u00dfen&#8220;, so der Vorsitzende, Andreas Ott.<\/p>\n","protected":false},"excerpt":{"rendered":"<p>Winterberg. (spd_pm) In seiner letzten Sitzung hat sich der Vorstand des SPD-Stadtverbandes Winterberg mit den Vorbereitungen zur Kommunalwahl im Mai 2014 besch\u00e4ftigt. Nicht alle Tagesordnungspunkte h\u00e4tten behandelt werden k\u00f6nnen, da &hellip; <a href=\"https:\/\/www.schiebener.net\/wordpress\/winterberg-spd-stadtverband-bereitet-sich-auf-die-kommunalwahl-2014-vor-wunsch-nach-fruehzeitigen-buergermeisterwahlen\/\" class=\"more-link\"><span class=\"screen-reader-text\">\u201eWinterberg: SPD Stadtverband bereitet sich auf die Kommunalwahl 2014 vor. Wunsch nach fr\u00fchzeitigen B\u00fcrgermeisterwahlen.\u201c <\/span>weiterlesen<\/a><\/p>\n","protected":false},"author":17,"featured_media":0,"comment_status":"open","ping_status":"open","sticky":false,"template":"","format":"standard","meta":{"footnotes":""},"categories":[303,80,24,1043],"tags":[4646,655,1980],"class_list":["post-26295","post","type-post","status-publish","format-standard","hentry","category-in-unserem-briefkasten","category-lokales","category-politik","category-pressemitteilungen","tag-buergermeister-werner-eickler","tag-pressemitteilung","tag-spd-winterberg"],"_links":{"self":[{"href":"https:\/\/www.schiebener.net\/wordpress\/wp-json\/wp\/v2\/posts\/26295","targetHints":{"allow":["GET"]}}],"collection":[{"href":"https:\/\/www.schiebener.net\/wordpress\/wp-json\/wp\/v2\/posts"}],"about":[{"href":"https:\/\/www.schiebener.net\/wordpress\/wp-json\/wp\/v2\/types\/post"}],"author":[{"embeddable":true,"href":"https:\/\/www.schiebener.net\/wordpress\/wp-json\/wp\/v2\/users\/17"}],"replies":[{"embeddable":true,"href":"https:\/\/www.schiebener.net\/wordpress\/wp-json\/wp\/v2\/comments?post=26295"}],"version-history":[{"count":0,"href":"https:\/\/www.schiebener.net\/wordpress\/wp-json\/wp\/v2\/posts\/26295\/revisions"}],"wp:attachment":[{"href":"https:\/\/www.schiebener.net\/wordpress\/wp-json\/wp\/v2\/media?parent=26295"}],"wp:term":[{"taxonomy":"category","embeddable":true,"href":"https:\/\/www.schiebener.net\/wordpress\/wp-json\/wp\/v2\/categories?post=26295"},{"taxonomy":"post_tag","embeddable":true,"href":"https:\/\/www.schiebener.net\/wordpress\/wp-json\/wp\/v2\/tags?post=26295"}],"curies":[{"name":"wp","href":"https:\/\/api.w.org\/{rel}","templated":true}]}}