{"id":2609,"date":"2009-03-12T22:50:07","date_gmt":"2009-03-12T21:50:07","guid":{"rendered":"http:\/\/www.schiebener.net\/wordpress\/?p=2609"},"modified":"2009-03-12T22:50:07","modified_gmt":"2009-03-12T21:50:07","slug":"schulbusse-aus-dem-takt-schuler-am-ende-des-schultages-ohne-anschluss","status":"publish","type":"post","link":"https:\/\/www.schiebener.net\/wordpress\/schulbusse-aus-dem-takt-schuler-am-ende-des-schultages-ohne-anschluss\/","title":{"rendered":"Schulbusse aus dem Takt: Sch\u00fcler am Ende des Schultages ohne Anschluss"},"content":{"rendered":"<figure id=\"attachment_2612\" aria-describedby=\"caption-attachment-2612\" style=\"width: 420px\" class=\"wp-caption aligncenter\"><img loading=\"lazy\" decoding=\"async\" class=\"size-full wp-image-2612\" title=\"Einer f\u00e4hrt noch\" src=\"http:\/\/www.schiebener.net\/wordpress\/wp-content\/uploads\/2009\/03\/schulbus01.jpg\" alt=\"Schulbusse - unverzichtbar im l\u00e4ndlichen Raum\" width=\"420\" height=\"237\" srcset=\"https:\/\/www.schiebener.net\/wordpress\/wp-content\/uploads\/2009\/03\/schulbus01.jpg 420w, https:\/\/www.schiebener.net\/wordpress\/wp-content\/uploads\/2009\/03\/schulbus01-300x169.jpg 300w\" sizes=\"auto, (max-width: 420px) 85vw, 420px\" \/><figcaption id=\"caption-attachment-2612\" class=\"wp-caption-text\">Schulbusse - unverzichtbar im l\u00e4ndlichen Raum<\/figcaption><\/figure>\n<p>Seit die Bildungspolitiker die Pisa-Peitsche ausgepackt haben geht es rund an den Schulen. Die einfache L\u00f6sung hei\u00dft bei uns: Gesamtschulzeit verk\u00fcrzen,  Unterrichtsstunden pro Tag erh\u00f6hen, mehr testen, mehr erwarten. Da sollen Ganztagsschulbetriebe eingerichtet werden, wo weder die Gelder noch die baulichen Voraussetzungen vorhanden sind.<\/p>\n<p>W\u00e4hrend in anderen L\u00e4ndern, wie zum Beispiel Gro\u00dfbritannien s\u00e4mtliche (!) Klassenzimmer mit digitalen &#8222;Whiteboards&#8220; ausgestattet sind, schleppen bei uns die Eltern Eimer mit wei\u00dfer Farbe in die Klassenr\u00e4ume um in Eigenarbeit zu flicken, was die Schultr\u00e4ger selbst nicht mehr renovieren k\u00f6nnen.<\/p>\n<p>In den Schulen werden potjemkinsche Scheinprojekte erfunden, die dann als Erfolg gefeiert werden. Zweckr\u00e4ume werden zu &#8222;Lernstudios&#8220; umgewidmet, Aktenordner zu Portfolios.  Wenn dann die Schulinspektoren weiter gezogen sind, k\u00f6nnen die Fassaden weiter br\u00f6seln und br\u00f6ckeln und die Lehrerinnen und Lehrer haben immer noch keinen Arbeitsplatz an der Schule.<\/p>\n<p>Das ist nat\u00fcrlich alles ma\u00dflos \u00fcbertrieben und liest sich wie ein substanzloser Rundumschlag. Darum an dieser Stelle ein Detail, welches mich richtig \u00e4rgert.<\/p>\n<p>Als die Schule noch von der ersten bis zur sechsten Stunde dauerte, fuhren hier im l\u00e4ndlichen Raum die Busse zur  ersten Stunde und brachten die Sch\u00fcler von der sechsten Stunde nach Hause.<\/p>\n<p>Dazu muss man wissen, dass die Busunternehmen ihr Geld hier bei uns wahrscheinlich mit fast nur einer einzigen Klientel machen &#8211; den Sch\u00fclern. Ich schreibe &#8222;wahrscheinlich&#8220;, weil  diese Erkenntnis allein auf Augenschein beruht.<\/p>\n<p>Schulbeginn \/ Schulende: Busse voll mit Sch\u00fclern &#8211; keine Schulzeit: Busse leer oder keine Busse.<\/p>\n<p>Seit der Verk\u00fcrzung der Gymnasialzeit auf 8 Jahre (G-8) sind die  Stundenpl\u00e4ne voll gepackt bis zur 7., 8., 9. und 10. Stunde. Wenn die Sch\u00fcler  Schulschluss haben, steht dann aber oft kein Bus mehr vor der Schule. Wenn sie Gl\u00fcck haben steht da &#8222;Taxi Mama&#8220;. Die Busgesellschaften passen ihre Fahrpl\u00e4ne sehr selten den Stundenpl\u00e4nen der Schulen an.<\/p>\n<p>Dies kann dazu f\u00fchren, dass ein Sch\u00fcler zwar nur eine Stunde mehr Unterricht hat, sagen wir mal bis zur 7. Stunde, dann aber kein Bus mehr f\u00e4hrt und die Sch\u00fclerin eine weitere Stunde warten muss bis ein Bus f\u00e4hrt. Eine Stunde mehr Unterricht zwei Stunden sp\u00e4ter zu Hause. Es sei denn vor der Schule wartet &#8222;Taxi Mama&#8220;.<\/p>\n<p>Dieser Bus f\u00e4hrt dann eventuell nicht von der Schule, sondern von einer  entfernteren Linienbushaltestelle. Und das Gleiche kann nach der 8., 9. und 10. Stunde passieren.<\/p>\n<p>Die Busgesellschaften scheint das nicht zu st\u00f6ren, denn sie m\u00fcssen einem h\u00f6heren Zweck gehorchen, der Taktung an die IC-Fahrpl\u00e4ne.<\/p>\n<p>Es gibt  Sch\u00fclerinnen und Sch\u00fcler, die erst um 17 Uhr zu Hause sind und dann noch Hausaufgaben machen d\u00fcrfen.<\/p>\n<p>Der Schultag in Deutschland ist oft v\u00f6llig fern des gesunden Menschenverstandes, weil zu viele K\u00f6che im Bildungsbrei herum r\u00fchren.<\/p>\n<p>In diesem Beispiel, waren es die Busgesellschaften. Die sitzen am l\u00e4ngeren Hebel, es sei denn die Eltern w\u00fcrden etwas unternehmen, aber die fahren anscheinend lieber &#8222;Taxi Mama&#8220; und kaufen noch zus\u00e4tzlich die Sch\u00fclerfahrkarte!<\/p>\n<p>Am besten w\u00e4re wahrscheinlich eine allgemeiner t\u00e4glicher Ganztag von beispielsweise 8:30 bis 15:30 wie er auch in anderen L\u00e4ndern \u00fcblich ist. Dann g\u00e4be es auch nur zwei Tageszeiten, an denen die Busse fahren m\u00fcssten. Einmal hin und einmal zur\u00fcck.<\/p>\n","protected":false},"excerpt":{"rendered":"<p>Seit die Bildungspolitiker die Pisa-Peitsche ausgepackt haben geht es rund an den Schulen. Die einfache L\u00f6sung hei\u00dft bei uns: Gesamtschulzeit verk\u00fcrzen, Unterrichtsstunden pro Tag erh\u00f6hen, mehr testen, mehr erwarten. Da &hellip; <a href=\"https:\/\/www.schiebener.net\/wordpress\/schulbusse-aus-dem-takt-schuler-am-ende-des-schultages-ohne-anschluss\/\" class=\"more-link\"><span class=\"screen-reader-text\">\u201eSchulbusse aus dem Takt: Sch\u00fcler am Ende des Schultages ohne Anschluss\u201c <\/span>weiterlesen<\/a><\/p>\n","protected":false},"author":3,"featured_media":0,"comment_status":"open","ping_status":"open","sticky":false,"template":"","format":"standard","meta":{"footnotes":""},"categories":[3],"tags":[402],"class_list":["post-2609","post","type-post","status-publish","format-standard","hentry","category-bildung-und-schule","tag-schulbusse"],"_links":{"self":[{"href":"https:\/\/www.schiebener.net\/wordpress\/wp-json\/wp\/v2\/posts\/2609","targetHints":{"allow":["GET"]}}],"collection":[{"href":"https:\/\/www.schiebener.net\/wordpress\/wp-json\/wp\/v2\/posts"}],"about":[{"href":"https:\/\/www.schiebener.net\/wordpress\/wp-json\/wp\/v2\/types\/post"}],"author":[{"embeddable":true,"href":"https:\/\/www.schiebener.net\/wordpress\/wp-json\/wp\/v2\/users\/3"}],"replies":[{"embeddable":true,"href":"https:\/\/www.schiebener.net\/wordpress\/wp-json\/wp\/v2\/comments?post=2609"}],"version-history":[{"count":0,"href":"https:\/\/www.schiebener.net\/wordpress\/wp-json\/wp\/v2\/posts\/2609\/revisions"}],"wp:attachment":[{"href":"https:\/\/www.schiebener.net\/wordpress\/wp-json\/wp\/v2\/media?parent=2609"}],"wp:term":[{"taxonomy":"category","embeddable":true,"href":"https:\/\/www.schiebener.net\/wordpress\/wp-json\/wp\/v2\/categories?post=2609"},{"taxonomy":"post_tag","embeddable":true,"href":"https:\/\/www.schiebener.net\/wordpress\/wp-json\/wp\/v2\/tags?post=2609"}],"curies":[{"name":"wp","href":"https:\/\/api.w.org\/{rel}","templated":true}]}}