{"id":25991,"date":"2013-10-17T22:47:16","date_gmt":"2013-10-17T20:47:16","guid":{"rendered":"http:\/\/www.schiebener.net\/wordpress\/?p=25991"},"modified":"2013-10-21T23:49:38","modified_gmt":"2013-10-21T21:49:38","slug":"arnsberg-spd-fordert-radweg-entlang-der-hellefelder-strasse","status":"publish","type":"post","link":"https:\/\/www.schiebener.net\/wordpress\/arnsberg-spd-fordert-radweg-entlang-der-hellefelder-strasse\/","title":{"rendered":"Update: Arnsberg &#8211; SPD fordert Radweg entlang der Hellefelder Stra\u00dfe"},"content":{"rendered":"<figure id=\"attachment_12522\" aria-describedby=\"caption-attachment-12522\" style=\"width: 154px\" class=\"wp-caption alignleft\"><a href=\"http:\/\/www.schiebener.net\/wordpress\/wp-content\/uploads\/2011\/06\/fahrradfahrer.jpg\" target=\"_blank\"><img loading=\"lazy\" decoding=\"async\" class=\" wp-image-12522  \" title=\"&quot;Fahrradfahrer&quot; in Bad Karlshafen\" alt=\"Dieser &quot;Fahrradfahrer&quot; in Bad Karlshafen hat keine Angst vor Autos. \" src=\"http:\/\/www.schiebener.net\/wordpress\/wp-content\/uploads\/2011\/06\/fahrradfahrer.jpg\" width=\"154\" height=\"178\" srcset=\"https:\/\/www.schiebener.net\/wordpress\/wp-content\/uploads\/2011\/06\/fahrradfahrer.jpg 320w, https:\/\/www.schiebener.net\/wordpress\/wp-content\/uploads\/2011\/06\/fahrradfahrer-258x300.jpg 258w\" sizes=\"auto, (max-width: 154px) 85vw, 154px\" \/><\/a><figcaption id=\"caption-attachment-12522\" class=\"wp-caption-text\">Dieser &#8222;Fahrradfahrer&#8220; in Bad Karlshafen hat keine Angst vor Autos. (archiv: zoom)<\/figcaption><\/figure>\n<p><strong>Arnsberg. (spd_pm) Die Arnsberger SPD-Fraktion fordert einen Radweg entlang der Hellefelder Stra\u00dfe.<\/strong><\/p>\n<p>Ich muss gestehen, dass ich mich zwar gerne f\u00fcr die Belange der Radfahrer einsetze, mir allerdings die genaue Situation in Arnsberg nicht aus eigener Anschauung bekannt ist. Ich bitte um LeserInnen-Input.<\/p>\n<p>Der Eingangssatz der SPD-Pressemeldung ist mir ebenfalls nicht ganz klar: &#8222;vor einigen Jahren hatten wir schon einmal einen Antrag zur Einrichtung eines Fahrradweges an der Hellefelder Stra\u00dfe gestellt. Dieser stie\u00df zwar seinerzeit auf Wohlwollen, ist aber letztlich gescheitert.&#8220;<\/p>\n<p>Meine Frage an die politischen Akteure in Arnberg w\u00e4re, warum ein Antrag &#8222;auf Wohlwollen&#8220; sto\u00dfen konnte und dann doch &#8222;letztlich gescheitert&#8220; ist.<\/p>\n<p><strong>Update:<\/strong> Die SPD Arnsberg hat inzwischen auf meine Frage geantwortet:<\/p>\n<blockquote><p>Ein erster Antrag wurde von Frau Hahnwald am 5. Juli 2010 an die Verwaltung gestellt. Damals sollte der Antrag im Arbeitsprogramm der Verwaltung bez\u00fcgl. der Erstellung von Radverkehrsanlagen ber\u00fccksichtigt werden. Im Mai 2011 wurde dann mitgeteilt, dass die Verwaltung keine kurzfristigen Handlungsm\u00f6glichkeiten sieht.<\/p><\/blockquote>\n<p><strong>Hier die Pressemeldung:<\/strong><\/p>\n<p>Zukunftsagentur\/Stadtentwicklung<br \/>\nHerrn<br \/>\nThomas Vielhaber<\/p>\n<p>Sehr geehrter Herr Vielhaber,<\/p>\n<p>vor einigen Jahren hatten wir schon einmal einen Antrag zur Einrichtung eines Fahrradweges an der Hellefelder Stra\u00dfe gestellt.<\/p>\n<figure id=\"attachment_26032\" aria-describedby=\"caption-attachment-26032\" style=\"width: 512px\" class=\"wp-caption aligncenter\"><img loading=\"lazy\" decoding=\"async\" class=\"size-full wp-image-26032\" alt=\"Die Hellefelder Stra\u00dfe - vielbefahren und kein Platz f\u00fcr Radfahrer. (foto: spd arnsberg)\" src=\"http:\/\/www.schiebener.net\/wordpress\/wp-content\/uploads\/2013\/10\/SPDArnsbergHellefelderStrasse201310.jpg\" width=\"512\" height=\"323\" srcset=\"https:\/\/www.schiebener.net\/wordpress\/wp-content\/uploads\/2013\/10\/SPDArnsbergHellefelderStrasse201310.jpg 512w, https:\/\/www.schiebener.net\/wordpress\/wp-content\/uploads\/2013\/10\/SPDArnsbergHellefelderStrasse201310-300x189.jpg 300w\" sizes=\"auto, (max-width: 512px) 85vw, 512px\" \/><figcaption id=\"caption-attachment-26032\" class=\"wp-caption-text\">Die Hellefelder Stra\u00dfe &#8211; vielbefahren und kein Platz f\u00fcr Radfahrer. (foto: spd arnsberg)<\/figcaption><\/figure>\n<p>Dieser stie\u00df zwar seinerzeit auf Wohlwollen, ist aber letztlich gescheitert. Die Bedeutung der Stra\u00dfe auch f\u00fcr Radfahrer hat in der Zwischenzeit noch zugenommen, w\u00e4hrend sich an der gef\u00e4hrlichen Situation f\u00fcr Radfahrer sich nichts ge\u00e4ndert hat. Darum ist es angezeigt, dieses Problem noch einmal aufzugreifen.<br \/>\n<!--more--><br \/>\nBegr\u00fcndung<br \/>\nArnsberg will nicht nur den Radtourismus f\u00f6rdern, sondern sich auch verst\u00e4rkt dem \u201eAlltagsradverkehr\u201c widmen. Vorrang sollten dabei besonders stark frequentierte und gef\u00e4hrliche Strecken haben.<\/p>\n<p>Dies trifft auf die Hellefelder Stra\u00dfe in besonderem Ma\u00dfe zu. An der damaligen Situation hat sich nichts ge\u00e4ndert. Die Hellefelder Stra\u00dfe, insbesondere vom Kreisverkehr \u201eTeutenburg\u201c bis zur Einm\u00fcndung Wetterhofstra\u00dfe, ist gerade durch den Schwerlastverkehr der Firma Reno de Medici eine vielbefahrene Hauptverkehrsstra\u00dfe. Die Verkehrsbelastung d\u00fcrfte sich angesichts der anstehenden Produktionserweiterung noch vergr\u00f6\u00dfern.<\/p>\n<p>Gleichzeitig ist die Stra\u00dfe der offizielle Schulweg f\u00fcr den Bereich Arnsberg-S\u00fcd. Dies gilt sowohl f\u00fcr das Schulzentrum im Eichholz, wie auch f\u00fcr das Gymnasium Laurentianum und weitere Schulen. Mit der Einrichtung der Sekundarschule ist die Bedeutung als Schulweg noch einmal gewachsen.<\/p>\n<p>Ein nicht unbetr\u00e4chtlicher Teil der Sch\u00fclerinnen und Sch\u00fcler kommt mit dem Fahrrad zur Schule. Selbstverst\u00e4ndlich wird die Hellefelderstra\u00dfe auch von zahlreichen weiteren Fahrradfahrern genutzt. Zumindest auf Teilen der Stra\u00dfe d\u00fcrfte der Fahrradverkehr mit der Einrichtung des Naturerlebnisraumes an der Rundturnhalle und dem Fitness- und Gesundheitszentrums des TV Arnsberg im alten Hallenbad noch zunehmen. Die Fahrradfahrer werden insbesondere durch den Schwerlastverkehr stark gef\u00e4hrdet.<\/p>\n<p>Die L\u00f6sung des Problems k\u00f6nnte die Trennung von Fahrrad und Autoverkehr durch die Schaffung eines Radweges sein. Dazu k\u00f6nnte auf der Seite des Betriebsgel\u00e4ndes von Reno de Medici der bisherige Parkstreifen, etwa ab der H\u00f6he der Sch\u00fctzenbr\u00fccke, umgewidmet und teilweise umgebaut werden. Auch vor dem Eisenbahn\u00fcbergang ist ein l\u00e4ngerer meist unbenutzter Streifen vorhanden.<\/p>\n<p>Ein Gro\u00dfteil der Parkstreifen diente fr\u00fcher als LKW Halteplatz, wird aber seit dem Bau des Parkplatzes im Alten Feld nicht mehr als solcher ben\u00f6tigt. Heute stehen dort \u00fcberwiegend Werbeanh\u00e4nger. Im weiteren Verlauf bis zur Wetterhofstra\u00dfe sind nur noch wenige H\u00e4user bewohnt, so dass hier auch der Parkstreifen nicht mehr unbedingt gebraucht wird. Auch hier k\u00f6nnte eine Umwidmung erfolgen. Auch eine Doppelnutzung f\u00fcr Fu\u00dfg\u00e4nger und Fahrradfahrer ist, wie auf dem St\u00fcck vom Kreisverkehr bis H\u00f6he Sch\u00fctzenbr\u00fccke denkbar.<\/p>\n<p>Die Verwaltung kann nat\u00fcrlich auch andere technische Umsetzungen erarbeiten. Dem vorliegenden Antrag geht es nicht um das Wie, sondern darum, dass an der Hellefelderstra\u00dfe ein Radweg zur Verringerung der Gef\u00e4hrdung von Fahrradfahrern eingerichtet wird.<\/p>\n<p>Ralf Paul Bittner, Fraktionsvorsitzender<br \/>\nErika Hahnwald, Ratsmitglied<br \/>\nB\u00e4rbel Risadelli, Fraktionsgesch\u00e4ftsf\u00fchrerin<\/p>\n","protected":false},"excerpt":{"rendered":"<p>Arnsberg. (spd_pm) Die Arnsberger SPD-Fraktion fordert einen Radweg entlang der Hellefelder Stra\u00dfe. Ich muss gestehen, dass ich mich zwar gerne f\u00fcr die Belange der Radfahrer einsetze, mir allerdings die genaue &hellip; <a href=\"https:\/\/www.schiebener.net\/wordpress\/arnsberg-spd-fordert-radweg-entlang-der-hellefelder-strasse\/\" class=\"more-link\"><span class=\"screen-reader-text\">\u201eUpdate: Arnsberg &#8211; SPD fordert Radweg entlang der Hellefelder Stra\u00dfe\u201c <\/span>weiterlesen<\/a><\/p>\n","protected":false},"author":3,"featured_media":0,"comment_status":"open","ping_status":"open","sticky":false,"template":"","format":"standard","meta":{"footnotes":""},"categories":[303,80,1043,618],"tags":[655,4594,2553],"class_list":["post-25991","post","type-post","status-publish","format-standard","hentry","category-in-unserem-briefkasten","category-lokales","category-pressemitteilungen","category-verkehr","tag-pressemitteilung","tag-radweg-hellefelder-strasse","tag-spd-arnsberg"],"_links":{"self":[{"href":"https:\/\/www.schiebener.net\/wordpress\/wp-json\/wp\/v2\/posts\/25991","targetHints":{"allow":["GET"]}}],"collection":[{"href":"https:\/\/www.schiebener.net\/wordpress\/wp-json\/wp\/v2\/posts"}],"about":[{"href":"https:\/\/www.schiebener.net\/wordpress\/wp-json\/wp\/v2\/types\/post"}],"author":[{"embeddable":true,"href":"https:\/\/www.schiebener.net\/wordpress\/wp-json\/wp\/v2\/users\/3"}],"replies":[{"embeddable":true,"href":"https:\/\/www.schiebener.net\/wordpress\/wp-json\/wp\/v2\/comments?post=25991"}],"version-history":[{"count":0,"href":"https:\/\/www.schiebener.net\/wordpress\/wp-json\/wp\/v2\/posts\/25991\/revisions"}],"wp:attachment":[{"href":"https:\/\/www.schiebener.net\/wordpress\/wp-json\/wp\/v2\/media?parent=25991"}],"wp:term":[{"taxonomy":"category","embeddable":true,"href":"https:\/\/www.schiebener.net\/wordpress\/wp-json\/wp\/v2\/categories?post=25991"},{"taxonomy":"post_tag","embeddable":true,"href":"https:\/\/www.schiebener.net\/wordpress\/wp-json\/wp\/v2\/tags?post=25991"}],"curies":[{"name":"wp","href":"https:\/\/api.w.org\/{rel}","templated":true}]}}