{"id":25987,"date":"2013-10-16T23:10:29","date_gmt":"2013-10-16T21:10:29","guid":{"rendered":"http:\/\/www.schiebener.net\/wordpress\/?p=25987"},"modified":"2013-10-16T23:10:29","modified_gmt":"2013-10-16T21:10:29","slug":"umleitung-fotosynthese-funke-medien-maximilians-universitaet-quandt-eine-schonungslose-lebensbilanz-und-ein-beengtes-credo-in-paderborn","status":"publish","type":"post","link":"https:\/\/www.schiebener.net\/wordpress\/umleitung-fotosynthese-funke-medien-maximilians-universitaet-quandt-eine-schonungslose-lebensbilanz-und-ein-beengtes-credo-in-paderborn\/","title":{"rendered":"Umleitung: Fotosynthese, Funke Medien, Maximilians-Universit\u00e4t, Quandt, eine schonungslose Lebensbilanz und ein beengtes Credo in Paderborn"},"content":{"rendered":"<figure id=\"attachment_25988\" aria-describedby=\"caption-attachment-25988\" style=\"width: 184px\" class=\"wp-caption alignleft\"><a href=\"http:\/\/www.schiebener.net\/wordpress\/wp-content\/uploads\/2013\/10\/allenbergbaugebiet20131012.jpg\" target=\"_blank\"><img loading=\"lazy\" decoding=\"async\" class=\" wp-image-25988  \" title=\"Allenberg Siedlinghausen\" alt=\"Allenberg Siedlinghausen\" src=\"http:\/\/www.schiebener.net\/wordpress\/wp-content\/uploads\/2013\/10\/allenbergbaugebiet20131012.jpg\" width=\"184\" height=\"246\" srcset=\"https:\/\/www.schiebener.net\/wordpress\/wp-content\/uploads\/2013\/10\/allenbergbaugebiet20131012.jpg 512w, https:\/\/www.schiebener.net\/wordpress\/wp-content\/uploads\/2013\/10\/allenbergbaugebiet20131012-224x300.jpg 224w\" sizes=\"auto, (max-width: 184px) 85vw, 184px\" \/><\/a><figcaption id=\"caption-attachment-25988\" class=\"wp-caption-text\">Die Baustra\u00dfe am Allenberg in Siedlinghausen (foto: zoom)<\/figcaption><\/figure>\n<p><strong>Wann entstand die Fotosynthese?<\/strong> Die Fotosynthese ist heute die wichtigste biochemische Reaktion des Planeten. Doch seit wann? &#8230; <a href=\"http:\/\/www.spektrum.de\/alias\/geochemie\/wann-entstand-die-fotosynthese\/1210667\" target=\"_blank\">spektrum<\/a><\/p>\n<p><strong>WAZ schlie\u00dft Lokalredaktionen:<\/strong> Die publizistische Versteppung des Ruhrgebiets geht weiter &#8230; <a href=\"http:\/\/www.faz.net\/aktuell\/waz-schliesst-lokalredaktionen-die-wueste-waechst-12620375.html\" target=\"_blank\">faznet <\/a><\/p>\n<p><strong>Funke und Springer:<\/strong> Sie machen Gesch\u00e4fte, und sie machen Lokalteile kaputt &#8230; <a href=\"http:\/\/charlyandfriends.blogspot.de\/2013\/10\/funke-und-springer-sie-machen-geschafte.html\" target=\"_blank\">charly&amp;friends<\/a><\/p>\n<p><strong>Fortschreitend:<\/strong> Bitter f\u00fcr die Kollegen. Es geht immer weiter mit dem Kahlschlag &#8230; <a href=\"http:\/\/absprung.wordpress.com\/2013\/10\/15\/fortschreitend\/\" target=\"_blank\">absprung<\/a><\/p>\n<p><strong>Neue Funke-Mogelpackung:<\/strong> Die WAZ-Axt der Funke-Mediengruppe kreist wieder \u2013 und schl\u00e4gt dieses Mal gleich an mehreren Stellen zu &#8230; <a href=\"http:\/\/www.medienmoral-nrw.de\/2013\/10\/neue-funke-mogelpackung-in-castrop-rauxel\/\" target=\"_blank\">medienmoral<\/a><\/p>\n<p><strong>Funke-Mediengruppe:<\/strong> Ruhr-Nachrichten-Verlag \u00fcbernimmt Castrop \u2013 Aus f\u00fcr Lokalteil Dorsten &#8230; <a href=\"http:\/\/www.ruhrbarone.de\/funke-mediengruppe-ruhr-nachrichten-uebernimmt-castrop-aus-fuer-lokalteil-dorsten\/\" target=\"_blank\">ruhrbarone<\/a><\/p>\n<p><strong>Putsch an der Ludwig-Maximilians-Universit\u00e4t M\u00fcnchen?<\/strong> Neue Regierungsform \u201cJubeldemokratie\u201d &#8230; <a href=\"http:\/\/erbloggtes.wordpress.com\/2013\/10\/15\/putsch-an-der-ludwig-maximilians-universitat-munchen-neue-regierungsform-jubeldemokratie\/#more-3254\" target=\"_blank\">erbloggtes<\/a><\/p>\n<p><strong>Credo:<\/strong> Christianisierung Europas im Mittelalter in Paderborn &#8230; <a href=\"http:\/\/schmalenstroer.net\/blog\/2013\/10\/credo-christianisierung-europas-im-mittelalter-in-paderborn\/\" target=\"_blank\">schmalenstroer<\/a><\/p>\n<p><strong>Pr\u00fcfung f\u00fcr den Papst:<\/strong> Limburgs Bischof Tebartz-van Elst wird Prunksucht und Verschwendung nachgesagt, das Gegenteil dessen, was der Papst predigt &#8230; <a href=\"http:\/\/post-von-horn.de\/2013\/10\/15\/pruefung-fuer-den-papst\/\" target=\"_blank\">postvonhorn<\/a><\/p>\n<p><strong>Freispruch:<\/strong> Warum die Familie Quandt v\u00f6llig unschuldig ist &#8230; <a href=\"http:\/\/www.wiesaussieht.de\/2013\/10\/16\/warum-die-familie-quandt-voellig-unschuldig-ist\/#more-5561\" target=\"_blank\">wiesaussieht<\/a><\/p>\n<p><strong>Verkehr im HSK:<\/strong> Instandsetzungsarbeiten am Busbahnhof Neheim &#8230; <a href=\"http:\/\/www.neheims-netz.de\/?p=5953\" target=\"_blank\">neheimsnetz<\/a><\/p>\n<p><strong>Eine schonungslose Lebensbilanz:<\/strong> Im \u201cWinterjournal\u201d zieht Paul Auster eine Bilanz seines Lebens. Der Autor, er ist jetzt Mitte 60, sp\u00fcrt, dass sein K\u00f6rper allm\u00e4hlich schw\u00e4cher wird &#8230; <a href=\"http:\/\/www.revierpassagen.de\/20764\/eine-schonungslose-lebensbilanz-paul-austers-winterjournal\/20131013_1207\" target=\"_blank\">revierpassagen<\/a><\/p>\n","protected":false},"excerpt":{"rendered":"<p>Wann entstand die Fotosynthese? Die Fotosynthese ist heute die wichtigste biochemische Reaktion des Planeten. Doch seit wann? &#8230; spektrum WAZ schlie\u00dft Lokalredaktionen: Die publizistische Versteppung des Ruhrgebiets geht weiter &#8230; &hellip; <a href=\"https:\/\/www.schiebener.net\/wordpress\/umleitung-fotosynthese-funke-medien-maximilians-universitaet-quandt-eine-schonungslose-lebensbilanz-und-ein-beengtes-credo-in-paderborn\/\" class=\"more-link\"><span class=\"screen-reader-text\">\u201eUmleitung: Fotosynthese, Funke Medien, Maximilians-Universit\u00e4t, Quandt, eine schonungslose Lebensbilanz und ein beengtes Credo in Paderborn\u201c <\/span>weiterlesen<\/a><\/p>\n","protected":false},"author":3,"featured_media":0,"comment_status":"open","ping_status":"open","sticky":false,"template":"","format":"standard","meta":{"footnotes":""},"categories":[3,218,80,32,5,49,379,618],"tags":[4589,4246,4590,4591,4593,4592,3973,394],"class_list":["post-25987","post","type-post","status-publish","format-standard","hentry","category-bildung-und-schule","category-bucher","category-lokales","category-medien","category-naturwissenschaft","category-religion","category-umleitung","category-verkehr","tag-fotosynthese","tag-funke-gruppe","tag-lmu","tag-muenchen","tag-paul-auster","tag-quandt","tag-schavan","tag-waz-kahlschlag"],"_links":{"self":[{"href":"https:\/\/www.schiebener.net\/wordpress\/wp-json\/wp\/v2\/posts\/25987","targetHints":{"allow":["GET"]}}],"collection":[{"href":"https:\/\/www.schiebener.net\/wordpress\/wp-json\/wp\/v2\/posts"}],"about":[{"href":"https:\/\/www.schiebener.net\/wordpress\/wp-json\/wp\/v2\/types\/post"}],"author":[{"embeddable":true,"href":"https:\/\/www.schiebener.net\/wordpress\/wp-json\/wp\/v2\/users\/3"}],"replies":[{"embeddable":true,"href":"https:\/\/www.schiebener.net\/wordpress\/wp-json\/wp\/v2\/comments?post=25987"}],"version-history":[{"count":0,"href":"https:\/\/www.schiebener.net\/wordpress\/wp-json\/wp\/v2\/posts\/25987\/revisions"}],"wp:attachment":[{"href":"https:\/\/www.schiebener.net\/wordpress\/wp-json\/wp\/v2\/media?parent=25987"}],"wp:term":[{"taxonomy":"category","embeddable":true,"href":"https:\/\/www.schiebener.net\/wordpress\/wp-json\/wp\/v2\/categories?post=25987"},{"taxonomy":"post_tag","embeddable":true,"href":"https:\/\/www.schiebener.net\/wordpress\/wp-json\/wp\/v2\/tags?post=25987"}],"curies":[{"name":"wp","href":"https:\/\/api.w.org\/{rel}","templated":true}]}}