{"id":25823,"date":"2013-10-05T15:07:00","date_gmt":"2013-10-05T13:07:00","guid":{"rendered":"http:\/\/www.schiebener.net\/wordpress\/?p=25823"},"modified":"2013-10-05T14:59:00","modified_gmt":"2013-10-05T12:59:00","slug":"demographischer-wandel-winterberg-sieht-ziemlich-alt-aus","status":"publish","type":"post","link":"https:\/\/www.schiebener.net\/wordpress\/demographischer-wandel-winterberg-sieht-ziemlich-alt-aus\/","title":{"rendered":"Demographischer Wandel &#8211; Winterberg sieht ziemlich alt aus"},"content":{"rendered":"<figure id=\"attachment_25835\" aria-describedby=\"caption-attachment-25835\" style=\"width: 512px\" class=\"wp-caption alignleft\"><a href=\"http:\/\/www.schiebener.net\/wordpress\/wp-content\/uploads\/2013\/10\/Kiwittsmoor.jpg\"><img loading=\"lazy\" decoding=\"async\" class=\"size-full wp-image-25835\" alt=\"Kiwittsmoor\" src=\"http:\/\/www.schiebener.net\/wordpress\/wp-content\/uploads\/2013\/10\/Kiwittsmoor.jpg\" width=\"512\" height=\"313\" srcset=\"https:\/\/www.schiebener.net\/wordpress\/wp-content\/uploads\/2013\/10\/Kiwittsmoor.jpg 512w, https:\/\/www.schiebener.net\/wordpress\/wp-content\/uploads\/2013\/10\/Kiwittsmoor-300x183.jpg 300w\" sizes=\"auto, (max-width: 512px) 85vw, 512px\" \/><\/a><figcaption id=\"caption-attachment-25835\" class=\"wp-caption-text\">Jugendliche im Freibad &#8211; in Winterberg fehlt beides (foto: zoom)<\/figcaption><\/figure>\n<p><strong>Mit der \u00dcberschrift<a href=\"http:\/\/www.derwesten.de\/staedte\/nachrichten-aus-brilon-marsberg-und-olsberg\/winterberg-hat-kreisweit-die-meisten-senioren-id8514949.html\" target=\"_blank\"> \u201cDemographischer Wandel &#8211; Winterberg hat kreisweit die meisten Senioren\u201d<\/a> erschreckte die Westfalenpost am 1. Oktober ihre Winterberger Leser.<\/strong><\/p>\n<p><a href=\"http:\/\/www.it.nrw.de\/presse\/pressemitteilungen\/2013\/pdf\/248_13.pdf\" target=\"_blank\">IT-NRW<\/a> hatte die Ergebnisse des Zensus von 2011 ver\u00f6ffentlich, wonach 23% der BewohnerInnen Winterbergs \u00fcber 65 Jahre alt sind. Auf dem zweiten Platz liegt Meschede mit 21,5%, dicht gefolgt von Arnsberg und Medebach. Die &#8218;j\u00fcngste&#8216; Stadt im Hochsauerlandkreis ist Eslohe mit einem Senioren- Anteil von lediglich 19,2%, w\u00e4hrend spitzenm\u00e4\u00dfige 20,6% der ElsoherInnen zwischen 0 und 18 Jahre alt sind. Lediglich 16,6% der WinterbergerInnen finden sich in der j\u00fcngsten Gruppe. Die h\u00f6chstgelegene Stadt NRWs sieht somit ziemlich alt aus.<\/p>\n<p>Offensichtlich f\u00fchlen sich die Senioren und Seniorinnen in Winterberg pudelwohl. Nach dem Eintritt in den Ruhestand verlassen sie gern die Ruhrgebiets-Metropolen und ziehen in das beschauliche Winterberg. Alteingesessene Winterberger lieben das vertraute Leben in der Kernstadt oder den umliegenden D\u00f6rfern.<\/p>\n<p>Leider treffen diese Aussagen nicht in gleichem Ma\u00dfe f\u00fcr Jugendliche und Familien mit Kindern zu. Jugendliche WinterbergInnen wandern ab, Familien kommen nicht in den Kurort am Kahlen Asten.<\/p>\n<p>Woran das liegt? Vermutlich h\u00e4ngt es mit einem Mangel an attraktiven Arbeitspl\u00e4tzen und\/oder Ausbildungsst\u00e4tten zusammen. Wenn diese fehlen, dann helfen auch keine g\u00fcnstigen Bodenpreise.<\/p>\n<p>In einem Interview mit der WP schl\u00e4gt der Vorsitzende des Arbeitskreises Initiative 60+ vor, Parkb\u00e4nke aufzustellen und das Angebot an Toiletten auszuweiten.<\/p>\n<p>Das Problem sind jedoch nicht die Senioren, das Problem ist der Mangel an jungen Menschen. Sie kommen, wenn sie im Sauerland qualifizierte Arbeitspl\u00e4tze finden und sie bleiben, wenn sie hier willkommen sind.<\/p>\n","protected":false},"excerpt":{"rendered":"<p>Mit der \u00dcberschrift \u201cDemographischer Wandel &#8211; Winterberg hat kreisweit die meisten Senioren\u201d erschreckte die Westfalenpost am 1. Oktober ihre Winterberger Leser. IT-NRW hatte die Ergebnisse des Zensus von 2011 ver\u00f6ffentlich, &hellip; <a href=\"https:\/\/www.schiebener.net\/wordpress\/demographischer-wandel-winterberg-sieht-ziemlich-alt-aus\/\" class=\"more-link\"><span class=\"screen-reader-text\">\u201eDemographischer Wandel &#8211; Winterberg sieht ziemlich alt aus\u201c <\/span>weiterlesen<\/a><\/p>\n","protected":false},"author":42,"featured_media":0,"comment_status":"open","ping_status":"open","sticky":false,"template":"","format":"standard","meta":{"footnotes":""},"categories":[1,542,80],"tags":[4567,322],"class_list":["post-25823","post","type-post","status-publish","format-standard","hentry","category-allgemein","category-arbeitswelt","category-lokales","tag-demographischer-wandel","tag-winterberg"],"_links":{"self":[{"href":"https:\/\/www.schiebener.net\/wordpress\/wp-json\/wp\/v2\/posts\/25823","targetHints":{"allow":["GET"]}}],"collection":[{"href":"https:\/\/www.schiebener.net\/wordpress\/wp-json\/wp\/v2\/posts"}],"about":[{"href":"https:\/\/www.schiebener.net\/wordpress\/wp-json\/wp\/v2\/types\/post"}],"author":[{"embeddable":true,"href":"https:\/\/www.schiebener.net\/wordpress\/wp-json\/wp\/v2\/users\/42"}],"replies":[{"embeddable":true,"href":"https:\/\/www.schiebener.net\/wordpress\/wp-json\/wp\/v2\/comments?post=25823"}],"version-history":[{"count":0,"href":"https:\/\/www.schiebener.net\/wordpress\/wp-json\/wp\/v2\/posts\/25823\/revisions"}],"wp:attachment":[{"href":"https:\/\/www.schiebener.net\/wordpress\/wp-json\/wp\/v2\/media?parent=25823"}],"wp:term":[{"taxonomy":"category","embeddable":true,"href":"https:\/\/www.schiebener.net\/wordpress\/wp-json\/wp\/v2\/categories?post=25823"},{"taxonomy":"post_tag","embeddable":true,"href":"https:\/\/www.schiebener.net\/wordpress\/wp-json\/wp\/v2\/tags?post=25823"}],"curies":[{"name":"wp","href":"https:\/\/api.w.org\/{rel}","templated":true}]}}