{"id":2579,"date":"2009-03-10T17:18:56","date_gmt":"2009-03-10T16:18:56","guid":{"rendered":"http:\/\/www.schiebener.net\/wordpress\/?p=2579"},"modified":"2009-03-26T17:24:46","modified_gmt":"2009-03-26T16:24:46","slug":"sauerlander-burgerliste-waz-krise-im-kulturausschuss","status":"publish","type":"post","link":"https:\/\/www.schiebener.net\/wordpress\/sauerlander-burgerliste-waz-krise-im-kulturausschuss\/","title":{"rendered":"Sauerl\u00e4nder B\u00fcrgerliste : WAZ Krise im Kulturausschuss?"},"content":{"rendered":"<p><img loading=\"lazy\" decoding=\"async\" class=\"alignleft size-full wp-image-2182\" title=\"In meinem Briefkasten\" src=\"http:\/\/www.schiebener.net\/wordpress\/wp-content\/uploads\/2009\/02\/lt_briefkasten01.jpg\" alt=\"In meinem Briefkasten\" width=\"120\" height=\"91\" \/>Heute habe ich eine Pressemitteilung von der Kreistagsfraktion (Hochsauerland) der Sauerl\u00e4nder B\u00fcrgerliste (SBL) erhalten. Die SBL informiert \u00fcber ihren Antrag an den Landrat, einen Vertreter der WAZ bzw. der Gewerkschaft zur n\u00e4chsten Kulturausschusssitzung einzuladen.<\/p>\n<p>Eine solche, hoffentlich \u00f6ffentliche Sitzung, k\u00f6nnte meiner Meinung nach sehr informativ sein. Ich pers\u00f6nlich halte den Antrag daher f\u00fcr gut und ver\u00f6ffentliche ihn hier weitgehend ungek\u00fcrzt.<\/p>\n<p><a href=\"http:\/\/www.schiebener.net\/wordpress\/wp-content\/uploads\/2009\/03\/waz05-03-09.pdf\" target=\"_blank\">Hier auch als pdf <\/a><\/p>\n<blockquote><p><a href=\"http:\/\/www.schiebener.net\/wordpress\/wp-content\/uploads\/2009\/03\/waz05-03-09.pdf\" target=\"_blank\"><\/a>SBL-Fraktion m\u00f6chte Informationen \u00fcber die Stellenstreichungen bei der WAZ<\/p>\n<p>Innerhalb der WAZ-Gruppe, zu der auch die Tageszeitungen Westfalenpost (WP)  und Westf\u00e4lische Rundschau (WR ) geh\u00f6ren, sind umfangreiche Reduzierungsma\u00dfnahmen der lokalen Redaktionen geplant bzw. bereits durchgef\u00fchrt worden. Aus besser informierten Kreisen erf\u00e4hrt man, dass ca. 300 Redakteure ihren Arbeitsplatz bei der WAZ verlieren. In vielen St\u00e4dten sollen einzelne Lokal-Redaktionen komplett geschlossen werden. In Meschede wurde bereits der Lokalteil der WR eingestellt. Leserinnen und Leser und die \u00d6ffentlichkeit sind weder vorher noch nachher in ausreichender und geeigneter Form dar\u00fcber informiert worden.<\/p>\n<p>Die Kreistagsfraktion Sauerl\u00e4nder B\u00fcrgerliste ist der Ansicht, dass insbesondere f\u00fcr die Kommunalpolitik die lokale Berichterstattung von gro\u00dfer Bedeutung ist. Die Kommunalpolitik lebt auch von der Pluralit\u00e4t der Presse. Bisher wurde das lokalpolitische Geschehen vielfach von erfahrenen und sachkundigen Redakteurinnen und Redakteuren begleitet und dokumentiert. Es ist zu vermuten, dass durch die K\u00fcrzungen bei der<br \/>\nWAZ-Medien-Gruppe nicht nur der ein oder die andere WAZ-Mitarbeiter\/in, sondern auch die Medienvielfalt auf der Strecke bleibt und somit auch die Zeitungsleserinnen und -leser.<\/p>\n<p>Die SBL vermisst seitens der WAZ offizielle Informationen dar\u00fcber, wie viele Redakteurinnen und Redakteure ihren Arbeitsplatz verloren haben bzw. verlieren werden und welche Perspektiven diese Mitarbeiter und Mitarbeiterinnen in beruflicher Hinsicht haben. Die Kreistagsmitglieder Reinhard Loos und Matthias Schulte-Huermann sind der Meinung, dass es schwierig ist, unter diesen Umst\u00e4nden die Medienvielfalt aufrecht zu erhalten.<\/p>\n<p>Daher fordert die SBL-Fraktion den Landrat auf, f\u00fcr den n\u00e4chsten Kulturausschuss einen Mitarbeiter oder eine Mitarbeiterin der WAZ-Medien-Gruppe und, falls nicht m\u00f6glich, einen Gewerkschaftsvertreter bzw. eine Gewerkschaftsvertreterin einzuladen, der oder die \u00fcber alle Fragen, Gr\u00fcnde und Auswirkungen der Reduzierung informiert.<\/p><\/blockquote>\n","protected":false},"excerpt":{"rendered":"<p>Heute habe ich eine Pressemitteilung von der Kreistagsfraktion (Hochsauerland) der Sauerl\u00e4nder B\u00fcrgerliste (SBL) erhalten. Die SBL informiert \u00fcber ihren Antrag an den Landrat, einen Vertreter der WAZ bzw. der Gewerkschaft &hellip; <a href=\"https:\/\/www.schiebener.net\/wordpress\/sauerlander-burgerliste-waz-krise-im-kulturausschuss\/\" class=\"more-link\"><span class=\"screen-reader-text\">\u201eSauerl\u00e4nder B\u00fcrgerliste : WAZ Krise im Kulturausschuss?\u201c <\/span>weiterlesen<\/a><\/p>\n","protected":false},"author":3,"featured_media":0,"comment_status":"open","ping_status":"open","sticky":false,"template":"","format":"standard","meta":{"footnotes":""},"categories":[303,80,32,24],"tags":[212,227,202,380],"class_list":["post-2579","post","type-post","status-publish","format-standard","hentry","category-in-unserem-briefkasten","category-lokales","category-medien","category-politik","tag-hochsauerland","tag-sauerlander-burgerliste","tag-waz","tag-waz-krise"],"_links":{"self":[{"href":"https:\/\/www.schiebener.net\/wordpress\/wp-json\/wp\/v2\/posts\/2579","targetHints":{"allow":["GET"]}}],"collection":[{"href":"https:\/\/www.schiebener.net\/wordpress\/wp-json\/wp\/v2\/posts"}],"about":[{"href":"https:\/\/www.schiebener.net\/wordpress\/wp-json\/wp\/v2\/types\/post"}],"author":[{"embeddable":true,"href":"https:\/\/www.schiebener.net\/wordpress\/wp-json\/wp\/v2\/users\/3"}],"replies":[{"embeddable":true,"href":"https:\/\/www.schiebener.net\/wordpress\/wp-json\/wp\/v2\/comments?post=2579"}],"version-history":[{"count":0,"href":"https:\/\/www.schiebener.net\/wordpress\/wp-json\/wp\/v2\/posts\/2579\/revisions"}],"wp:attachment":[{"href":"https:\/\/www.schiebener.net\/wordpress\/wp-json\/wp\/v2\/media?parent=2579"}],"wp:term":[{"taxonomy":"category","embeddable":true,"href":"https:\/\/www.schiebener.net\/wordpress\/wp-json\/wp\/v2\/categories?post=2579"},{"taxonomy":"post_tag","embeddable":true,"href":"https:\/\/www.schiebener.net\/wordpress\/wp-json\/wp\/v2\/tags?post=2579"}],"curies":[{"name":"wp","href":"https:\/\/api.w.org\/{rel}","templated":true}]}}