{"id":25753,"date":"2013-09-30T20:39:28","date_gmt":"2013-09-30T18:39:28","guid":{"rendered":"http:\/\/www.schiebener.net\/wordpress\/?p=25753"},"modified":"2013-09-30T21:43:12","modified_gmt":"2013-09-30T19:43:12","slug":"winterberg-rechts-vor-links-auf-der-ringstrasse-gekippt-petition-geht-weiter","status":"publish","type":"post","link":"https:\/\/www.schiebener.net\/wordpress\/winterberg-rechts-vor-links-auf-der-ringstrasse-gekippt-petition-geht-weiter\/","title":{"rendered":"Winterberg: &#8222;Rechts vor Links&#8220; auf der Ringstra\u00dfe gekippt. Petition l\u00e4uft weiter."},"content":{"rendered":"<figure id=\"attachment_25755\" aria-describedby=\"caption-attachment-25755\" style=\"width: 215px\" class=\"wp-caption alignleft\"><a title=\"Die Petition geht weiter\" href=\"http:\/\/www.schiebener.net\/wordpress\/wp-content\/uploads\/2013\/09\/MarkusLechtenfeld1.jpg\" target=\"_blank\"><img loading=\"lazy\" decoding=\"async\" class=\" wp-image-25755  \" title=\"Markus Lechtenfeld\" alt=\"Markus Lechtenfeld\" src=\"http:\/\/www.schiebener.net\/wordpress\/wp-content\/uploads\/2013\/09\/MarkusLechtenfeld1.jpg\" width=\"215\" height=\"360\" srcset=\"https:\/\/www.schiebener.net\/wordpress\/wp-content\/uploads\/2013\/09\/MarkusLechtenfeld1.jpg 512w, https:\/\/www.schiebener.net\/wordpress\/wp-content\/uploads\/2013\/09\/MarkusLechtenfeld1-179x300.jpg 179w\" sizes=\"auto, (max-width: 215px) 85vw, 215px\" \/><\/a><figcaption id=\"caption-attachment-25755\" class=\"wp-caption-text\">Markus Lechtenfeld h\u00e4lt 20 neue Unterschriften in den H\u00e4nden. Die Petition l\u00e4uft wie geplant weiter. (foto: zoom)<\/figcaption><\/figure>\n<p><strong>Der Rat der Stadt Winterberg hat in der letzten Woche \u00fcberraschend die Tempo-30-Zone f\u00fcr den Innenstadtring gekippt.<\/strong><\/p>\n<p>Damit entf\u00e4llt, falls die Beh\u00f6rde der \u00c4nderung zustimmt, die automatische &#8222;Rechts-vor-Links&#8220; Regelung auf dem Ring. Sie w\u00fcrde durch eine einfache Tempo-30 Beschilderung ersetzt.<\/p>\n<p><em>Markus Lechtenfeld sieht den Beschluss des Rates als gro\u00dfen Erfolg<\/em> seiner Petition f\u00fcr die &#8222;<a href=\"https:\/\/www.openpetition.de\/petition\/online\/abschaffung-der-neuen-rechts-vor-links-regelung?utm_source=extern&amp;utm_medium=widget&amp;utm_campaign=abschaffung-der-neuen-rechts-vor-links-regelung\" target=\"_blank\">Abschaffung der neuen Rechts vor Links Regelung an Gefahrenpunkten in der Winterberger Innenstadt&#8220;<\/a>.<\/p>\n<p><em>Am 26. August hatte der 24-j\u00e4hrige Winterberger die Petition im Internet gestartet.<\/em> &#8222;Ich war zwei Wochen im Urlaub gewesen. Bei der R\u00fcckkehr war da auf einmal Rechts vor Links&#8220;, erinnert sich Markus Lechtenfeld. Die Gefahrenpunkte wie die Kreuzungen bei Uppu und an der Volksbank seien f\u00fcr ihn offensichtlich gewesen.<\/p>\n<p>Auf der Stra\u00dfe, in den Gesch\u00e4ften, \u00fcberall habe er Kritik aufgeschnappt.<\/p>\n<p><em>Markus Lechtenfeld ist kein Wutb\u00fcrger<\/em>, kein Miesmacher, kein Querulant, sondern ein sensibler junger Mann, der sich f\u00fcr die Belange seiner Stadt interessiert und engagiert.<\/p>\n<p><em>&#8222;Warum haben wir kein Osterfeuer in Winterberg?&#8220;<\/em>, wollte er vor einiger Zeit vom Ortsvorsteher wissen, dem B\u00fcrgermeister habe er seine \u00dcberlegungen zum Landal-Ferienpark und zum Oversum Projekt mitgeteilt.<\/p>\n<p><em>Mit der Online-Petition habe er es sich nicht leicht gemacht.<\/em> Nach vielen Gespr\u00e4chen und Diskussionen auf der Stra\u00dfe, in Gesch\u00e4ften und auch zu Hause habe er sich einen Nachmittag lang an den Laptop gesetzt und die M\u00f6glichkeiten einer Petition erkundet.<\/p>\n<p><em>&#8222;Komm&#8216; mach es einfach !&#8220;<\/em>, habe ihn schlie\u00dflich eine Bekannte ermutigt, und dann ging alles sehr schnell. Listen ausdrucken und in den Gesch\u00e4ften vorbei bringen, die Links bei Facebook posten und immer wieder diskutieren.<\/p>\n<p><em>Eine Online-Petition, so Markus Lechtenfeld, sei eine Menge Offline-Arbeit:<\/em> Materialien verteilen, Meinung vertreten, sachlich bleiben, Pressearbeit. Das gehe nicht von allein mit einem Klick.<\/p>\n<p><em>Schon am dritten Tag zeichnete sich der Erfolg ab:<\/em> 300 Unterschriften. Heute sind es knapp 1500.<\/p>\n<p><em>Donnerstag der Ratsbeschluss:<\/em> &#8222;Von &#8218;Wir versuchen es einfach mal&#8216; bis zu der gro\u00dfen Unterst\u00fctzung und dann zu diesem Ergebnis. Damit h\u00e4tte ich nicht gerechnet.&#8220;<\/p>\n<p><em>Hat sich die Aktion jetzt erledigt?<\/em> Oder wie es <a href=\"http:\/\/www.derwesten.de\/staedte\/nachrichten-aus-winterberg-medebach-und-hallenberg\/tempo-30-zone-am-winterberger-innenstadtring-einkassiert-id8497695.html\" target=\"_blank\">in der Westfalenpost hei\u00dft<\/a>: &#8222;Mit dieser Entscheidung [des Rates] d\u00fcrfte auch die Online-Petition\u00a0 &#8230; vom Tisch sein.&#8220;<\/p>\n<p><em>Die Petition l\u00e4uft weiter<\/em><br \/>\nMarkus Lechtenfeld: &#8222;Die Petition l\u00e4uft bis zum Ende, noch 57 Tage.\u00a0 Jede Stimme z\u00e4hlt. Mein Ziel sind weiterhin 2100 Unterschriften und zum Abschluss bekommt der B\u00fcrgermeister die Listen mit den Unterschriften \u00f6ffentlich \u00fcberreicht.&#8220;<\/p>\n","protected":false},"excerpt":{"rendered":"<p>Der Rat der Stadt Winterberg hat in der letzten Woche \u00fcberraschend die Tempo-30-Zone f\u00fcr den Innenstadtring gekippt. Damit entf\u00e4llt, falls die Beh\u00f6rde der \u00c4nderung zustimmt, die automatische &#8222;Rechts-vor-Links&#8220; Regelung auf &hellip; <a href=\"https:\/\/www.schiebener.net\/wordpress\/winterberg-rechts-vor-links-auf-der-ringstrasse-gekippt-petition-geht-weiter\/\" class=\"more-link\"><span class=\"screen-reader-text\">\u201eWinterberg: &#8222;Rechts vor Links&#8220; auf der Ringstra\u00dfe gekippt. Petition l\u00e4uft weiter.\u201c <\/span>weiterlesen<\/a><\/p>\n","protected":false},"author":3,"featured_media":0,"comment_status":"open","ping_status":"open","sticky":false,"template":"","format":"standard","meta":{"footnotes":""},"categories":[80,32,24,618],"tags":[4561,4522,322],"class_list":["post-25753","post","type-post","status-publish","format-standard","hentry","category-lokales","category-medien","category-politik","category-verkehr","tag-markus-lechtenfeld","tag-petition-gegen-rechts-vor-links","tag-winterberg"],"_links":{"self":[{"href":"https:\/\/www.schiebener.net\/wordpress\/wp-json\/wp\/v2\/posts\/25753","targetHints":{"allow":["GET"]}}],"collection":[{"href":"https:\/\/www.schiebener.net\/wordpress\/wp-json\/wp\/v2\/posts"}],"about":[{"href":"https:\/\/www.schiebener.net\/wordpress\/wp-json\/wp\/v2\/types\/post"}],"author":[{"embeddable":true,"href":"https:\/\/www.schiebener.net\/wordpress\/wp-json\/wp\/v2\/users\/3"}],"replies":[{"embeddable":true,"href":"https:\/\/www.schiebener.net\/wordpress\/wp-json\/wp\/v2\/comments?post=25753"}],"version-history":[{"count":0,"href":"https:\/\/www.schiebener.net\/wordpress\/wp-json\/wp\/v2\/posts\/25753\/revisions"}],"wp:attachment":[{"href":"https:\/\/www.schiebener.net\/wordpress\/wp-json\/wp\/v2\/media?parent=25753"}],"wp:term":[{"taxonomy":"category","embeddable":true,"href":"https:\/\/www.schiebener.net\/wordpress\/wp-json\/wp\/v2\/categories?post=25753"},{"taxonomy":"post_tag","embeddable":true,"href":"https:\/\/www.schiebener.net\/wordpress\/wp-json\/wp\/v2\/tags?post=25753"}],"curies":[{"name":"wp","href":"https:\/\/api.w.org\/{rel}","templated":true}]}}