{"id":25728,"date":"2013-09-26T23:16:31","date_gmt":"2013-09-26T21:16:31","guid":{"rendered":"http:\/\/www.schiebener.net\/wordpress\/?p=25728"},"modified":"2013-09-26T23:16:31","modified_gmt":"2013-09-26T21:16:31","slug":"umleitung-herbstdiaet-informatik-medienkultur-und-morgen-heinrich-luebke","status":"publish","type":"post","link":"https:\/\/www.schiebener.net\/wordpress\/umleitung-herbstdiaet-informatik-medienkultur-und-morgen-heinrich-luebke\/","title":{"rendered":"Umleitung: Herbstdi\u00e4t, Informatik, Medienkultur &#8230; und morgen Heinrich L\u00fcbke."},"content":{"rendered":"<figure id=\"attachment_25729\" aria-describedby=\"caption-attachment-25729\" style=\"width: 512px\" class=\"wp-caption aligncenter\"><img loading=\"lazy\" decoding=\"async\" class=\"size-full wp-image-25729\" alt=\"Gef\u00e4hrliches Otterndorf in Niedersachsen. (foto: eva-maria rose)\" src=\"http:\/\/www.schiebener.net\/wordpress\/wp-content\/uploads\/2013\/09\/FahrradOtterndorf2013.jpg\" width=\"512\" height=\"384\" srcset=\"https:\/\/www.schiebener.net\/wordpress\/wp-content\/uploads\/2013\/09\/FahrradOtterndorf2013.jpg 512w, https:\/\/www.schiebener.net\/wordpress\/wp-content\/uploads\/2013\/09\/FahrradOtterndorf2013-300x225.jpg 300w\" sizes=\"auto, (max-width: 512px) 85vw, 512px\" \/><figcaption id=\"caption-attachment-25729\" class=\"wp-caption-text\">Gef\u00e4hrliches Otterndorf in Niedersachsen. (foto: eva-maria rose)<\/figcaption><\/figure>\n<p><strong>Herbstdi\u00e4t:<\/strong> Zum Beispiel \u201ekein Fleisch\u201c oder \u201enichts in Dosen\u201c \u2013 das sind sehr einfache Vorhaben, die ich einhalte &#8230; <a href=\"http:\/\/www.endoplast.de\/2013\/09\/24\/tagebuch-24-09-2013-als-ich-mir-einmal-selbst-vertrauen-wollte\/\" target=\"_blank\">endoplast<\/a><\/p>\n<p><strong>Informatik:<\/strong> Folgen auf den NSA-Schock bildungspolitische Konsequenzen? &#8230; <a href=\"http:\/\/cspannagel.wordpress.com\/2013\/09\/25\/gastbeitrag-folgen-auf-den-nsa-schock-bildungspolitische-konsequenzen\/\" target=\"_blank\">dunkelmunkel<\/a><\/p>\n<p><strong>Medienkultur:<\/strong> Der Tag, als ein Einser-Abiturient in den Abgrund der deutschen Facebook-Kommentarkultur blickte &#8230; <a href=\"http:\/\/erbloggtes.wordpress.com\/2013\/09\/26\/der-tag-als-ein-einser-abiturient-in-den-abgrund-der-deutschen-facebook-kommentarkultur-blickte\/\" target=\"_blank\">erbloggtes<\/a><\/p>\n<p><strong>Legenden der politischen Argumentation:<\/strong> \u201cerst das Land, dann die Partei!\u201d &#8230; <a href=\"http:\/\/lumma.de\/2013\/09\/26\/legenden-der-politischen-argumentation\/\" target=\"_blank\">lummaland<\/a><\/p>\n<p><strong>Linke Mehrheit, Ruhrgebiet, Parteien:<\/strong> Nach der Wahl bl\u00fchen die Mythen &#8230; <a href=\"http:\/\/post-von-horn.de\/2013\/09\/25\/nach-der-wahl-bluehen-die-mythen\/\" target=\"_blank\">postvonhorn<\/a><\/p>\n<p><strong>Bundestagswahlen I:<\/strong> Hurra, Angela Merkel darf Europa weiter kaputt machen! &#8230; <a href=\"http:\/\/www.misik.at\/fs\/304.php\" target=\"_blank\">misik<\/a><\/p>\n<p><strong>Bundestagswahlen II:<\/strong> Minderheitsregierung? Neuwahlen? Man sollte vom Ende her denken &#8230; <a href=\"http:\/\/www.wiesaussieht.de\/2013\/09\/26\/minderheitsregierung-neuwahlen-man-sollte-vom-ende-her-denken\/\" target=\"_blank\">wiesaussieht<\/a><\/p>\n<p><strong>Bundestagswahlen III:<\/strong> Warum niemand mit Mutti koalieren will &#8230; <a href=\"http:\/\/charlyandfriends.blogspot.de\/2013\/09\/warum-niemand-mit-mutti-koalieren-will.html\" target=\"_blank\">charly&amp;friends<\/a><\/p>\n<p><strong>Bundestagswahlen IV:<\/strong> Merkel &#8211; Im Zenit der Macht? &#8230; <a href=\"http:\/\/www.sprachlog.de\/2013\/09\/23\/im-zenit-der-macht\/#more-7013\" target=\"_blank\">sprachlog<\/a><\/p>\n<p><strong>Bundestagswahlen V:<\/strong> Zweitstimmenergebnisse zwischen Platz 5 und 64 &#8230; <a href=\"http:\/\/sbl-fraktion.de\/?p=3432\" target=\"_blank\">sbl<\/a><\/p>\n<p><strong>Medienkrise:<\/strong> Protest gegen Zerschlagung von M. DuMont Schauberg &#8230; <a href=\"http:\/\/www.medienmoral-nrw.de\/2013\/09\/protest-gegen-zerschlagung-von-m-dumont-schauberg\/\" target=\"_blank\">medienmoral<\/a><\/p>\n<p><strong>Globus am Abgrund, Rettung naht:<\/strong> Matthias Polityckis Roman &#8222;Samarkand Samarkand&#8220; &#8230; <a href=\"http:\/\/www.revierpassagen.de\/20298\/globus-am-abgrund-doch-rettung-naht\/20130926_2115\" target=\"_blank\">revierpassagen<\/a><\/p>\n<p><strong>27.09.1968:<\/strong> Heinrich L\u00fcbke wird Ehrenb\u00fcrger von Neheim-H\u00fcsten &#8230; <a href=\"http:\/\/www.neheims-netz.de\/?p=5850\" target=\"_blank\">neheimsnetz<\/a><\/p>\n","protected":false},"excerpt":{"rendered":"<p>Herbstdi\u00e4t: Zum Beispiel \u201ekein Fleisch\u201c oder \u201enichts in Dosen\u201c \u2013 das sind sehr einfache Vorhaben, die ich einhalte &#8230; endoplast Informatik: Folgen auf den NSA-Schock bildungspolitische Konsequenzen? &#8230; dunkelmunkel Medienkultur: &hellip; <a href=\"https:\/\/www.schiebener.net\/wordpress\/umleitung-herbstdiaet-informatik-medienkultur-und-morgen-heinrich-luebke\/\" class=\"more-link\"><span class=\"screen-reader-text\">\u201eUmleitung: Herbstdi\u00e4t, Informatik, Medienkultur &#8230; und morgen Heinrich L\u00fcbke.\u201c <\/span>weiterlesen<\/a><\/p>\n","protected":false},"author":3,"featured_media":0,"comment_status":"open","ping_status":"open","sticky":false,"template":"","format":"standard","meta":{"footnotes":""},"categories":[3,174,3182,319,674,80,32,24,379],"tags":[4011,609,1902],"class_list":["post-25728","post","type-post","status-publish","format-standard","hentry","category-bildung-und-schule","category-dit-und-dat","category-finanzen","category-geschichte","category-kultur","category-lokales","category-medien","category-politik","category-umleitung","tag-bundestagswahl-2013","tag-heinrich-lubke","tag-informatik"],"_links":{"self":[{"href":"https:\/\/www.schiebener.net\/wordpress\/wp-json\/wp\/v2\/posts\/25728","targetHints":{"allow":["GET"]}}],"collection":[{"href":"https:\/\/www.schiebener.net\/wordpress\/wp-json\/wp\/v2\/posts"}],"about":[{"href":"https:\/\/www.schiebener.net\/wordpress\/wp-json\/wp\/v2\/types\/post"}],"author":[{"embeddable":true,"href":"https:\/\/www.schiebener.net\/wordpress\/wp-json\/wp\/v2\/users\/3"}],"replies":[{"embeddable":true,"href":"https:\/\/www.schiebener.net\/wordpress\/wp-json\/wp\/v2\/comments?post=25728"}],"version-history":[{"count":0,"href":"https:\/\/www.schiebener.net\/wordpress\/wp-json\/wp\/v2\/posts\/25728\/revisions"}],"wp:attachment":[{"href":"https:\/\/www.schiebener.net\/wordpress\/wp-json\/wp\/v2\/media?parent=25728"}],"wp:term":[{"taxonomy":"category","embeddable":true,"href":"https:\/\/www.schiebener.net\/wordpress\/wp-json\/wp\/v2\/categories?post=25728"},{"taxonomy":"post_tag","embeddable":true,"href":"https:\/\/www.schiebener.net\/wordpress\/wp-json\/wp\/v2\/tags?post=25728"}],"curies":[{"name":"wp","href":"https:\/\/api.w.org\/{rel}","templated":true}]}}