{"id":25668,"date":"2013-09-22T21:28:19","date_gmt":"2013-09-22T19:28:19","guid":{"rendered":"http:\/\/www.schiebener.net\/wordpress\/?p=25668"},"modified":"2013-09-23T06:43:44","modified_gmt":"2013-09-23T04:43:44","slug":"bundestagswahlen-2013-hier-werden-nach-und-nach-die-ergebnisse-veroeffentlicht","status":"publish","type":"post","link":"https:\/\/www.schiebener.net\/wordpress\/bundestagswahlen-2013-hier-werden-nach-und-nach-die-ergebnisse-veroeffentlicht\/","title":{"rendered":"Bundestagswahlen 2013: hier werden nach und nach die Ergebnisse ver\u00f6ffentlicht"},"content":{"rendered":"<figure id=\"attachment_14139\" aria-describedby=\"caption-attachment-14139\" style=\"width: 236px\" class=\"wp-caption alignleft\"><img loading=\"lazy\" decoding=\"async\" class=\"size-full wp-image-14139 \" alt=\"Angela Merkel mit Dr. Patrick Sensburg (foto: sensburg)\" src=\"http:\/\/www.schiebener.net\/wordpress\/wp-content\/uploads\/2011\/10\/patricksensburgundmerkel.jpg\" width=\"236\" height=\"170\" \/><figcaption id=\"caption-attachment-14139\" class=\"wp-caption-text\">Gewinner: Angela Merkel mit Patrick Sensburg (foto: sensburg)<\/figcaption><\/figure>\n<p>Die Ergebnisse der einzelnen Wahlkreise werden im Laufe des Wahlabends ver\u00f6ffentlicht, sobald diese bei der Landeswahlleitung eingegangen sind.<\/p>\n<p>Erst nach Eingang aller Wahlkreise kann das vorl\u00e4ufige Ergebnis f\u00fcr das Land Nordrhein-Westfalen bekannt gegeben werden.<\/p>\n<p>Siehe:<\/p>\n<p><a href=\"http:\/\/www.wahlergebnisse.nrw.de\/bundestagswahlen\/2013\/index.html\">http:\/\/wbww.wahlergebnisse.nrw.de\/bundestagswahlen\/2013\/index.html<\/a><\/p>\n<p>Das Ergebnis f\u00fcr den HSK steht fest:<\/p>\n<p><a href=\"http:\/\/www.wahlergebnisse.nrw.de\/bundestagswahlen\/2013\/aktuell\/a147bw1300.html\" target=\"_blank\">http:\/\/www.wahlergebnisse.nrw.de\/bundestagswahlen\/2013\/aktuell\/a147bw1300.html<\/a><\/p>\n","protected":false},"excerpt":{"rendered":"<p>Die Ergebnisse der einzelnen Wahlkreise werden im Laufe des Wahlabends ver\u00f6ffentlicht, sobald diese bei der Landeswahlleitung eingegangen sind. Erst nach Eingang aller Wahlkreise kann das vorl\u00e4ufige Ergebnis f\u00fcr das Land &hellip; <a href=\"https:\/\/www.schiebener.net\/wordpress\/bundestagswahlen-2013-hier-werden-nach-und-nach-die-ergebnisse-veroeffentlicht\/\" class=\"more-link\"><span class=\"screen-reader-text\">\u201eBundestagswahlen 2013: hier werden nach und nach die Ergebnisse ver\u00f6ffentlicht\u201c <\/span>weiterlesen<\/a><\/p>\n","protected":false},"author":3,"featured_media":0,"comment_status":"open","ping_status":"open","sticky":false,"template":"","format":"standard","meta":{"footnotes":""},"categories":[80,32,24],"tags":[4011,1541],"class_list":["post-25668","post","type-post","status-publish","format-standard","hentry","category-lokales","category-medien","category-politik","tag-bundestagswahl-2013","tag-wahlergebnisse"],"_links":{"self":[{"href":"https:\/\/www.schiebener.net\/wordpress\/wp-json\/wp\/v2\/posts\/25668","targetHints":{"allow":["GET"]}}],"collection":[{"href":"https:\/\/www.schiebener.net\/wordpress\/wp-json\/wp\/v2\/posts"}],"about":[{"href":"https:\/\/www.schiebener.net\/wordpress\/wp-json\/wp\/v2\/types\/post"}],"author":[{"embeddable":true,"href":"https:\/\/www.schiebener.net\/wordpress\/wp-json\/wp\/v2\/users\/3"}],"replies":[{"embeddable":true,"href":"https:\/\/www.schiebener.net\/wordpress\/wp-json\/wp\/v2\/comments?post=25668"}],"version-history":[{"count":0,"href":"https:\/\/www.schiebener.net\/wordpress\/wp-json\/wp\/v2\/posts\/25668\/revisions"}],"wp:attachment":[{"href":"https:\/\/www.schiebener.net\/wordpress\/wp-json\/wp\/v2\/media?parent=25668"}],"wp:term":[{"taxonomy":"category","embeddable":true,"href":"https:\/\/www.schiebener.net\/wordpress\/wp-json\/wp\/v2\/categories?post=25668"},{"taxonomy":"post_tag","embeddable":true,"href":"https:\/\/www.schiebener.net\/wordpress\/wp-json\/wp\/v2\/tags?post=25668"}],"curies":[{"name":"wp","href":"https:\/\/api.w.org\/{rel}","templated":true}]}}