{"id":25553,"date":"2013-09-16T22:15:59","date_gmt":"2013-09-16T20:15:59","guid":{"rendered":"http:\/\/www.schiebener.net\/wordpress\/?p=25553"},"modified":"2013-09-17T05:34:56","modified_gmt":"2013-09-17T03:34:56","slug":"polizeihauptkommissar-dieter-marczyk-neuer-bezirksdienstbeamter-der-polizeiwache-brilon","status":"publish","type":"post","link":"https:\/\/www.schiebener.net\/wordpress\/polizeihauptkommissar-dieter-marczyk-neuer-bezirksdienstbeamter-der-polizeiwache-brilon\/","title":{"rendered":"Polizeihauptkommissar Dieter Marczyk neuer Bezirksdienstbeamter der Polizeiwache Brilon"},"content":{"rendered":"<figure id=\"attachment_25554\" aria-describedby=\"caption-attachment-25554\" style=\"width: 475px\" class=\"wp-caption aligncenter\"><img loading=\"lazy\" decoding=\"async\" class=\"wp-image-25554  \" title=\"Polizeihauptkommissar Dieter Marczyk\" alt=\"Polizeihauptkommissar Dieter Marczyk neuer Bezirksdienstbeamter der Polizeiwache Brilon (foto: polizei hsk)\" src=\"http:\/\/www.schiebener.net\/wordpress\/wp-content\/uploads\/2013\/09\/neuerbdinbrilon20130914.jpg\" width=\"475\" height=\"316\" srcset=\"https:\/\/www.schiebener.net\/wordpress\/wp-content\/uploads\/2013\/09\/neuerbdinbrilon20130914.jpg 791w, https:\/\/www.schiebener.net\/wordpress\/wp-content\/uploads\/2013\/09\/neuerbdinbrilon20130914-300x199.jpg 300w\" sizes=\"auto, (max-width: 475px) 85vw, 475px\" \/><figcaption id=\"caption-attachment-25554\" class=\"wp-caption-text\">Polizeihauptkommissar Dieter Marczyk ist neuer Bezirksdienstbeamter der Polizeiwache Brilon (foto: polizei hsk)<\/figcaption><\/figure>\n<p><strong>Brilon (<a href=\"http:\/\/www.presseportal.de\/polizeipresse\/pm\/65847\/2556198\/pol-hsk-polizeihauptkommissar-dieter-marczyk-neuer-bezirksdienstbeamter-der-polizeiwache-brilon\" target=\"_blank\">ots<\/a>) &#8211; Mit Wirkung vom 01. September 2013 wurde die seit einiger Zeit unbesetzte Stelle eines Bezirksbeamten bei der Polizeiwache Brilon neu besetzt.<\/strong><\/p>\n<p>Diese Stelle war mit der Pensionierung von Polizeihauptkommissar Dietmar Wittmann frei geworden.<\/p>\n<p>In einem internen Auswahlverfahren konnte sich der 54-j\u00e4hrige Polizeihauptkommissar Dieter Marczyk gegen einen gro\u00dfen Bewerberkreis durchsetzen.<!--more--><\/p>\n<p>Dieter Marczyk trat seinen Dienst in der &#8222;neuen Funktion&#8220; am 03. September 2013 an. Zu Beginn erfolgte neben der Begr\u00fc\u00dfung auch die \u00dcbergabe der Bestellungsurkunde sowie eine ausf\u00fchrliche Einweisung in das zuk\u00fcnftige Aufgabengebiet durch den Leiter der Polizeiwache Brilon, Erster Polizeihauptkommissar Richard Stappert.<\/p>\n<p>&#8222;Mit Dieter Marczyk konnten wir einen \u00fcber die Grenzen von Brilon hinaus anerkannten und beliebten Beamten f\u00fcr dieses wichtige Aufgabengebiet gewinnen.&#8220;<\/p>\n<p>Mit \u00dcbernahme der neuen Aufgabe verl\u00e4sst PHK Marczyk nach mehr als 33 Jahren den Schichtdienst in der Polizeiwache Brilon. Als Bezirksbeamter ist er ab sofort f\u00fcr die Stadtteile Brilon-Wald, Gudenhagen-Petersborn-Pulverm\u00fchle, Hoppecke, Madfeld, Messinghausen, R\u00f6senbeck und Teile der Briloner Kernstadt (s\u00fcdlich der Altenb\u00fcrener-, Stracke-, Bahnhof- und Keffelker Stra\u00dfe) zust\u00e4ndig.<\/p>\n<p>Zu seinem neuen Aufgabengebiet geh\u00f6ren insbesondere Ermittlungst\u00e4tigkeiten, auch f\u00fcr andere Dienststellen und ausw\u00e4rtige Beh\u00f6rden &#8211; so auch die Vollstreckung von Haftbefehlen. Er ist polizeilicher Ansprechpartner f\u00fcr die Belange der B\u00fcrgerinnen und B\u00fcrger, Vereine, Firmen und Schulen, insbesondere in den oben genannten Stadtteilen.<\/p>\n<p>Dieter Marczyk ist seit 9 Jahren f\u00fcr die Polizeiwache Brilon im \u00f6rtlichen Personalrat der Kreispolizeibeh\u00f6rde t\u00e4tig. Seine Privataktivit\u00e4ten widmet er den Vereinen in seinem Heimatort Bontkirchen. Dort ist er als Ortvorsteher auch kommunalpolitisch aktiv.<\/p>\n","protected":false},"excerpt":{"rendered":"<p>Brilon (ots) &#8211; Mit Wirkung vom 01. September 2013 wurde die seit einiger Zeit unbesetzte Stelle eines Bezirksbeamten bei der Polizeiwache Brilon neu besetzt. Diese Stelle war mit der Pensionierung &hellip; <a href=\"https:\/\/www.schiebener.net\/wordpress\/polizeihauptkommissar-dieter-marczyk-neuer-bezirksdienstbeamter-der-polizeiwache-brilon\/\" class=\"more-link\"><span class=\"screen-reader-text\">\u201ePolizeihauptkommissar Dieter Marczyk neuer Bezirksdienstbeamter der Polizeiwache Brilon\u201c <\/span>weiterlesen<\/a><\/p>\n","protected":false},"author":17,"featured_media":0,"comment_status":"open","ping_status":"open","sticky":false,"template":"","format":"standard","meta":{"footnotes":""},"categories":[303,80,2181,1043],"tags":[4552,4553,655],"class_list":["post-25553","post","type-post","status-publish","format-standard","hentry","category-in-unserem-briefkasten","category-lokales","category-polizeiberichte","category-pressemitteilungen","tag-dieter-marczyk","tag-polizeiwache-brilon","tag-pressemitteilung"],"_links":{"self":[{"href":"https:\/\/www.schiebener.net\/wordpress\/wp-json\/wp\/v2\/posts\/25553","targetHints":{"allow":["GET"]}}],"collection":[{"href":"https:\/\/www.schiebener.net\/wordpress\/wp-json\/wp\/v2\/posts"}],"about":[{"href":"https:\/\/www.schiebener.net\/wordpress\/wp-json\/wp\/v2\/types\/post"}],"author":[{"embeddable":true,"href":"https:\/\/www.schiebener.net\/wordpress\/wp-json\/wp\/v2\/users\/17"}],"replies":[{"embeddable":true,"href":"https:\/\/www.schiebener.net\/wordpress\/wp-json\/wp\/v2\/comments?post=25553"}],"version-history":[{"count":0,"href":"https:\/\/www.schiebener.net\/wordpress\/wp-json\/wp\/v2\/posts\/25553\/revisions"}],"wp:attachment":[{"href":"https:\/\/www.schiebener.net\/wordpress\/wp-json\/wp\/v2\/media?parent=25553"}],"wp:term":[{"taxonomy":"category","embeddable":true,"href":"https:\/\/www.schiebener.net\/wordpress\/wp-json\/wp\/v2\/categories?post=25553"},{"taxonomy":"post_tag","embeddable":true,"href":"https:\/\/www.schiebener.net\/wordpress\/wp-json\/wp\/v2\/tags?post=25553"}],"curies":[{"name":"wp","href":"https:\/\/api.w.org\/{rel}","templated":true}]}}