{"id":25535,"date":"2013-09-15T20:28:54","date_gmt":"2013-09-15T18:28:54","guid":{"rendered":"http:\/\/www.schiebener.net\/wordpress\/?p=25535"},"modified":"2013-09-15T20:36:50","modified_gmt":"2013-09-15T18:36:50","slug":"sekundarschule-olsberg-rat-gibt-gruenes-licht-fuer-teilstandort-in-bestwig","status":"publish","type":"post","link":"https:\/\/www.schiebener.net\/wordpress\/sekundarschule-olsberg-rat-gibt-gruenes-licht-fuer-teilstandort-in-bestwig\/","title":{"rendered":"Sekundarschule Olsberg: Rat gibt gr\u00fcnes Licht f\u00fcr Teilstandort in Bestwig."},"content":{"rendered":"<p><img loading=\"lazy\" decoding=\"async\" class=\"alignleft size-full wp-image-2182\" alt=\"In unserem Briefkasten\" src=\"http:\/\/www.schiebener.net\/wordpress\/wp-content\/uploads\/2009\/02\/lt_briefkasten01.jpg\" width=\"120\" height=\"91\" \/><strong>Der Rat der Stadt Olsberg hat sich am Donnerstagabend f\u00fcr die Bildung eines Teilstandortes der Sekundarschule Olsberg in Bestwig ausgesprochen.<\/strong><\/p>\n<p>Die Ratsvorlage wurde laut einem <a href=\"http:\/\/www.derwesten.de\/staedte\/nachrichten-aus-brilon-marsberg-und-olsberg\/teilstandort-in-bestwig-geplant-aimp-id8441963.html\" target=\"_blank\">Bericht in der Westfalenpost<\/a> mit 30 Ja-Stimmen und 4 Enthaltungen aus den Reihen der SPD angenommen. <a href=\"http:\/\/olsberg.allris-online.de\/bi2\/___tmp\/tmp\/45081036798143729\/798143729\/00027700\/00.pdf\" target=\"_blank\">In der Beschlussvorlage zur Ratssitzung hei\u00dft es unter anderem<\/a>:<\/p>\n<blockquote><p>Der Rat der Stadt Olsberg spricht sich grunds\u00e4tzlich f\u00fcr die Bildung eines Teilstandortes der Sekundarschule Olsberg in der Gemeinde Bestwig zum Schuljahresbeginn 2014\/2015 aus.<\/p>\n<p>Der Rat der Stadt Olsberg beauftragt den B\u00fcrgermeister, die f\u00fcr die Errichtung eines Teilstandortes der Sekundarschule Olsberg in Bestwig notwendigen Gespr\u00e4che und Verhandlungen zu f\u00fchren und die f\u00fcr die Umsetzung der gesetzlichen Vorgaben erforderlichen Ma\u00dfnahmen einzuleiten.<\/p>\n<p>Der Rat der Stadt Olsberg spricht sich daf\u00fcr aus, dass mit der Gemeinde Bestwig eine \u00f6ffentlich-rechtliche Vereinbarung \u00fcber die Errichtung eines Teilstandortes der Sekundarschule Olsberg in der Gemeinde Bestwig abgeschlossen wird.<\/p>\n<p>Die Ergebnisse der Gespr\u00e4che, Verhandlungen sowie der einzelnen Ma\u00dfnahmen zur Erf\u00fcllung der gesetzlichen Aufgaben sind dem Rat der Stadt Olsberg zur endg\u00fcltigen Beschlussfassung in der Ratssitzung am 17.10.2013 vorzulegen.<\/p><\/blockquote>\n<p><strong>Am kommenden Dienstag wird sich der Ausschuss &#8222;Bildung, Sport, Freizeit&#8220; mit dem Thema besch\u00e4ftigen. <a href=\"http:\/\/olsberg.allris-online.de\/bi2\/___tmp\/tmp\/45081036798143729\/798143729\/00027868\/68.pdf\" target=\"_blank\">Im Ratsinformationssystem hei\u00dft es zum Zeitplan<\/a>:<\/strong><\/p>\n<blockquote><p>In der Verwaltungsvorlage 072\/2013 (Beratung in der Ratssitzung am 12.09.2013) wurde ausf\u00fchrlich beschrieben, welche Gr\u00fcnde f\u00fcr die Bildung eines Teilstandortes der Sekundarschule Olsberg am Standort Bestwig sprechen. Aus terminlichen Gr\u00fcnden war es nicht m\u00f6glich, diese Verwaltungsvorlage vorab dem Ausschuss Bildung, Sport, Freizeit zur Vorberatung vorzulegen.<\/p>\n<p>Mit dieser Verwaltungsvorlage soll die weitere Vorgehensweise abgestimmt werden, so dass bis zum 30.11.2013 der Antrag auf Errichtung eines Teilstandortes bei der Bezirksregierung Arnsberg gestellt werden kann.<\/p>\n<p>Sollte der Stadtrat in seiner Sitzung am 12.09.2013 der Beschlussempfehlung der Vorlage 072\/2013 folgen, finden am 17.09.2013, 19.09.2013 und 25.09.2013 Elterninformationsveranstaltungen an den drei Grundschulen der Gemeinde Bestwig statt. Eine positive Willensbekundung durch den Rat der Stadt Olsberg zum Teilstandort Bestwig ist daher zeitnah erforderlich, bevor die Informationsveranstaltungen in den Grundschulen stattfinden.<\/p>\n<p>Ab dem 26.09.2013 wird die Befragung der Eltern der Dritt- und Viertkl\u00e4ssler durchgef\u00fchrt. Der letzte Termin f\u00fcr die R\u00fcckgabe der Frageb\u00f6gen wird voraussichtlich der 11.10.2013 sein, so dass das Ergebnis der Elternbefragung in der Ratssitzung am 17.10.2013 vorgestellt werden kann. Vorbehaltlich der Zustimmung des Stadtrates, k\u00f6nnte der Rat der Gemeinde Bestwig in seiner Sitzung am 13.11.2013 ebenfalls \u00fcber die Errichtung des Teilstandortes entscheiden.<\/p>\n<p>Eine Beteiligung der Schulkonferenzen der Hauptschule und Realschule Bestwig zur Aufl\u00f6sung der jeweiligen Schule, sowie der Sekundarschule Olsberg zur Errichtung des Teilstandortes, muss ebenfalls bis zum 30.11.2013 erfolgen.<\/p><\/blockquote>\n","protected":false},"excerpt":{"rendered":"<p>Der Rat der Stadt Olsberg hat sich am Donnerstagabend f\u00fcr die Bildung eines Teilstandortes der Sekundarschule Olsberg in Bestwig ausgesprochen. Die Ratsvorlage wurde laut einem Bericht in der Westfalenpost mit &hellip; <a href=\"https:\/\/www.schiebener.net\/wordpress\/sekundarschule-olsberg-rat-gibt-gruenes-licht-fuer-teilstandort-in-bestwig\/\" class=\"more-link\"><span class=\"screen-reader-text\">\u201eSekundarschule Olsberg: Rat gibt gr\u00fcnes Licht f\u00fcr Teilstandort in Bestwig.\u201c <\/span>weiterlesen<\/a><\/p>\n","protected":false},"author":17,"featured_media":0,"comment_status":"open","ping_status":"open","sticky":false,"template":"","format":"standard","meta":{"footnotes":""},"categories":[3,80,24],"tags":[4549,4550],"class_list":["post-25535","post","type-post","status-publish","format-standard","hentry","category-bildung-und-schule","category-lokales","category-politik","tag-sekundarschule-olsberg","tag-teilstandort-bestwig"],"_links":{"self":[{"href":"https:\/\/www.schiebener.net\/wordpress\/wp-json\/wp\/v2\/posts\/25535","targetHints":{"allow":["GET"]}}],"collection":[{"href":"https:\/\/www.schiebener.net\/wordpress\/wp-json\/wp\/v2\/posts"}],"about":[{"href":"https:\/\/www.schiebener.net\/wordpress\/wp-json\/wp\/v2\/types\/post"}],"author":[{"embeddable":true,"href":"https:\/\/www.schiebener.net\/wordpress\/wp-json\/wp\/v2\/users\/17"}],"replies":[{"embeddable":true,"href":"https:\/\/www.schiebener.net\/wordpress\/wp-json\/wp\/v2\/comments?post=25535"}],"version-history":[{"count":0,"href":"https:\/\/www.schiebener.net\/wordpress\/wp-json\/wp\/v2\/posts\/25535\/revisions"}],"wp:attachment":[{"href":"https:\/\/www.schiebener.net\/wordpress\/wp-json\/wp\/v2\/media?parent=25535"}],"wp:term":[{"taxonomy":"category","embeddable":true,"href":"https:\/\/www.schiebener.net\/wordpress\/wp-json\/wp\/v2\/categories?post=25535"},{"taxonomy":"post_tag","embeddable":true,"href":"https:\/\/www.schiebener.net\/wordpress\/wp-json\/wp\/v2\/tags?post=25535"}],"curies":[{"name":"wp","href":"https:\/\/api.w.org\/{rel}","templated":true}]}}