{"id":25456,"date":"2013-09-07T23:00:47","date_gmt":"2013-09-07T21:00:47","guid":{"rendered":"http:\/\/www.schiebener.net\/wordpress\/?p=25456"},"modified":"2013-09-07T23:01:04","modified_gmt":"2013-09-07T21:01:04","slug":"siedlinghausen-mountainbiker-nach-sturz-mit-einem-rettungshubschrauber-in-spezialklinik-geflogen","status":"publish","type":"post","link":"https:\/\/www.schiebener.net\/wordpress\/siedlinghausen-mountainbiker-nach-sturz-mit-einem-rettungshubschrauber-in-spezialklinik-geflogen\/","title":{"rendered":"Siedlinghausen: Mountainbiker nach Sturz mit einem Rettungshubschrauber in Spezialklinik geflogen"},"content":{"rendered":"<figure id=\"attachment_18459\" aria-describedby=\"caption-attachment-18459\" style=\"width: 192px\" class=\"wp-caption alignleft\"><img loading=\"lazy\" decoding=\"async\" class=\" wp-image-18459  \" title=\"Mit dem  MTB auf Tour im HSK.\" alt=\"Nicht immer ungef\u00e4hrlich. Mit dem  MTB auf Tour im HSK.\" src=\"http:\/\/www.schiebener.net\/wordpress\/wp-content\/uploads\/2012\/05\/mtb20120520.jpg\" width=\"192\" height=\"128\" srcset=\"https:\/\/www.schiebener.net\/wordpress\/wp-content\/uploads\/2012\/05\/mtb20120520.jpg 320w, https:\/\/www.schiebener.net\/wordpress\/wp-content\/uploads\/2012\/05\/mtb20120520-300x200.jpg 300w\" sizes=\"auto, (max-width: 192px) 85vw, 192px\" \/><figcaption id=\"caption-attachment-18459\" class=\"wp-caption-text\">Nicht immer ungef\u00e4hrlich. Mit dem MTB auf Tour im HSK (archiv: zoom)<\/figcaption><\/figure>\n<p><strong>Winterberg (<a href=\"http:\/\/www.presseportal.de\/polizeipresse\/pm\/65847\/2551369\/pol-hsk-mountainbiker-nach-sturz-bei-siedlinghausen-weggeflogen\/rss&amp;cwid=6c5c84b759753e41d6405d9019594e96\" target=\"_blank\">ots<\/a>) &#8211; Ein 49-j\u00e4hriger Mountainbiker aus Oirschot in den Niederlanden musste am Freitagnachmittag nach einem Sturz im Wald in der Gemarkung &#8222;Am Eggenberg&#8220; mit einem Rettungshubschrauber in eine Spezialklinik geflogen werden.<\/strong><\/p>\n<p>Er war mit weiteren drei Mountainbikern aus Richtung Niedersfeld kommend \u00fcber den Eschenberg in Richtung Kr\u00e4merh\u00f6he unterwegs.<\/p>\n<p>Aus unbekannter Ursache \u00fcberschlug sich der 49-J\u00e4hrige bei voller Fahrt und blieb zun\u00e4chst regungslos liegen.<\/p>\n","protected":false},"excerpt":{"rendered":"<p>Winterberg (ots) &#8211; Ein 49-j\u00e4hriger Mountainbiker aus Oirschot in den Niederlanden musste am Freitagnachmittag nach einem Sturz im Wald in der Gemarkung &#8222;Am Eggenberg&#8220; mit einem Rettungshubschrauber in eine Spezialklinik &hellip; <a href=\"https:\/\/www.schiebener.net\/wordpress\/siedlinghausen-mountainbiker-nach-sturz-mit-einem-rettungshubschrauber-in-spezialklinik-geflogen\/\" class=\"more-link\"><span class=\"screen-reader-text\">\u201eSiedlinghausen: Mountainbiker nach Sturz mit einem Rettungshubschrauber in Spezialklinik geflogen\u201c <\/span>weiterlesen<\/a><\/p>\n","protected":false},"author":17,"featured_media":0,"comment_status":"open","ping_status":"open","sticky":false,"template":"","format":"standard","meta":{"footnotes":""},"categories":[303,80,2181,1043,71],"tags":[3656,638,655,4532],"class_list":["post-25456","post","type-post","status-publish","format-standard","hentry","category-in-unserem-briefkasten","category-lokales","category-polizeiberichte","category-pressemitteilungen","category-sport","tag-mtb","tag-niederlande","tag-pressemitteilung","tag-winterberg-siedlinghausen"],"_links":{"self":[{"href":"https:\/\/www.schiebener.net\/wordpress\/wp-json\/wp\/v2\/posts\/25456","targetHints":{"allow":["GET"]}}],"collection":[{"href":"https:\/\/www.schiebener.net\/wordpress\/wp-json\/wp\/v2\/posts"}],"about":[{"href":"https:\/\/www.schiebener.net\/wordpress\/wp-json\/wp\/v2\/types\/post"}],"author":[{"embeddable":true,"href":"https:\/\/www.schiebener.net\/wordpress\/wp-json\/wp\/v2\/users\/17"}],"replies":[{"embeddable":true,"href":"https:\/\/www.schiebener.net\/wordpress\/wp-json\/wp\/v2\/comments?post=25456"}],"version-history":[{"count":0,"href":"https:\/\/www.schiebener.net\/wordpress\/wp-json\/wp\/v2\/posts\/25456\/revisions"}],"wp:attachment":[{"href":"https:\/\/www.schiebener.net\/wordpress\/wp-json\/wp\/v2\/media?parent=25456"}],"wp:term":[{"taxonomy":"category","embeddable":true,"href":"https:\/\/www.schiebener.net\/wordpress\/wp-json\/wp\/v2\/categories?post=25456"},{"taxonomy":"post_tag","embeddable":true,"href":"https:\/\/www.schiebener.net\/wordpress\/wp-json\/wp\/v2\/tags?post=25456"}],"curies":[{"name":"wp","href":"https:\/\/api.w.org\/{rel}","templated":true}]}}