{"id":25190,"date":"2013-08-23T18:42:02","date_gmt":"2013-08-23T16:42:02","guid":{"rendered":"http:\/\/www.schiebener.net\/wordpress\/?p=25190"},"modified":"2013-08-23T20:52:27","modified_gmt":"2013-08-23T18:52:27","slug":"auf-dem-trockenen-aqua-olsberg-schliesst-mit-schuljahresbeginn-fuer-drei-wochen-wegen-renovierungsarbeiten","status":"publish","type":"post","link":"https:\/\/www.schiebener.net\/wordpress\/auf-dem-trockenen-aqua-olsberg-schliesst-mit-schuljahresbeginn-fuer-drei-wochen-wegen-renovierungsarbeiten\/","title":{"rendered":"Auf dem Trockenen: Aqua Olsberg schlie\u00dft mit Schuljahresbeginn f\u00fcr zwei Wochen wegen Renovierungsarbeiten."},"content":{"rendered":"<p><figure id=\"attachment_20495\" aria-describedby=\"caption-attachment-20495\" style=\"width: 512px\" class=\"wp-caption aligncenter\"><img loading=\"lazy\" decoding=\"async\" src=\"http:\/\/www.schiebener.net\/wordpress\/wp-content\/uploads\/2012\/09\/aquaolsberg20120931.jpg\" alt=\"aqua olsberg\" width=\"512\" height=\"339\" class=\"size-full wp-image-20495\" srcset=\"https:\/\/www.schiebener.net\/wordpress\/wp-content\/uploads\/2012\/09\/aquaolsberg20120931.jpg 512w, https:\/\/www.schiebener.net\/wordpress\/wp-content\/uploads\/2012\/09\/aquaolsberg20120931-300x198.jpg 300w\" sizes=\"auto, (max-width: 512px) 85vw, 512px\" \/><figcaption id=\"caption-attachment-20495\" class=\"wp-caption-text\">Dieses Jahr keine sp\u00e4te Freibad-Saison im Aqua Olsberg. (archiv: zoom)<\/figcaption><\/figure>Mit Schuljahresbeginn schlie\u00dft das Aqua Olsberg wegen dringender Renovierungsarbeiten <a href=\"http:\/\/aquaolsberg.de\/110217-aquaolsberg-de\/die-therme\/oeffnungszeiten\/index.php?\" target=\"_blank\">f\u00fcr voraussichtlich zwei Wochen<\/a> in der Zeit vom 7. bis zum 20. September.<\/p>\n<p>Damit reduziert sich das Schwimmangebot f\u00fcr mich auf das <a href=\"http:\/\/www.baederverein-siedlinghausen.de\/pages\/baeder\/hallenbad\/oeffnungszeiten.php\" target=\"_blank\">Hallenbad in Siedlinghausen<\/a>. Alle anderen B\u00e4der sind zu weit entfernt, um einen Besuch in den Arbeitsalltag zu integrieren.<\/p>\n","protected":false},"excerpt":{"rendered":"<p>Mit Schuljahresbeginn schlie\u00dft das Aqua Olsberg wegen dringender Renovierungsarbeiten f\u00fcr voraussichtlich zwei Wochen in der Zeit vom 7. bis zum 20. September. Damit reduziert sich das Schwimmangebot f\u00fcr mich auf &hellip; <a href=\"https:\/\/www.schiebener.net\/wordpress\/auf-dem-trockenen-aqua-olsberg-schliesst-mit-schuljahresbeginn-fuer-drei-wochen-wegen-renovierungsarbeiten\/\" class=\"more-link\"><span class=\"screen-reader-text\">\u201eAuf dem Trockenen: Aqua Olsberg schlie\u00dft mit Schuljahresbeginn f\u00fcr zwei Wochen wegen Renovierungsarbeiten.\u201c <\/span>weiterlesen<\/a><\/p>\n","protected":false},"author":3,"featured_media":0,"comment_status":"open","ping_status":"open","sticky":false,"template":"","format":"standard","meta":{"footnotes":""},"categories":[1732,80,71],"tags":[1589,4501],"class_list":["post-25190","post","type-post","status-publish","format-standard","hentry","category-freizeit","category-lokales","category-sport","tag-aqua-olsberg","tag-schliessung"],"_links":{"self":[{"href":"https:\/\/www.schiebener.net\/wordpress\/wp-json\/wp\/v2\/posts\/25190","targetHints":{"allow":["GET"]}}],"collection":[{"href":"https:\/\/www.schiebener.net\/wordpress\/wp-json\/wp\/v2\/posts"}],"about":[{"href":"https:\/\/www.schiebener.net\/wordpress\/wp-json\/wp\/v2\/types\/post"}],"author":[{"embeddable":true,"href":"https:\/\/www.schiebener.net\/wordpress\/wp-json\/wp\/v2\/users\/3"}],"replies":[{"embeddable":true,"href":"https:\/\/www.schiebener.net\/wordpress\/wp-json\/wp\/v2\/comments?post=25190"}],"version-history":[{"count":0,"href":"https:\/\/www.schiebener.net\/wordpress\/wp-json\/wp\/v2\/posts\/25190\/revisions"}],"wp:attachment":[{"href":"https:\/\/www.schiebener.net\/wordpress\/wp-json\/wp\/v2\/media?parent=25190"}],"wp:term":[{"taxonomy":"category","embeddable":true,"href":"https:\/\/www.schiebener.net\/wordpress\/wp-json\/wp\/v2\/categories?post=25190"},{"taxonomy":"post_tag","embeddable":true,"href":"https:\/\/www.schiebener.net\/wordpress\/wp-json\/wp\/v2\/tags?post=25190"}],"curies":[{"name":"wp","href":"https:\/\/api.w.org\/{rel}","templated":true}]}}