{"id":24983,"date":"2013-08-06T01:43:43","date_gmt":"2013-08-05T23:43:43","guid":{"rendered":"http:\/\/www.schiebener.net\/wordpress\/?p=24983"},"modified":"2013-08-06T01:43:43","modified_gmt":"2013-08-05T23:43:43","slug":"alles-weg-3-winterberg-total-lokal","status":"publish","type":"post","link":"https:\/\/www.schiebener.net\/wordpress\/alles-weg-3-winterberg-total-lokal\/","title":{"rendered":"Alles weg #3: Winterberg total lokal?"},"content":{"rendered":"<p><figure id=\"attachment_24984\" aria-describedby=\"caption-attachment-24984\" style=\"width: 512px\" class=\"wp-caption aligncenter\"><img loading=\"lazy\" decoding=\"async\" class=\"size-full wp-image-24984\" alt=\"Winterberg Total Lokal\" src=\"http:\/\/www.schiebener.net\/wordpress\/wp-content\/uploads\/2013\/08\/WinterbergTotalLokal20130805.jpg\" width=\"512\" height=\"384\" srcset=\"https:\/\/www.schiebener.net\/wordpress\/wp-content\/uploads\/2013\/08\/WinterbergTotalLokal20130805.jpg 512w, https:\/\/www.schiebener.net\/wordpress\/wp-content\/uploads\/2013\/08\/WinterbergTotalLokal20130805-300x225.jpg 300w\" sizes=\"auto, (max-width: 512px) 85vw, 512px\" \/><figcaption id=\"caption-attachment-24984\" class=\"wp-caption-text\">War hier am Waltenberg im Sparkassengeb\u00e4ude nicht noch k\u00fcrzlich das B\u00fcro von &#8222;Winterberg total lokal&#8220;, der zweiten Reklamezeitung neben dem Sauerlandkurier? (foto: zoom)<\/figcaption><\/figure>Heute ist mir aufgefallen, dass die Gesch\u00e4ftsr\u00e4ume der Reklamezeitung &#8222;Winterberg total lokal&#8220; leerger\u00e4umt sind. Die Gesch\u00e4fte werden dann wohl von Brilon aus verwaltet, oder? <a href=\"http:\/\/winterberg-totallokal.de\/?ind=impressum\" target=\"_blank\">http:\/\/winterberg-totallokal.de\/?ind=impressum<\/a> <\/p>\n","protected":false},"excerpt":{"rendered":"<p>Heute ist mir aufgefallen, dass die Gesch\u00e4ftsr\u00e4ume der Reklamezeitung &#8222;Winterberg total lokal&#8220; leerger\u00e4umt sind. Die Gesch\u00e4fte werden dann wohl von Brilon aus verwaltet, oder? http:\/\/winterberg-totallokal.de\/?ind=impressum<\/p>\n","protected":false},"author":3,"featured_media":0,"comment_status":"open","ping_status":"open","sticky":false,"template":"","format":"standard","meta":{"footnotes":""},"categories":[80,32],"tags":[390,4465],"class_list":["post-24983","post","type-post","status-publish","format-standard","hentry","category-lokales","category-medien","tag-briloner-anzeiger","tag-winterberg-total-lokal"],"_links":{"self":[{"href":"https:\/\/www.schiebener.net\/wordpress\/wp-json\/wp\/v2\/posts\/24983","targetHints":{"allow":["GET"]}}],"collection":[{"href":"https:\/\/www.schiebener.net\/wordpress\/wp-json\/wp\/v2\/posts"}],"about":[{"href":"https:\/\/www.schiebener.net\/wordpress\/wp-json\/wp\/v2\/types\/post"}],"author":[{"embeddable":true,"href":"https:\/\/www.schiebener.net\/wordpress\/wp-json\/wp\/v2\/users\/3"}],"replies":[{"embeddable":true,"href":"https:\/\/www.schiebener.net\/wordpress\/wp-json\/wp\/v2\/comments?post=24983"}],"version-history":[{"count":0,"href":"https:\/\/www.schiebener.net\/wordpress\/wp-json\/wp\/v2\/posts\/24983\/revisions"}],"wp:attachment":[{"href":"https:\/\/www.schiebener.net\/wordpress\/wp-json\/wp\/v2\/media?parent=24983"}],"wp:term":[{"taxonomy":"category","embeddable":true,"href":"https:\/\/www.schiebener.net\/wordpress\/wp-json\/wp\/v2\/categories?post=24983"},{"taxonomy":"post_tag","embeddable":true,"href":"https:\/\/www.schiebener.net\/wordpress\/wp-json\/wp\/v2\/tags?post=24983"}],"curies":[{"name":"wp","href":"https:\/\/api.w.org\/{rel}","templated":true}]}}