{"id":24605,"date":"2013-07-09T22:42:04","date_gmt":"2013-07-09T20:42:04","guid":{"rendered":"http:\/\/www.schiebener.net\/wordpress\/?p=24605"},"modified":"2013-07-09T22:42:04","modified_gmt":"2013-07-09T20:42:04","slug":"umleitung-schwerpunkt-sind-uberwachung-und-plagiate-aber-ansonsten-sind-die-links-auch-nicht-schlecht","status":"publish","type":"post","link":"https:\/\/www.schiebener.net\/wordpress\/umleitung-schwerpunkt-sind-uberwachung-und-plagiate-aber-ansonsten-sind-die-links-auch-nicht-schlecht\/","title":{"rendered":"Umleitung: Schwerpunkt sind \u00dcberwachung und Plagiate, aber ansonsten sind die Links auch nicht schlecht ;-)"},"content":{"rendered":"<figure id=\"attachment_24606\" aria-describedby=\"caption-attachment-24606\" style=\"width: 197px\" class=\"wp-caption alignleft\"><a href=\"http:\/\/www.schiebener.net\/wordpress\/wp-content\/uploads\/2013\/07\/L74220130709.jpg\" target=\"_blank\"><img loading=\"lazy\" decoding=\"async\" class=\" wp-image-24606   \" title=\"L742\" alt=\"L742\" src=\"http:\/\/www.schiebener.net\/wordpress\/wp-content\/uploads\/2013\/07\/L74220130709.jpg\" width=\"197\" height=\"137\" srcset=\"https:\/\/www.schiebener.net\/wordpress\/wp-content\/uploads\/2013\/07\/L74220130709.jpg 512w, https:\/\/www.schiebener.net\/wordpress\/wp-content\/uploads\/2013\/07\/L74220130709-300x208.jpg 300w\" sizes=\"auto, (max-width: 197px) 85vw, 197px\" \/><\/a><figcaption id=\"caption-attachment-24606\" class=\"wp-caption-text\">Mit dem Rad auf dem Arbeitsweg. Die Bahn kommt aus Winterberg. (foto: zoom)<\/figcaption><\/figure>\n<p><strong>Ein Universum aus Nichts:<\/strong> Der amerikanische Physiker Lawrence M. Krauss fasst in seinem Buch den derzeitigen Stand der Forschung im Bereich der Kosmologie in leicht verst\u00e4ndlicher Form zusammen &#8230; <a href=\"http:\/\/hpd.de\/node\/16345\" target=\"_blank\">hpd<\/a><\/p>\n<p><strong>\u00dcberwachungsstaat:<\/strong> Die schleichende Metamorphose der parlamentarischen Demokratie in eine Datendiktatur &#8230; <a href=\"http:\/\/www.endoplast.de\/2013\/07\/09\/uberwachungsstaat-die-schleichende-metamorphose-der-parlamentarischen-demokratie-in-eine-datendiktatur\/\" target=\"_blank\">endoplast <\/a><\/p>\n<p><strong>Die Geschichte Edward Snowdens:<\/strong> &#8222;Der Sicherheitsapparat hat \u00fcbernommen. Nicht sich selbst, sondern die letztinstanzliche Auslegung des Rechts. Den Rest wollen Sie nicht wissen, wenn Ihnen das Leben Ihres Hundes noch etwas bedeutet&#8220; &#8230; <a href=\"http:\/\/www.wiesaussieht.de\/2013\/07\/09\/relevanz-und-wahn\/#more-5056\" target=\"_blank\">wiesaussieht<\/a><\/p>\n<p><strong>Google und Facebook:<\/strong> gef\u00e4hrliche Datenkraken oder Blender? Ein Selbstversuch &#8230; <a href=\"http:\/\/www.nachdenkseiten.de\/?p=17911\" target=\"_blank\">nachdenkseiten<br \/>\n<\/a><\/p>\n<p><strong>Sie sind ein anst\u00e4ndiger B\u00fcrger:<\/strong> sollten sich &#8222;anst\u00e4ndige B\u00fcrger&#8220; wegen der \u00dcberwachung sorgen? \u2013 Ein Erfahrungsbericht aus den Schattenkriegen &#8230; <a href=\"http:\/\/www.scilogs.de\/chrono\/blog\/natur-des-glaubens\/usa\/2013-07-06\/sollten-sich-anst-ndiger-b-rger-wegen-der-berwachung-sorgen-ein-erfahrungsbericht-aus-den-schattenkriegen\" target=\"_blank\">Michael Blume<\/a><\/p>\n<p><strong>Plagiate und Obmann Schummerlos (CDU) Reise ins Neuland:<\/strong> Er h\u00e4lt es f\u00fcr gut und richtig, dass nach dem Willen der Deutschen Forschungsgemeinschaft (DFG) anonyme Hinweise auf Plagiate in der Regel nicht mehr verfolgt werden sollen &#8230; <a href=\"http:\/\/erbloggtes.wordpress.com\/2013\/07\/08\/obmann-schummerlos-reise-ins-neuland\/#more-2918\" target=\"_blank\">erbloggtes<\/a><\/p>\n<p><strong>Plakat-Eklat in Duisburg:<\/strong> Die Universit\u00e4t Duisburg-Essen (UDE) bricht eine Plakatausstellung ab, nachdem eine islamistische Doktorandin ein Poster abgeh\u00e4ngt und zerst\u00f6rt hatte &#8211; eine Presseschau bei &#8230; <a href=\"http:\/\/www.jurga.de\/297.html\" target=\"_blank\">jurga<\/a><\/p>\n<p><strong>Meschede plagiiert und ist inspiriert:<\/strong> Hier hat sich der\/die verantwortliche Gestalter\/in des Flyers offensichtlich der schnellen Copy&amp;Paste-Variante und der praktischen Nachzeichnerfunktion eines professionellen Vektorprogramms bedient &#8230; <a href=\"http:\/\/daniel-koehne.de\/mixtape\/meschede-inspiriert-sich\/\" target=\"_blank\">mixtape<\/a><\/p>\n<p><strong>CDU-Chefin attackiert Rot-Gr\u00fcn:<\/strong> Merkels neuer Zungenschlag &#8230; <a href=\"http:\/\/post-von-horn.de\/2013\/07\/08\/merkels-neuer-zungenschlag\/\" target=\"_blank\">postvonhorn<\/a><\/p>\n<p><strong>SPD und \u00e4hnliche:<\/strong> Ist die europ\u00e4ische Sozialdemokratie von Angst und Kleinmut zerfressen? Eine beunruhigende Frage &#8230; <a href=\"http:\/\/www.misik.at\/sonstige\/wir-haben-nichts-zu-furchten-als-die-furcht-selbst.php\" target=\"_blank\">misik<\/a><\/p>\n<p><strong>HSK-SPD:<\/strong> Diskussionsveranstaltung mit NRW Justizminister Thomas Kutschaty &#8230; <a href=\"http:\/\/www.neheims-netz.de\/?p=5404\" target=\"_blank\">neheimsnetz<\/a><\/p>\n<p><strong>Kulturdenkmal besonderen Ranges:<\/strong> 100 Jahre Pferderennbahn in Dortmund-Wambel &#8230; <a href=\"http:\/\/www.revierpassagen.de\/18809\/kulturdenkmal-besonderen-ranges-100-jahre-pferderennbahn-in-dortmund-wambel\/20130709_1559\" target=\"_blank\">revierpassagen<\/a><\/p>\n<p><strong>Und j\u00e4hrlich gr\u00fc\u00dft der Bibliotheksindex &#8211; auch in Bottrop:<\/strong> \u201cLebendige Bibliothek\u201d wie immer auf dem letzten Rang. Blo\u00df nicht dr\u00fcber schreiben und sprechen &#8230; <a href=\"http:\/\/www.bottblog.de\/2013\/07\/09\/und-jahrlich-grust-der-bibliotheksindex-lebendige-bibliothek-wie-immer-auf-dem-letzten-rang-und-blos-nicht-druber-schreiben-und-sprechen\/\" target=\"_blank\">bottblog<\/a><\/p>\n<p><strong>Bedenken gegen Ferienhausanlagen in Sundern und anderswo:<\/strong> Klein-Manhattan in Heimbach &#8230; <a href=\"http:\/\/www.gruene-sundern.de\/?p=2019\" target=\"_blank\">gruenesundern<\/a><\/p>\n","protected":false},"excerpt":{"rendered":"<p>Ein Universum aus Nichts: Der amerikanische Physiker Lawrence M. Krauss fasst in seinem Buch den derzeitigen Stand der Forschung im Bereich der Kosmologie in leicht verst\u00e4ndlicher Form zusammen &#8230; hpd &hellip; <a href=\"https:\/\/www.schiebener.net\/wordpress\/umleitung-schwerpunkt-sind-uberwachung-und-plagiate-aber-ansonsten-sind-die-links-auch-nicht-schlecht\/\" class=\"more-link\"><span class=\"screen-reader-text\">\u201eUmleitung: Schwerpunkt sind \u00dcberwachung und Plagiate, aber ansonsten sind die Links auch nicht schlecht ;-)\u201c <\/span>weiterlesen<\/a><\/p>\n","protected":false},"author":3,"featured_media":0,"comment_status":"open","ping_status":"open","sticky":false,"template":"","format":"standard","meta":{"footnotes":""},"categories":[674,80,32,5,46,24,379],"tags":[4352,744,4005,76,4408,3749,264,13,3750],"class_list":["post-24605","post","type-post","status-publish","format-standard","hentry","category-kultur","category-lokales","category-medien","category-naturwissenschaft","category-philosophie","category-politik","category-umleitung","tag-edward-snowden","tag-facebook","tag-ferienhausanlage-amecke","tag-google","tag-heimbach","tag-kosmologie","tag-meschede","tag-spd","tag-universum"],"_links":{"self":[{"href":"https:\/\/www.schiebener.net\/wordpress\/wp-json\/wp\/v2\/posts\/24605","targetHints":{"allow":["GET"]}}],"collection":[{"href":"https:\/\/www.schiebener.net\/wordpress\/wp-json\/wp\/v2\/posts"}],"about":[{"href":"https:\/\/www.schiebener.net\/wordpress\/wp-json\/wp\/v2\/types\/post"}],"author":[{"embeddable":true,"href":"https:\/\/www.schiebener.net\/wordpress\/wp-json\/wp\/v2\/users\/3"}],"replies":[{"embeddable":true,"href":"https:\/\/www.schiebener.net\/wordpress\/wp-json\/wp\/v2\/comments?post=24605"}],"version-history":[{"count":0,"href":"https:\/\/www.schiebener.net\/wordpress\/wp-json\/wp\/v2\/posts\/24605\/revisions"}],"wp:attachment":[{"href":"https:\/\/www.schiebener.net\/wordpress\/wp-json\/wp\/v2\/media?parent=24605"}],"wp:term":[{"taxonomy":"category","embeddable":true,"href":"https:\/\/www.schiebener.net\/wordpress\/wp-json\/wp\/v2\/categories?post=24605"},{"taxonomy":"post_tag","embeddable":true,"href":"https:\/\/www.schiebener.net\/wordpress\/wp-json\/wp\/v2\/tags?post=24605"}],"curies":[{"name":"wp","href":"https:\/\/api.w.org\/{rel}","templated":true}]}}