{"id":24542,"date":"2013-07-07T00:43:45","date_gmt":"2013-07-06T22:43:45","guid":{"rendered":"http:\/\/www.schiebener.net\/wordpress\/?p=24542"},"modified":"2013-07-07T00:56:23","modified_gmt":"2013-07-06T22:56:23","slug":"kreismitgliederversammlung-der-piraten-in-meschede-ein-kleiner-bericht","status":"publish","type":"post","link":"https:\/\/www.schiebener.net\/wordpress\/kreismitgliederversammlung-der-piraten-in-meschede-ein-kleiner-bericht\/","title":{"rendered":"Kreismitgliederversammlung der Piraten in Meschede &#8211; ein kleiner Bericht."},"content":{"rendered":"<p><strong>Heute war ich bei den Piraten in Meschede. Daniel Wagner hatte mich sanft aber nachdr\u00fccklich eingeladen:<\/strong><\/p>\n<blockquote class=\"twitter-tweet\" data-partner=\"tweetdeck\"><p><a href=\"https:\/\/twitter.com\/hskzoom\">@hskzoom<\/a> Hattest du jetzt f\u00fcr Samstag zugesagt? \ud83d\ude42<\/p>\n<p>\u2014 Daniel Wagner (@_einstein_) <a href=\"https:\/\/twitter.com\/_einstein_\/statuses\/352658542777466880\">July 4, 2013<\/a><\/p><\/blockquote>\n<p style=\"text-align: justify;\"><script charset=\"utf-8\" type=\"text\/javascript\" src=\"\/\/platform.twitter.com\/widgets.js\" async=\"\"><\/script><br \/>\nDie Hochsauerl\u00e4nder Piraten haben erstens eine <strong>Kreismitgliederversammlung<\/strong> durchgef\u00fchrt und zweitens ihr <strong>neues Piratenb\u00fcro<\/strong> im Stiftscenter Meschede eingeweiht: 42 qm Gesch\u00e4ftsraum inklusive Toilette.<\/p>\n<figure id=\"attachment_24545\" aria-describedby=\"caption-attachment-24545\" style=\"width: 512px\" class=\"wp-caption aligncenter\"><a href=\"http:\/\/www.schiebener.net\/wordpress\/wp-content\/uploads\/2013\/07\/piraten2013070605.jpg\"><img loading=\"lazy\" decoding=\"async\" class=\"size-full wp-image-24545\" alt=\"Kaffee-Ecke im Piratenb\u00fcro.\" src=\"http:\/\/www.schiebener.net\/wordpress\/wp-content\/uploads\/2013\/07\/piraten2013070605.jpg\" width=\"512\" height=\"384\" srcset=\"https:\/\/www.schiebener.net\/wordpress\/wp-content\/uploads\/2013\/07\/piraten2013070605.jpg 512w, https:\/\/www.schiebener.net\/wordpress\/wp-content\/uploads\/2013\/07\/piraten2013070605-300x225.jpg 300w\" sizes=\"auto, (max-width: 512px) 85vw, 512px\" \/><\/a><figcaption id=\"caption-attachment-24545\" class=\"wp-caption-text\">Das Piratenb\u00fcro in Meschede hat sehr sympathische Ecken (fotos: zoom)<\/figcaption><\/figure>\n<p>Protokollieren wir kurz das Wichtigste. Von den 72 HSK-Piraten waren 11 Mitglieder erschienen. Dazu der <a href=\"http:\/\/www.piratenfraktion-nrw.de\/author\/robert-stein\/\" target=\"_blank\">Landtagsabgeordnete Robert Stein<\/a> und der 2. Vorsitzende des Kreisverbandes M\u00fcnster <a href=\"http:\/\/wiki.piratenpartei.de\/Benutzer:HeikoPh\" target=\"_blank\">Heiko Philippski<\/a>.<\/p>\n<figure id=\"attachment_24546\" aria-describedby=\"caption-attachment-24546\" style=\"width: 512px\" class=\"wp-caption aligncenter\"><a href=\"http:\/\/www.schiebener.net\/wordpress\/wp-content\/uploads\/2013\/07\/piraten2013070601.jpg\"><img loading=\"lazy\" decoding=\"async\" class=\"size-full wp-image-24546\" alt=\"Piraten HSK\" src=\"http:\/\/www.schiebener.net\/wordpress\/wp-content\/uploads\/2013\/07\/piraten2013070601.jpg\" width=\"512\" height=\"172\" srcset=\"https:\/\/www.schiebener.net\/wordpress\/wp-content\/uploads\/2013\/07\/piraten2013070601.jpg 512w, https:\/\/www.schiebener.net\/wordpress\/wp-content\/uploads\/2013\/07\/piraten2013070601-300x100.jpg 300w\" sizes=\"auto, (max-width: 512px) 85vw, 512px\" \/><\/a><figcaption id=\"caption-attachment-24546\" class=\"wp-caption-text\">Ein ziemlich bunter Haufen sind sie schon.<\/figcaption><\/figure>\n<p>Kein Chaos, keine Gesch\u00e4ftsordnungsdebatten &#8211; die Versammlung verlief in geordneten Bahnen.<\/p>\n<figure id=\"attachment_24548\" aria-describedby=\"caption-attachment-24548\" style=\"width: 512px\" class=\"wp-caption aligncenter\"><img loading=\"lazy\" decoding=\"async\" class=\"size-full wp-image-24548\" alt=\"piraten2013070602\" src=\"http:\/\/www.schiebener.net\/wordpress\/wp-content\/uploads\/2013\/07\/piraten2013070602.jpg\" width=\"512\" height=\"266\" srcset=\"https:\/\/www.schiebener.net\/wordpress\/wp-content\/uploads\/2013\/07\/piraten2013070602.jpg 512w, https:\/\/www.schiebener.net\/wordpress\/wp-content\/uploads\/2013\/07\/piraten2013070602-300x155.jpg 300w\" sizes=\"auto, (max-width: 512px) 85vw, 512px\" \/><figcaption id=\"caption-attachment-24548\" class=\"wp-caption-text\">Gut organisiert und ernsthaft bei der Sache &#8230;<\/figcaption><\/figure>\n<p><strong>Vorreiter f\u00fcr NRW<\/strong><br \/>\nDie elf Piratinnen und Piraten haben beschlossen, dass es in Zukunft <strong>Online-Kreismitgliederversammlung<\/strong> geben wird. In drei Phasen &#8211; Akkreditierung, Antr\u00e4ge(1), Diskussion (2) und Abstimmung (3) &#8211; wird es \u00fcber mehrere Wochen m\u00f6glich sein Beschl\u00fcsse zu fassen. Der HSK, so Daniel Wagner, sei damit Vorreiter f\u00fcr ganz NRW.<\/p>\n<p>\u00dcber diese organisatorischen Eckpunkte hinaus wurden vier inhaltliche <strong>Programm-Antr\u00e4ge<\/strong> verabschiedet:<\/p>\n<ol>\n<li>F\u00fcr B\u00fccherboxen<\/li>\n<li>F\u00fcr Mehrgenerationenh\u00e4user<\/li>\n<li>F\u00fcr offene Haushaltsdaten<\/li>\n<li>Gegen Fracking<\/li>\n<\/ol>\n<p>Den genauen Wortlaut der Beschl\u00fcsse wird man in K\u00fcrze auf der <a href=\"http:\/\/piratenpartei-hsk.de\/\" target=\"_blank\">Website der HSK-Piraten<\/a> nachlesen k\u00f6nnen.<\/p>\n<p>Das B\u00fcro der Piraten im Stiftscenter wird leider nicht t\u00e4glich ge\u00f6ffnet sein. Daf\u00fcr sei kein Personal vorhanden. Vorerst angestrebt sei eine regelm\u00e4\u00dfige Besetzung am Samstag.<\/p>\n","protected":false},"excerpt":{"rendered":"<p>Heute war ich bei den Piraten in Meschede. Daniel Wagner hatte mich sanft aber nachdr\u00fccklich eingeladen: @hskzoom Hattest du jetzt f\u00fcr Samstag zugesagt? \ud83d\ude42 \u2014 Daniel Wagner (@_einstein_) July 4, &hellip; <a href=\"https:\/\/www.schiebener.net\/wordpress\/kreismitgliederversammlung-der-piraten-in-meschede-ein-kleiner-bericht\/\" class=\"more-link\"><span class=\"screen-reader-text\">\u201eKreismitgliederversammlung der Piraten in Meschede &#8211; ein kleiner Bericht.\u201c <\/span>weiterlesen<\/a><\/p>\n","protected":false},"author":3,"featured_media":0,"comment_status":"open","ping_status":"open","sticky":false,"template":"","format":"standard","meta":{"footnotes":""},"categories":[80,24],"tags":[3951],"class_list":["post-24542","post","type-post","status-publish","format-standard","hentry","category-lokales","category-politik","tag-piraten-hsk"],"_links":{"self":[{"href":"https:\/\/www.schiebener.net\/wordpress\/wp-json\/wp\/v2\/posts\/24542","targetHints":{"allow":["GET"]}}],"collection":[{"href":"https:\/\/www.schiebener.net\/wordpress\/wp-json\/wp\/v2\/posts"}],"about":[{"href":"https:\/\/www.schiebener.net\/wordpress\/wp-json\/wp\/v2\/types\/post"}],"author":[{"embeddable":true,"href":"https:\/\/www.schiebener.net\/wordpress\/wp-json\/wp\/v2\/users\/3"}],"replies":[{"embeddable":true,"href":"https:\/\/www.schiebener.net\/wordpress\/wp-json\/wp\/v2\/comments?post=24542"}],"version-history":[{"count":0,"href":"https:\/\/www.schiebener.net\/wordpress\/wp-json\/wp\/v2\/posts\/24542\/revisions"}],"wp:attachment":[{"href":"https:\/\/www.schiebener.net\/wordpress\/wp-json\/wp\/v2\/media?parent=24542"}],"wp:term":[{"taxonomy":"category","embeddable":true,"href":"https:\/\/www.schiebener.net\/wordpress\/wp-json\/wp\/v2\/categories?post=24542"},{"taxonomy":"post_tag","embeddable":true,"href":"https:\/\/www.schiebener.net\/wordpress\/wp-json\/wp\/v2\/tags?post=24542"}],"curies":[{"name":"wp","href":"https:\/\/api.w.org\/{rel}","templated":true}]}}