{"id":24360,"date":"2013-06-25T22:04:51","date_gmt":"2013-06-25T20:04:51","guid":{"rendered":"http:\/\/www.schiebener.net\/wordpress\/?p=24360"},"modified":"2013-06-25T22:26:40","modified_gmt":"2013-06-25T20:26:40","slug":"maria-klein-schmeink-grune-mdb-besuchte-gesundheitseinrichtungen-in-brilon","status":"publish","type":"post","link":"https:\/\/www.schiebener.net\/wordpress\/maria-klein-schmeink-grune-mdb-besuchte-gesundheitseinrichtungen-in-brilon\/","title":{"rendered":"Maria Klein-Schmeink, Gr\u00fcne MdB, besuchte Gesundheitseinrichtungen in Brilon."},"content":{"rendered":"<figure id=\"attachment_24372\" aria-describedby=\"caption-attachment-24372\" style=\"width: 512px\" class=\"wp-caption aligncenter\"><img loading=\"lazy\" decoding=\"async\" class=\"size-full wp-image-24372\" alt=\"Krankenhausbesuch\" src=\"http:\/\/www.schiebener.net\/wordpress\/wp-content\/uploads\/2013\/06\/lt_Krankenhaus-k3.jpg\" width=\"512\" height=\"200\" srcset=\"https:\/\/www.schiebener.net\/wordpress\/wp-content\/uploads\/2013\/06\/lt_Krankenhaus-k3.jpg 512w, https:\/\/www.schiebener.net\/wordpress\/wp-content\/uploads\/2013\/06\/lt_Krankenhaus-k3-300x117.jpg 300w\" sizes=\"auto, (max-width: 512px) 85vw, 512px\" \/><figcaption id=\"caption-attachment-24372\" class=\"wp-caption-text\">Besuch im Krankenhaus: Maria Klein-Schmeink (3. v.l.) mit Gesch\u00e4ftsf\u00fchrer Bernd Schulte (1.v.l.), Mitarbeitern und Reinhard Loos (BBL, 4.v.l.)<\/figcaption><\/figure>\n<p><strong>Brilon. (bbl_pm) Maria Klein-Schmeink, Gr\u00fcne Bundestagsabgeordnete aus M\u00fcnster und Mitglied im Gesundheitsausschuss des Deutschen Bundestags, informierte sich einen Tag lang \u00fcber das Gesundheitswesen in Brilon.<\/strong><\/p>\n<p>Zun\u00e4chst stellten<strong> im St\u00e4dtischen Krankenhaus<\/strong> Gesch\u00e4ftsf\u00fchrer Schulte, Pflegedienstleiter Pape und der Leiter der Unternehmens- und Projektentwicklung Siebers die Zukunftsplanungen des Hauses und die aktuellen Probleme, mit denen viele Krankenh\u00e4user im l\u00e4ndlichen Raum sich auseinandersetzen m\u00fcssen, dar.<\/p>\n<p>Besonders beeindruckt war Maria Klein-Schmeink von den zahlreichen Fachdisziplinen, die am und im Briloner Krankenhaus vertreten sind. Der Besuch wurde abgerundet durch die Besichtigung mehrerer Einrichtungen im Krankenhaus.<\/p>\n<figure id=\"attachment_24374\" aria-describedby=\"caption-attachment-24374\" style=\"width: 512px\" class=\"wp-caption aligncenter\"><img loading=\"lazy\" decoding=\"async\" class=\"size-full wp-image-24374\" alt=\"In der Arztpraxis\" src=\"http:\/\/www.schiebener.net\/wordpress\/wp-content\/uploads\/2013\/06\/lt_Arztpraxis-k.jpg\" width=\"512\" height=\"263\" srcset=\"https:\/\/www.schiebener.net\/wordpress\/wp-content\/uploads\/2013\/06\/lt_Arztpraxis-k.jpg 512w, https:\/\/www.schiebener.net\/wordpress\/wp-content\/uploads\/2013\/06\/lt_Arztpraxis-k-300x154.jpg 300w\" sizes=\"auto, (max-width: 512px) 85vw, 512px\" \/><figcaption id=\"caption-attachment-24374\" class=\"wp-caption-text\">Haus\u00e4rztliche Gemeinschaftspraxis: (v.l.) Maria Klein-Schmeink, Annette Loos, Gregor Schmidt<\/figcaption><\/figure>\n<p><strong>Danach standen Besichtigung und Gespr\u00e4ch in einer haus\u00e4rztlichen Gemeinschaftspraxis auf dem Programm.<\/strong> In dieser Praxis hat sich vor kurzem ein Arzt neu niedergelassen, die erste Niederlassung eines Hausarztes in Brilon seit mehr als 10 Jahren. Die Praxis konnte \u00fcber die Ausweitung ihrer Sprechstundenzeiten berichten, und viel \u00fcber aktuelle Erfahrungen mit b\u00fcrokratischen H\u00fcrden.<\/p>\n<figure id=\"attachment_24373\" aria-describedby=\"caption-attachment-24373\" style=\"width: 512px\" class=\"wp-caption aligncenter\"><img loading=\"lazy\" decoding=\"async\" class=\"size-full wp-image-24373\" alt=\"Christophorus Haus\" src=\"http:\/\/www.schiebener.net\/wordpress\/wp-content\/uploads\/2013\/06\/lt_Christophorus-k.jpg\" width=\"512\" height=\"214\" srcset=\"https:\/\/www.schiebener.net\/wordpress\/wp-content\/uploads\/2013\/06\/lt_Christophorus-k.jpg 512w, https:\/\/www.schiebener.net\/wordpress\/wp-content\/uploads\/2013\/06\/lt_Christophorus-k-300x125.jpg 300w\" sizes=\"auto, (max-width: 512px) 85vw, 512px\" \/><figcaption id=\"caption-attachment-24373\" class=\"wp-caption-text\">Christophorus-Haus in Gudenhagen: Maria Klein-Schmeink (1. v.l.), Gesch\u00e4ftsf\u00fchrer Uwe Makschin (1.v.r.), Patienten, Angeh\u00f6rige und Mitarbeiter<\/figcaption><\/figure>\n<p><strong>Zum Abschluss war das Christophorus-Haus in Brilon-Gudenhagen das Ziel.<\/strong> Dort gab es eine Gespr\u00e4chsrunde mit Gesch\u00e4ftsf\u00fchrung, Hausleitung, Patienten und Angeh\u00f6rigen. Alle Teilnehmer brachten ihre Erfahrungen ausf\u00fchrlich ein. Im Vordergrund steht das Bem\u00fchen, trotz personeller Restriktionen eine f\u00fcrsorgliche und aktivierende Betreuung der Hausbewohner zu gew\u00e4hrleisten.<\/p>\n<p>Maria Klein-Schmeink ist in der Gr\u00fcnen Bundestagsfraktion auch Sprecherin f\u00fcr Pr\u00e4vention und Patientenrechte und interessierte sich daher in allen drei Stationen ihres Besuchs besonders f\u00fcr diesen Themenbereich.<\/p>\n","protected":false},"excerpt":{"rendered":"<p>Brilon. (bbl_pm) Maria Klein-Schmeink, Gr\u00fcne Bundestagsabgeordnete aus M\u00fcnster und Mitglied im Gesundheitsausschuss des Deutschen Bundestags, informierte sich einen Tag lang \u00fcber das Gesundheitswesen in Brilon. Zun\u00e4chst stellten im St\u00e4dtischen Krankenhaus &hellip; <a href=\"https:\/\/www.schiebener.net\/wordpress\/maria-klein-schmeink-grune-mdb-besuchte-gesundheitseinrichtungen-in-brilon\/\" class=\"more-link\"><span class=\"screen-reader-text\">\u201eMaria Klein-Schmeink, Gr\u00fcne MdB, besuchte Gesundheitseinrichtungen in Brilon.\u201c <\/span>weiterlesen<\/a><\/p>\n","protected":false},"author":3,"featured_media":0,"comment_status":"open","ping_status":"open","sticky":false,"template":"","format":"standard","meta":{"footnotes":""},"categories":[542,303,80,1043],"tags":[579,4388,655],"class_list":["post-24360","post","type-post","status-publish","format-standard","hentry","category-arbeitswelt","category-in-unserem-briefkasten","category-lokales","category-pressemitteilungen","tag-brilon","tag-maria-klein-schmeink","tag-pressemitteilung"],"_links":{"self":[{"href":"https:\/\/www.schiebener.net\/wordpress\/wp-json\/wp\/v2\/posts\/24360","targetHints":{"allow":["GET"]}}],"collection":[{"href":"https:\/\/www.schiebener.net\/wordpress\/wp-json\/wp\/v2\/posts"}],"about":[{"href":"https:\/\/www.schiebener.net\/wordpress\/wp-json\/wp\/v2\/types\/post"}],"author":[{"embeddable":true,"href":"https:\/\/www.schiebener.net\/wordpress\/wp-json\/wp\/v2\/users\/3"}],"replies":[{"embeddable":true,"href":"https:\/\/www.schiebener.net\/wordpress\/wp-json\/wp\/v2\/comments?post=24360"}],"version-history":[{"count":0,"href":"https:\/\/www.schiebener.net\/wordpress\/wp-json\/wp\/v2\/posts\/24360\/revisions"}],"wp:attachment":[{"href":"https:\/\/www.schiebener.net\/wordpress\/wp-json\/wp\/v2\/media?parent=24360"}],"wp:term":[{"taxonomy":"category","embeddable":true,"href":"https:\/\/www.schiebener.net\/wordpress\/wp-json\/wp\/v2\/categories?post=24360"},{"taxonomy":"post_tag","embeddable":true,"href":"https:\/\/www.schiebener.net\/wordpress\/wp-json\/wp\/v2\/tags?post=24360"}],"curies":[{"name":"wp","href":"https:\/\/api.w.org\/{rel}","templated":true}]}}