{"id":2429,"date":"2009-03-01T07:59:10","date_gmt":"2009-03-01T06:59:10","guid":{"rendered":"http:\/\/www.schiebener.net\/wordpress\/?p=2429"},"modified":"2020-01-18T23:32:56","modified_gmt":"2020-01-18T22:32:56","slug":"mexico-city-neunter-tag-man-gonnt-sich-ja-sonst-nichts","status":"publish","type":"post","link":"https:\/\/www.schiebener.net\/wordpress\/mexico-city-neunter-tag-man-gonnt-sich-ja-sonst-nichts\/","title":{"rendered":"Mexico City &#8211; Neunter Tag: man g\u00f6nnt sich ja sonst nichts &#8230;"},"content":{"rendered":"<p><em>Jeder lese, solange es f\u00fcr ihn kurzweilig bleibt; ansonsten hat er auch nichts verpasst im Leben.<\/em><br \/>\n<em> (Spr\u00fcche und Wendungen eines alten chinesischen Meisters)<\/em><\/p>\n<h3>Sonntag, der 8. Februar 2009<\/h3>\n<figure id=\"attachment_2430\" aria-describedby=\"caption-attachment-2430\" style=\"width: 420px\" class=\"wp-caption aligncenter\"><img loading=\"lazy\" decoding=\"async\" class=\"size-full wp-image-2430\" title=\"Um die Ecke ...\" src=\"http:\/\/www.schiebener.net\/wordpress\/wp-content\/uploads\/2009\/02\/umdieecke.jpg\" alt=\"Um die Ecke ...\" width=\"420\" height=\"300\" srcset=\"https:\/\/www.schiebener.net\/wordpress\/wp-content\/uploads\/2009\/02\/umdieecke.jpg 420w, https:\/\/www.schiebener.net\/wordpress\/wp-content\/uploads\/2009\/02\/umdieecke-300x214.jpg 300w\" sizes=\"auto, (max-width: 420px) 85vw, 420px\" \/><figcaption id=\"caption-attachment-2430\" class=\"wp-caption-text\">Um die Ecke &#8230;<\/figcaption><\/figure>\n<p>Der andere Portier hei\u00dft Sergio und der hat mir heute erstmal erkl\u00e4rt, wie die Kabelglotze geht. \u00e2\u20ac\u201c \u00e2\u20ac\u017eIch habe zu fr\u00fch Tage gemacht!\u00e2\u20ac\u0153, k\u00f6nnte ich mit Emila Galottis Prinzen Hettore Gonzaga zum Hofmaler Conti ausrufen, denn mein Wecker zeigte mir eine Stunde fr\u00fcher an, als es tats\u00e4chlich war. Zuerst, klar, dachte ich, ich h\u00e4tte mich gestern Abend beim Stellen vertan. Aber bei genauerer Hinsicht stellte sich heraus, dass mein aus Deutschland mitgebrachter Wecker den Strom nicht ohne Weiteres schluckt, sondern bei ca. 110 Volt mexikanischen Gleichstroms schneller zu ticken beginnt. Nun ja, beim \u00e2\u20ac\u017eSuperama\u00e2\u20ac\u0153-Supermarkt um die Ecke gibt\u00e2\u20ac\u2122s einen Heizradiator f\u00fcr 17 Euro, da wird\u00e2\u20ac\u2122s auch einen Wecker geben. Einen Heizradiator werde ich mir zulegen, da in M\u00e9xico D.F. alpines Klima ist: Morgens kann es empfindlich kalt bei so 5 bis 8 Grad sein, mittags dann mediterrane 25 bis 30 Grad. &#8211; Ich habe mir vom gestrigen Wandern im Chapultepecpark einen Sonnenbrand an der Stirn geholt.<\/p>\n<figure id=\"attachment_2431\" aria-describedby=\"caption-attachment-2431\" style=\"width: 420px\" class=\"wp-caption aligncenter\"><img loading=\"lazy\" decoding=\"async\" class=\"size-full wp-image-2431\" title=\"Meine neue Bleibe (im Hinterhof \u00e2\u20ac\u201c sch\u00f6n ruhig) \u00e2\u20ac\u201c Mein neues Auto: BMW 735 i - man g\u00f6nnt sich ja sonst nichts \" src=\"http:\/\/www.schiebener.net\/wordpress\/wp-content\/uploads\/2009\/02\/bmw.jpg\" alt=\"Meine neue Bleibe (im Hinterhof \u00e2\u20ac\u201c sch\u00f6n ruhig) \u00e2\u20ac\u201c Mein neues Auto: BMW 735 i - man g\u00f6nnt sich ja sonst nichts \" width=\"420\" height=\"300\" srcset=\"https:\/\/www.schiebener.net\/wordpress\/wp-content\/uploads\/2009\/02\/bmw.jpg 420w, https:\/\/www.schiebener.net\/wordpress\/wp-content\/uploads\/2009\/02\/bmw-300x214.jpg 300w\" sizes=\"auto, (max-width: 420px) 85vw, 420px\" \/><figcaption id=\"caption-attachment-2431\" class=\"wp-caption-text\">Meine neue Bleibe (im Hinterhof \u00e2\u20ac\u201c sch\u00f6n ruhig) \u00e2\u20ac\u201c Mein neues Auto: BMW 735 i &#8211; man g\u00f6nnt sich ja sonst nichts<\/figcaption><\/figure>\n<p>Heute also der erste Tag nach dem Umzug \u00e2\u20ac\u201c nachts habe ich nichts getr\u00e4umt, was denn in Erf\u00fcllung gehen k\u00f6nnte \u00e2\u20ac\u201c am ersten Tag also durchstreifte ich nat\u00fcrlich meinen Barrio und stellte fest, es ist goldrichtig hier. Es ist wie dieses verwunschene St\u00fcck Berlin zwischen Wilmersdorfer Str., Bismarckstr., Hardenbergstr. und Zoologischem Garten und zur\u00fcck \u00fcber die Kantstr. oder s\u00fcdlich \u00fcber den Ku\u00e2\u20ac\u2122damm, also ein Charlottenburg zwischen Einkaufsmeile westlichen FuZo-Zuschnitts mit C&amp;A, Herthie, Deichmann etc.,<!--more--> geschichtstr\u00e4chtiger Berliner Achse, universit\u00e4rem Caf\u00e9haus-Bohemeflair, der deftigen Berliner Schnauze vom Currywurstclientel Zoologischer Garten, dem Aush\u00e4ngeschild fr\u00fcherer Zeiten, und n\u00f6rdlich dieser auf den ersten Blick sozusagen Gebrauchsstra\u00dfe Kantstr., die immer etwas weniger verstopft als der Ku\u00e2\u20ac\u2122damm ist und bei n\u00e4herer Betrachtung doch auch Charme hat, mit ihrem \u00e2\u20ac\u017e2001\u00e2\u20ac\u0153-Laden, heruntergekommenen Tankstellenh\u00e4usern wie fr\u00fcher in den 70er Jahren zu Weihnachten unterm Baum, chinesischen und thail\u00e4ndischen Restos und vor allem dem Kant-Kino, dem \u00e4ltesten Kino der Stadt, wo man noch immer diese uns\u00e4glich langsame \u00c4sthetik eines \u00e2\u20ac\u017eEasy Riders\u00e2\u20ac\u0153 sehen kann; das war wohl auch die gro\u00dfe Zeit des greisen Besitzers, der noch immer dort sein Programmkino schmei\u00dft.<\/p>\n<figure id=\"attachment_2432\" aria-describedby=\"caption-attachment-2432\" style=\"width: 420px\" class=\"wp-caption aligncenter\"><img loading=\"lazy\" decoding=\"async\" class=\"size-full wp-image-2432\" title=\"Stra\u00dfenansicht aus Polanco\" src=\"http:\/\/www.schiebener.net\/wordpress\/wp-content\/uploads\/2009\/02\/polancostrassen.jpg\" alt=\"Stra\u00dfenansicht aus Polanco\" width=\"420\" height=\"300\" srcset=\"https:\/\/www.schiebener.net\/wordpress\/wp-content\/uploads\/2009\/02\/polancostrassen.jpg 420w, https:\/\/www.schiebener.net\/wordpress\/wp-content\/uploads\/2009\/02\/polancostrassen-300x214.jpg 300w\" sizes=\"auto, (max-width: 420px) 85vw, 420px\" \/><figcaption id=\"caption-attachment-2432\" class=\"wp-caption-text\">Stra\u00dfenansicht aus Polanco<\/figcaption><\/figure>\n<p>Und links und rechts, wie Adern, die von der Kantstr. abgehen, verlangsamt sich das Leben zum Kiez, wunderbare Pl\u00e4tze, Baumalleen, V\u00f6gelgezwitscher, Dorfidylle mit D\u00f6nerbude, Qualit\u00e4tsl\u00e4den, alteingesessenes Handwerk vom M\u00f6beldrechsler bis zur gediegenen Lederboutique \u00e2\u20ac\u201c ach ja, der Cowboystiefelshop in der Kantstr. nicht zu vergessen \u00e2\u20ac\u201c L\u00e4den f\u00fcrs Berahmen von \u00d6lgem\u00e4lden neben Plaste-Elaste-Shops, Stra\u00dfencaf\u00e9s ab Saisonbeginn, Markthallen und Aldi \u00e2\u20ac\u201c der poetische Funke des Surrealen.<\/p>\n<p>Drau\u00dfen in Polanco beginnt nun der magische Realismus der lilafarbigen Vorfr\u00fchjahrsbl\u00fcte der B\u00e4ume, die H\u00e4user sind zum Teil wohl wie die Berliner Dachtraufe 21m hoch und pastellfarben angepinselt und vor der Haust\u00fcr erstreckt sich ein Stadtpark, die Plaza Uruguaya. Andre Richtung die Lope de Vega lang landet man vorm Sushi-Laden \u00e2\u20ac\u017eFish-Mart\u00e2\u20ac\u0153; ansonsten brutzelt\u00e2\u20ac\u2122s Tacos, Tortillas und Tortas an jeder Ecke. \u00dcberhaupt ist Polanco gepflastert von Restos aller Herren L\u00e4nder. Zur Mittagszeit sammelt sich das Volk in den zig Restos in den Stra\u00dfen Polancos und speist ausgiebig. Das arabische Kulturzentrum wartet um die Ecke mit Baut\u00e4nzen auf, nicht weit entfernt soll ein Supermarkt f\u00fcr koscheres Essen sein, denn Polanca ist bevorzugtes Wohngebiet der Juden, wovon auch die gro\u00dfe Synagoge Beth-Itzjak im Westen Polancos zeugt. Zum Chapultepecpark schlendert man 10 Min. Ihn s\u00e4umen die Betonkl\u00f6tze der internationalen Hotelketten, die ihn von Polanco abgrenzen, das bei Campos El\u00edseos unmittelbar vorm Museo Nacional de Anthropolog\u00eda aufh\u00f6rt. Passagen verbinden unvermittelt die Schlagader des Viertels, die Avenida Presidente Masarik, mit H\u00e4userbl\u00f6cken weiter s\u00fcdlich und erinnern an Andalusien. Die Avenida hat alle m\u00f6glichen Nobelmarken angezogen, Hugo Boss, Tiffanys, Chippendale usw. usf. \u00e2\u20ac\u201c jeder Gernegro\u00df und M\u00f6chtegern k\u00e4m\u00e2\u20ac\u2122 hier auf seine Kosten. Palmen sieht man allerwegen.<\/p>\n<figure id=\"attachment_2433\" aria-describedby=\"caption-attachment-2433\" style=\"width: 420px\" class=\"wp-caption aligncenter\"><img loading=\"lazy\" decoding=\"async\" class=\"size-full wp-image-2433\" title=\"Polancos Passagen\" src=\"http:\/\/www.schiebener.net\/wordpress\/wp-content\/uploads\/2009\/02\/polancopassagen.jpg\" alt=\"Polancos Passagen\" width=\"420\" height=\"300\" srcset=\"https:\/\/www.schiebener.net\/wordpress\/wp-content\/uploads\/2009\/02\/polancopassagen.jpg 420w, https:\/\/www.schiebener.net\/wordpress\/wp-content\/uploads\/2009\/02\/polancopassagen-300x214.jpg 300w\" sizes=\"auto, (max-width: 420px) 85vw, 420px\" \/><figcaption id=\"caption-attachment-2433\" class=\"wp-caption-text\">Polancos Passagen<\/figcaption><\/figure>\n<p>Beim Parque Am\u00e9rica befindet sich in der Anatole France das Programmkino und Kulturzentrum \u00e2\u20ac\u017eCasa de Arte\u00e2\u20ac\u0153. In s\u00e4mtlichen Stra\u00dfen gibt\u00e2\u20ac\u2122s was zu entdecken, eine franz\u00f6sische Creperie, einen belgischen B\u00e4cker, die Kaufhauskette Liverpool, einen irischen Pub, \u00fcberhaupt Caf\u00e9s \u00fcberall und Konditoreien aus tausend und einer Nacht. Man liest beim Kaffee Zeitung auf dem B\u00fcrgersteig \u00e2\u20ac\u201c diese friedliche, fast autofreie Sonntagsatmosph\u00e4re ist f\u00fcrs Flanieren herrlich.<br \/>\nDas war nun meine erste Woche; der Rest ist Arbeit &#8230;<br \/>\n<em>&#8230; und Schluss<\/em><\/p>\n<h5><\/h5>\n","protected":false},"excerpt":{"rendered":"<p>Jeder lese, solange es f\u00fcr ihn kurzweilig bleibt; ansonsten hat er auch nichts verpasst im Leben. (Spr\u00fcche und Wendungen eines alten chinesischen Meisters) Sonntag, der 8. Februar 2009 Der andere &hellip; <a href=\"https:\/\/www.schiebener.net\/wordpress\/mexico-city-neunter-tag-man-gonnt-sich-ja-sonst-nichts\/\" class=\"more-link\"><span class=\"screen-reader-text\">\u201eMexico City &#8211; Neunter Tag: man g\u00f6nnt sich ja sonst nichts &#8230;\u201c <\/span>weiterlesen<\/a><\/p>\n","protected":false},"author":8,"featured_media":0,"comment_status":"open","ping_status":"open","sticky":false,"template":"","format":"standard","meta":{"footnotes":""},"categories":[377],"tags":[5864,378],"class_list":["post-2429","post","type-post","status-publish","format-standard","hentry","category-mexico","tag-mexico","tag-mexico-city"],"_links":{"self":[{"href":"https:\/\/www.schiebener.net\/wordpress\/wp-json\/wp\/v2\/posts\/2429","targetHints":{"allow":["GET"]}}],"collection":[{"href":"https:\/\/www.schiebener.net\/wordpress\/wp-json\/wp\/v2\/posts"}],"about":[{"href":"https:\/\/www.schiebener.net\/wordpress\/wp-json\/wp\/v2\/types\/post"}],"author":[{"embeddable":true,"href":"https:\/\/www.schiebener.net\/wordpress\/wp-json\/wp\/v2\/users\/8"}],"replies":[{"embeddable":true,"href":"https:\/\/www.schiebener.net\/wordpress\/wp-json\/wp\/v2\/comments?post=2429"}],"version-history":[{"count":0,"href":"https:\/\/www.schiebener.net\/wordpress\/wp-json\/wp\/v2\/posts\/2429\/revisions"}],"wp:attachment":[{"href":"https:\/\/www.schiebener.net\/wordpress\/wp-json\/wp\/v2\/media?parent=2429"}],"wp:term":[{"taxonomy":"category","embeddable":true,"href":"https:\/\/www.schiebener.net\/wordpress\/wp-json\/wp\/v2\/categories?post=2429"},{"taxonomy":"post_tag","embeddable":true,"href":"https:\/\/www.schiebener.net\/wordpress\/wp-json\/wp\/v2\/tags?post=2429"}],"curies":[{"name":"wp","href":"https:\/\/api.w.org\/{rel}","templated":true}]}}