{"id":23881,"date":"2013-05-23T23:24:41","date_gmt":"2013-05-23T21:24:41","guid":{"rendered":"http:\/\/www.schiebener.net\/wordpress\/?p=23881"},"modified":"2013-05-23T23:24:41","modified_gmt":"2013-05-23T21:24:41","slug":"prazendenzwirkung-fur-schleichend-umgenutzte-ferienhausgebiete-in-der-planungsregion-arnsberg-ein-leserbrief","status":"publish","type":"post","link":"https:\/\/www.schiebener.net\/wordpress\/prazendenzwirkung-fur-schleichend-umgenutzte-ferienhausgebiete-in-der-planungsregion-arnsberg-ein-leserbrief\/","title":{"rendered":"&#8222;Pr\u00e4zendenzwirkung f\u00fcr schleichend umgenutzte Ferienhausgebiete in der Planungsregion Arnsberg&#8220;. Ein Leserbrief."},"content":{"rendered":"<p><em>(Zum Antrag der CDU neue Bebauungspl\u00e4ne f\u00fcr die Wochenendhausgebiete in Amecke aufzustellen hat <a title=\"Rat der Stadt Sundern\" href=\"http:\/\/www.sundern.de\/fileadmin\/user_upload\/Dokumente\/Rat_u._Ausschuesse\/A01_Ratsmitglieder.pdf\" target=\"_blank\">Ratsherr Matthias Schulte-Huermann (Gr\u00fcne, Sundern)<\/a> folgenden Leserbrief vefasst. Der Brief ist ebenfalls <a title=\"Wochenendhausgebiete Amecke\" href=\"http:\/\/www.gruene-sundern.de\/?p=1998\" target=\"_blank\">auf der Website der Gr\u00fcnen Sundern<\/a> erschienen.)<\/em><\/p>\n<p><strong>Dass die Bewohner der Wochenendh\u00e4user in Amecke ein berechtigtes Interesse daran haben, den illegalen Wohnzustand zu legalisieren, ist verst\u00e4ndlich und es muss endlich eine L\u00f6sung in dieser Frage geben.<\/strong><\/p>\n<p>Aber warum wurden denn eigentlich die Baugebiete &#8222;Am Roden&#8220;, &#8222;Am Hudeweg&#8220;, &#8222;An der Hespe&#8220; und &#8222;Am Westufer&#8220; urspr\u00fcnglich planerisch als Wochenendhausgebiete festgesetzt?<\/p>\n<p>Wohngebiete waren dort nicht durchsetzbar, weil landesplanerisch im unmittelbaren Uferbereich nicht erw\u00fcnscht. Oder glaubte etwa\u00a0 jemand, dass ein so gro\u00dfer Bedarf an Wochenendh\u00e4usern in Amecke bestand?<\/p>\n<p>Da offensichtlich kein Bedarf an Ferienh\u00e4usern vorhanden war,wurde die schleichende Umwandlung der Wochenendgebiete von vorneherein in Kauf genommen. Es ist daher konsequent, dass nun die CDU den Antrag stellt, die Wochenendhausgebiet in normale Wohngebiete umzuwandeln. Die Bezirksregierung sieht das ganze Verfahren &#8222;unter dem Aspekt der Pr\u00e4zedenzwirkung f\u00fcr andere F\u00e4lle von schleichend umgenutzten Ferienhausgebieten in der Planungsregion Arnsberg.&#8220;<\/p>\n<p>Vielleicht auch schon vorausschauend eine Pr\u00e4zedenzwirkung f\u00fcr die geplante Ferienhausanlage? Auch dort handelt es sich um eine Fl\u00e4che von 30 ha Waldland im unmittelbaren Uferbereich, die niemals einer normalen Bebauung zugef\u00fchrt werden k\u00f6nnten. Durch den aufgestellten Bebauungsplan allerdings wurde diese Fl\u00e4che in Bauland umgewandelt, zwar noch mit der Zweckbindung Ferienhausanlage, aber das, was bisher als m\u00f6gliches Betreibermodell der Ferienhausanlage vorgestellt wurde, ist mehr als d\u00fcrftig und die Frage was mit Freibad\/Mehrzweckhalle ist, ist offensichtlich noch vollkommen offen.<\/p>\n<p>Die Firma &#8222;Dormio&#8220;, als m\u00f6glicher Betreiber, hat dazu in der letzten Ratssitzung wenig Konkretes vorstellen k\u00f6nnen. Auch eine angeblich vorliegende Wirtschaftlichkeitsberechnung wurde dem Rat nicht vorgestellt und liegt weiterhin im stillen K\u00e4mmerchen im Rathausplatz 7, und das, obwohl schon seit 2009 ein g\u00fcltiger Bebauungsplan vorliegt, der es jedem Investor, nach privatrechtlichem\u00a0 Erwerb der Grundst\u00fccke erm\u00f6glicht, eine Ferienhausanlage innerhalb der Festsetzungen zu errichten.<\/p>\n<p>Offensichtlich ist dabei eine Parzellierung und ein Verkauf der einzelnen Grundst\u00fccke an Privatanleger oder einen Fonds geplant. Ob das vielleicht auch dazu f\u00fchren k\u00f6nnte, dass die H\u00e4user schleichend als Wohnsitze genutzt werden k\u00f6nnten? Oder was ist,wenn sich herausstellt, das die &#8222;geheime&#8220; Wirtschaftlichkeitsberechnung mehr auf Luftschl\u00f6ssern denn auf Fakten beruht und das Hauptgesch\u00e4ft vielleicht aus einem Grundst\u00fccksgesch\u00e4ft besteht?<\/p>\n<p>Dazu der B\u00fcrgermeister: &#8222;Einen dauerhaften Erst- und Zweitwohnsitz in diesem Gebiet schlie\u00dft der g\u00fcltige Bebauungsplan mit der Festsetzung &#8218;Sondergebiet Ferienpark&#8216; zudem kategorisch aus.&#8220;<\/p>\n<p>Auch die Bebauungspl\u00e4ne &#8222;Am Roden&#8220;, &#8222;Am Hudeweg&#8220;, &#8222;An der Hespe&#8220; und &#8222;Am Westufer&#8220; schlossen Erstwohnsitze kategorisch aus. Deswegen erfolgte nun anscheinend der Antrag der CDU auf Umwandlung der Gebiete in Dauerwohngebiete.<\/p>\n<p><em>Matthias Schulte-Huermann<br \/>\nRatsmitglied B\u00fcndnis 90\/Die Gr\u00fcnen<\/em><\/p>\n","protected":false},"excerpt":{"rendered":"<p>(Zum Antrag der CDU neue Bebauungspl\u00e4ne f\u00fcr die Wochenendhausgebiete in Amecke aufzustellen hat Ratsherr Matthias Schulte-Huermann (Gr\u00fcne, Sundern) folgenden Leserbrief vefasst. Der Brief ist ebenfalls auf der Website der Gr\u00fcnen &hellip; <a href=\"https:\/\/www.schiebener.net\/wordpress\/prazendenzwirkung-fur-schleichend-umgenutzte-ferienhausgebiete-in-der-planungsregion-arnsberg-ein-leserbrief\/\" class=\"more-link\"><span class=\"screen-reader-text\">\u201e&#8222;Pr\u00e4zendenzwirkung f\u00fcr schleichend umgenutzte Ferienhausgebiete in der Planungsregion Arnsberg&#8220;. Ein Leserbrief.\u201c <\/span>weiterlesen<\/a><\/p>\n","protected":false},"author":22,"featured_media":0,"comment_status":"open","ping_status":"open","sticky":false,"template":"","format":"standard","meta":{"footnotes":""},"categories":[80,32,24,549],"tags":[4005,2152,887,4329],"class_list":["post-23881","post","type-post","status-publish","format-standard","hentry","category-lokales","category-medien","category-politik","category-umwelt","tag-ferienhausanlage-amecke","tag-grune-sundern","tag-schulte-huermann","tag-wochenendhauser"],"_links":{"self":[{"href":"https:\/\/www.schiebener.net\/wordpress\/wp-json\/wp\/v2\/posts\/23881","targetHints":{"allow":["GET"]}}],"collection":[{"href":"https:\/\/www.schiebener.net\/wordpress\/wp-json\/wp\/v2\/posts"}],"about":[{"href":"https:\/\/www.schiebener.net\/wordpress\/wp-json\/wp\/v2\/types\/post"}],"author":[{"embeddable":true,"href":"https:\/\/www.schiebener.net\/wordpress\/wp-json\/wp\/v2\/users\/22"}],"replies":[{"embeddable":true,"href":"https:\/\/www.schiebener.net\/wordpress\/wp-json\/wp\/v2\/comments?post=23881"}],"version-history":[{"count":0,"href":"https:\/\/www.schiebener.net\/wordpress\/wp-json\/wp\/v2\/posts\/23881\/revisions"}],"wp:attachment":[{"href":"https:\/\/www.schiebener.net\/wordpress\/wp-json\/wp\/v2\/media?parent=23881"}],"wp:term":[{"taxonomy":"category","embeddable":true,"href":"https:\/\/www.schiebener.net\/wordpress\/wp-json\/wp\/v2\/categories?post=23881"},{"taxonomy":"post_tag","embeddable":true,"href":"https:\/\/www.schiebener.net\/wordpress\/wp-json\/wp\/v2\/tags?post=23881"}],"curies":[{"name":"wp","href":"https:\/\/api.w.org\/{rel}","templated":true}]}}