{"id":23876,"date":"2013-05-23T09:32:09","date_gmt":"2013-05-23T07:32:09","guid":{"rendered":"http:\/\/www.schiebener.net\/wordpress\/?p=23876"},"modified":"2013-05-23T09:35:44","modified_gmt":"2013-05-23T07:35:44","slug":"wie-steht-es-um-den-naturschutz-im-hochsauerlandkreis-der-landschaftsbeirat-macht-sich-rar","status":"publish","type":"post","link":"https:\/\/www.schiebener.net\/wordpress\/wie-steht-es-um-den-naturschutz-im-hochsauerlandkreis-der-landschaftsbeirat-macht-sich-rar\/","title":{"rendered":"Wie steht es um den Naturschutz im Hochsauerlandkreis? Der Landschaftsbeirat macht sich rar."},"content":{"rendered":"<p><strong>\u201eBei der Unteren Landschaftsbeh\u00f6rde des Hochsauerlandkreises ist ein Landschaftsbeirat gebildet, der die Beh\u00f6rde beim Schutz und bei der Pflege und Entwicklung der Landschaft beraten und der \u00d6ffentlichkeit die Absichten und Ziele von Landschaftspflege und Naturschutz vermitteln soll.<\/strong> <\/p>\n<p>Der Beirat besteht aus Vertretern des Naturschutzes, der Landwirtschaft, der Waldbauern, des Gartenbaues, der Jagd, der Fischerei, des Sports und der Imkerei. Die Sitzungen des Beirates sind \u00f6ffentlich. Vorsitzender ist Herr Johannes Schr\u00f6der.\u201c<\/p>\n<p><em>(Der Artikel ist ist in \u00e4hnlicher Form <a title=\"Landschaftsbeirat HSK\" href=\"http:\/\/sbl-fraktion.de\/?p=3037\" target=\"_blank\">auf der Website der Sauerl\u00e4nder B\u00fcrgerliste erschienen<\/a>.)<\/em><\/p>\n<p><a href=\"http:\/\/www.hochsauerlandkreis.de\/buergerinfo\/produkte\/pr82.php\" title=\"Landschaftsbeirat\" target=\"_blank\">So steht`s auf der Internetseite der Kreisverwaltung<\/a> und das ist gut so. Noch besser w\u00e4re, wenn der Landschaftsbeirat auch mal tagen w\u00fcrde. Dem ist, zumindest in letzter Zeit, leider nicht so. Am Themenmangel kann es ja wohl nicht liegen. Die werden doch gewisserma\u00dfen frei Haus geliefert, so wie diese:<\/p>\n<p><strong>In einem Leserbrief in der WP<\/strong> wurde k\u00fcrzlich ein massiver Eingriff mit Radikalschnitt von B\u00e4umen und Str\u00e4uchern, sowie die Zerst\u00f6rung von Grasnarben und die Auftragung von Splittstreifen im Wander- und Naherholungsgebiet Kohlwedertal bei Meschede-Eversberg beklagt. Besonders bedauerlich sei, dass die Arbeiten zu Brutbeginn der Graug\u00e4nse und der Laichzeit der Fr\u00f6sche durchgef\u00fchrt worden seien.<br \/>\n[<a title=\"Leserbrief\" href=\"http:\/\/www.derwesten.de\/staedte\/nachrichten-aus-meschede-eslohe-bestwig-und-schmallenberg\/radikale-einschnitte-in-eine-idyllische-teichlandschaft-weshalb-aimp-id7921242.html\" target=\"_blank\">http:\/\/www.derwesten.de\/staedte\/nachrichten-aus-meschede-eslohe-bestwig-und-schmallenberg\/radikale-einschnitte-in-eine-idyllische-teichlandschaft-weshalb-aimp-id7921242.html<\/a>]<\/p>\n<p><strong>Ein weiteres aktuelles Beispiel aus Meschede:<\/strong> In der Liegnitzer Stra\u00dfe sorgen sich Anwohner um eine alte Eiche die gef\u00e4llt werden soll.<br \/>\n[<a title=\"Eiche Liegnitzer Stra\u00dfe\" href=\"http:\/\/www.derwesten.de\/staedte\/nachrichten-aus-meschede-eslohe-bestwig-und-schmallenberg\/dieses-naturdenkmal-wurde-einfach-vergessen-id7890298.html\" target=\"_blank\">http:\/\/www.derwesten.de\/staedte\/nachrichten-aus-meschede-eslohe-bestwig-und-schmallenberg\/dieses-naturdenkmal-wurde-einfach-vergessen-id7890298.html<\/a>]<\/p>\n<p><strong>Und noch diese Zeitungsmeldung:<\/strong><br \/>\nNatursch\u00fctzer beklagen Rodung von Laubw\u00e4ldern im Sauerland<br \/>\nDer Verein f\u00fcr Natur- und Vogelschutz (VNV) im April zu seiner Jahreshauptversammlung 2013 ein. Der <a href=\"http:\/\/www.vnv-hsk.de\/joomla\/index.php?view=article&#038;catid=54%3Apresse&#038;id=130%3Anaturnahe-waelder-endlich-schuetzen&#038;format=pdf&#038;option=com_content&#038;Itemid=114\" title=\"Pressemeldung\" target=\"_blank\">Presse-Ank\u00fcndigung vom 26. April<\/a> entnehmen wir, der Verein beobachtet mit Sorge, \u201edass in \u00f6kologisch wertvollen Laubw\u00e4ldern intensiv Forstwirtschaft betrieben oder massiv mit dem Scheinargument der Verkehrssicherung B\u00e4ume gef\u00e4llt werden\u201c.<\/p>\n<p><strong>Abholzungsma\u00dfnahmen \u00fcberall im Hochsauerlandkreis<\/strong><br \/>\nDie Sauerl\u00e4nder B\u00fcrgerliste (SBL) teilt diese Sorge. Immer wieder erreichen uns Hinweise \u00fcber Abholzungsma\u00dfnahmen \u00fcberall im Hochsauerlandkreis. Mit sch\u00f6ner Regelm\u00e4\u00dfigkeit lauten die Argumente, die B\u00e4ume seien umsturzgef\u00e4hrdet und der Verkehrssicherheit m\u00fcsse Gen\u00fcge getan werden. Vor drei Jahren befasste sich der Landschaftsbeirat in einer seiner \u00e4u\u00dferst selten anberaumten Sitzungen mit diesem Thema. Damals wurde von einem Beiratsmitglied der Verdacht ge\u00e4u\u00dfert, in den letzten Jahren sei die Verkehrssicherungspflicht mehrfach zur Rechtfertigung von Abholzungen missbraucht worden.<\/p>\n<p><strong>Leider wird, wie schon erw\u00e4hnt, der Landschaftsbeirat nur alle Jubeljahre zu einer Sitzung einberufen.<\/strong> Schade! Zwischenzeitlich wird im Hochsauerlandkreis offensichtlich fr\u00f6hlich weiter drauflos geholzt. Aber der Landschaftsbeirat tagt immer noch nicht. Warum eigentlich nicht?<\/p>\n","protected":false},"excerpt":{"rendered":"<p>\u201eBei der Unteren Landschaftsbeh\u00f6rde des Hochsauerlandkreises ist ein Landschaftsbeirat gebildet, der die Beh\u00f6rde beim Schutz und bei der Pflege und Entwicklung der Landschaft beraten und der \u00d6ffentlichkeit die Absichten und &hellip; <a href=\"https:\/\/www.schiebener.net\/wordpress\/wie-steht-es-um-den-naturschutz-im-hochsauerlandkreis-der-landschaftsbeirat-macht-sich-rar\/\" class=\"more-link\"><span class=\"screen-reader-text\">\u201eWie steht es um den Naturschutz im Hochsauerlandkreis? Der Landschaftsbeirat macht sich rar.\u201c <\/span>weiterlesen<\/a><\/p>\n","protected":false},"author":25,"featured_media":0,"comment_status":"open","ping_status":"open","sticky":false,"template":"","format":"standard","meta":{"footnotes":""},"categories":[80,24,549],"tags":[1472,4328],"class_list":["post-23876","post","type-post","status-publish","format-standard","hentry","category-lokales","category-politik","category-umwelt","tag-landschaftsbeirat","tag-untere-landschaftsbehorde"],"_links":{"self":[{"href":"https:\/\/www.schiebener.net\/wordpress\/wp-json\/wp\/v2\/posts\/23876","targetHints":{"allow":["GET"]}}],"collection":[{"href":"https:\/\/www.schiebener.net\/wordpress\/wp-json\/wp\/v2\/posts"}],"about":[{"href":"https:\/\/www.schiebener.net\/wordpress\/wp-json\/wp\/v2\/types\/post"}],"author":[{"embeddable":true,"href":"https:\/\/www.schiebener.net\/wordpress\/wp-json\/wp\/v2\/users\/25"}],"replies":[{"embeddable":true,"href":"https:\/\/www.schiebener.net\/wordpress\/wp-json\/wp\/v2\/comments?post=23876"}],"version-history":[{"count":0,"href":"https:\/\/www.schiebener.net\/wordpress\/wp-json\/wp\/v2\/posts\/23876\/revisions"}],"wp:attachment":[{"href":"https:\/\/www.schiebener.net\/wordpress\/wp-json\/wp\/v2\/media?parent=23876"}],"wp:term":[{"taxonomy":"category","embeddable":true,"href":"https:\/\/www.schiebener.net\/wordpress\/wp-json\/wp\/v2\/categories?post=23876"},{"taxonomy":"post_tag","embeddable":true,"href":"https:\/\/www.schiebener.net\/wordpress\/wp-json\/wp\/v2\/tags?post=23876"}],"curies":[{"name":"wp","href":"https:\/\/api.w.org\/{rel}","templated":true}]}}