{"id":23821,"date":"2013-05-18T22:01:57","date_gmt":"2013-05-18T20:01:57","guid":{"rendered":"http:\/\/www.schiebener.net\/wordpress\/?p=23821"},"modified":"2013-05-18T22:02:26","modified_gmt":"2013-05-18T20:02:26","slug":"seit-anfang-april-markt-in-winterberg-siedlinghausen","status":"publish","type":"post","link":"https:\/\/www.schiebener.net\/wordpress\/seit-anfang-april-markt-in-winterberg-siedlinghausen\/","title":{"rendered":"Seit Anfang April: Markt in Winterberg-Siedlinghausen."},"content":{"rendered":"<figure id=\"attachment_23822\" aria-describedby=\"caption-attachment-23822\" style=\"width: 512px\" class=\"wp-caption aligncenter\"><img loading=\"lazy\" decoding=\"async\" class=\"size-full wp-image-23822\" alt=\"Markt in Siedlinghausen\" src=\"http:\/\/www.schiebener.net\/wordpress\/wp-content\/uploads\/2013\/05\/siedlinghausenmarkt20130518.jpg\" width=\"512\" height=\"436\" srcset=\"https:\/\/www.schiebener.net\/wordpress\/wp-content\/uploads\/2013\/05\/siedlinghausenmarkt20130518.jpg 512w, https:\/\/www.schiebener.net\/wordpress\/wp-content\/uploads\/2013\/05\/siedlinghausenmarkt20130518-300x255.jpg 300w\" sizes=\"auto, (max-width: 512px) 85vw, 512px\" \/><figcaption id=\"caption-attachment-23822\" class=\"wp-caption-text\">Seit Anfang April gibt es auf dem Eschenplatz in Siedlinghausen\u00a0 einen kleinen Markt. (foto: zoom)<\/figcaption><\/figure>\n<p><strong>Manchmal ist das Gute n\u00e4her als man denkt. Erst heute habe ich den kleinen Markt auf dem Eschenplatz\u00a0 in Winterberg-Siedlinghausen bewusst wahrgenommen.<\/strong><\/p>\n<p>Ein Stand mit Obst und Gem\u00fcse und ein niederl\u00e4ndischer Fischh\u00e4ndler. Passt. Die Siedlingh\u00e4user jedenfalls scheinen das Angebot anzunehmen.<\/p>\n<p>Seit Maria und Gerhard Heep nicht mehr aus dem Westerwald kommen, um mittwochs und donnerstags frisches Obst und Gem\u00fcse anzubieten, ist eine (Markt-) L\u00fccke entstanden. Dem <a title=\"Heep\" href=\"http:\/\/www.sauerlandkurier.de\/vermischtes\/schluss-mit-heep-kommt\/\" target=\"_blank\">Dorf fehlt etwas<\/a>.<\/p>\n<p>Uns fehlten heute M\u00f6hren, \u00c4pfel, Kohlrabi und Spargel. Haben wir bekommen \ud83d\ude42<\/p>\n<p>Wir kommen wieder, n\u00e4chsten Samstag, zum Markt in Siedlinghausen.<\/p>\n","protected":false},"excerpt":{"rendered":"<p>Manchmal ist das Gute n\u00e4her als man denkt. Erst heute habe ich den kleinen Markt auf dem Eschenplatz\u00a0 in Winterberg-Siedlinghausen bewusst wahrgenommen. Ein Stand mit Obst und Gem\u00fcse und ein &hellip; <a href=\"https:\/\/www.schiebener.net\/wordpress\/seit-anfang-april-markt-in-winterberg-siedlinghausen\/\" class=\"more-link\"><span class=\"screen-reader-text\">\u201eSeit Anfang April: Markt in Winterberg-Siedlinghausen.\u201c <\/span>weiterlesen<\/a><\/p>\n","protected":false},"author":3,"featured_media":0,"comment_status":"open","ping_status":"open","sticky":false,"template":"","format":"standard","meta":{"footnotes":""},"categories":[174,674,80,1208],"tags":[4318,3033,111],"class_list":["post-23821","post","type-post","status-publish","format-standard","hentry","category-dit-und-dat","category-kultur","category-lokales","category-wirtschaft","tag-heep","tag-markt","tag-siedlinghausen"],"_links":{"self":[{"href":"https:\/\/www.schiebener.net\/wordpress\/wp-json\/wp\/v2\/posts\/23821","targetHints":{"allow":["GET"]}}],"collection":[{"href":"https:\/\/www.schiebener.net\/wordpress\/wp-json\/wp\/v2\/posts"}],"about":[{"href":"https:\/\/www.schiebener.net\/wordpress\/wp-json\/wp\/v2\/types\/post"}],"author":[{"embeddable":true,"href":"https:\/\/www.schiebener.net\/wordpress\/wp-json\/wp\/v2\/users\/3"}],"replies":[{"embeddable":true,"href":"https:\/\/www.schiebener.net\/wordpress\/wp-json\/wp\/v2\/comments?post=23821"}],"version-history":[{"count":0,"href":"https:\/\/www.schiebener.net\/wordpress\/wp-json\/wp\/v2\/posts\/23821\/revisions"}],"wp:attachment":[{"href":"https:\/\/www.schiebener.net\/wordpress\/wp-json\/wp\/v2\/media?parent=23821"}],"wp:term":[{"taxonomy":"category","embeddable":true,"href":"https:\/\/www.schiebener.net\/wordpress\/wp-json\/wp\/v2\/categories?post=23821"},{"taxonomy":"post_tag","embeddable":true,"href":"https:\/\/www.schiebener.net\/wordpress\/wp-json\/wp\/v2\/tags?post=23821"}],"curies":[{"name":"wp","href":"https:\/\/api.w.org\/{rel}","templated":true}]}}