{"id":23784,"date":"2013-05-16T22:35:00","date_gmt":"2013-05-16T20:35:00","guid":{"rendered":"http:\/\/www.schiebener.net\/wordpress\/?p=23784"},"modified":"2013-05-16T22:35:00","modified_gmt":"2013-05-16T20:35:00","slug":"spd-im-hochsauerlandkreis-sauerlander-heben-die-sozialdemokratie-mit-aus-der-taufe","status":"publish","type":"post","link":"https:\/\/www.schiebener.net\/wordpress\/spd-im-hochsauerlandkreis-sauerlander-heben-die-sozialdemokratie-mit-aus-der-taufe\/","title":{"rendered":"SPD im Hochsauerlandkreis: \u201eSauerl\u00e4nder heben die Sozialdemokratie mit aus der Taufe&#8230;\u201c"},"content":{"rendered":"<p><img loading=\"lazy\" decoding=\"async\" class=\" wp-image-23786 alignleft\" title=\"150 Jahre SPD\" alt=\"150 Jahre SPD\" src=\"http:\/\/www.schiebener.net\/wordpress\/wp-content\/uploads\/2013\/05\/lt_23233_Titelbild.jpg\" width=\"179\" height=\"255\" srcset=\"https:\/\/www.schiebener.net\/wordpress\/wp-content\/uploads\/2013\/05\/lt_23233_Titelbild.jpg 320w, https:\/\/www.schiebener.net\/wordpress\/wp-content\/uploads\/2013\/05\/lt_23233_Titelbild-210x300.jpg 210w\" sizes=\"auto, (max-width: 179px) 85vw, 179px\" \/><\/p>\n<p><strong>Meschede. (spd_pm) Der SPD-Unterbezirk Hochsauerlandkreis (HSK) l\u00e4dt zur Feier des 150 j\u00e4hrigen SPD-Parteijubil\u00e4ums ein und pr\u00e4sentiert ein Buch zur Geschichte der SPD im Gebiet des heutigen HSK. Die Veranstaltung wird in der Kulturschmiede (Apostelstra\u00dfe 5) in Arnsberg am 24. Mai 2013 ab 18 Uhr stattfinden.<\/strong><\/p>\n<p>Vor 150 Jahren, am 23. Mai 1863, wurde in Leipzig der Allgemeine Deutsche Arbeiterverein (ADAV) gegr\u00fcndet. Dies gilt als das Gr\u00fcndungsdatum der organisierten Sozialdemokratie in Deutschland. Es waren mit Wilhelm Hasenclever und Carl-Wilhelm T\u00f6lcke nicht zuletzt zwei geb\u00fcrtige Sauerl\u00e4nder, die in den folgenden Jahren die Entwicklung unter anderem als Pr\u00e4sidenten mitbestimmten.<\/p>\n<p>Der Gr\u00fcndung der Sozialdemokratie will der SPD-Unterbezirk Hochsauerlandkreis am 24. Mai 2013 in einer Feierstunde gedenken.<\/p>\n<figure id=\"attachment_23787\" aria-describedby=\"caption-attachment-23787\" style=\"width: 179px\" class=\"wp-caption alignleft\"><img loading=\"lazy\" decoding=\"async\" class=\" wp-image-23787  \" title=\"Henning Scherf\" alt=\"Henning Scherf\" src=\"http:\/\/www.schiebener.net\/wordpress\/wp-content\/uploads\/2013\/05\/lt_HenningScherf.jpg\" width=\"179\" height=\"261\" srcset=\"https:\/\/www.schiebener.net\/wordpress\/wp-content\/uploads\/2013\/05\/lt_HenningScherf.jpg 320w, https:\/\/www.schiebener.net\/wordpress\/wp-content\/uploads\/2013\/05\/lt_HenningScherf-206x300.jpg 206w\" sizes=\"auto, (max-width: 179px) 85vw, 179px\" \/><figcaption id=\"caption-attachment-23787\" class=\"wp-caption-text\">Henning Scherf (fotos: spd)<\/figcaption><\/figure>\n<p>Die Festrede wird der ehemalige Bremer B\u00fcrgermeister Henning Scherf \u00fcbernehmen. Franz M\u00fcntefering, der wie kaum ein anderer die Entwicklung der SPD in den letzten Jahrzehnten mitgepr\u00e4gt hat, wird einen Ausblick in die Zukunft geben.<\/p>\n<p>Der Unterbezirk nimmt die Gelegenheit wahr und stellt gleichzeitig ein Buch zur Geschichte der Partei im Gebiet des Hochsauerlandkreises der \u00d6ffentlichkeit vor.<\/p>\n<p>Vor anderthalb Jahren kam bei einigen Mitgliedern der Sauerl\u00e4nder SPD die Idee auf, die Geschichte der Sozialdemokratie in der Region aufschreiben. Anfangs schien es, dass das Material nur f\u00fcr eine bescheidene Brosch\u00fcre ausreichen w\u00fcrde. Aber bald zeigte sich, dass Dank der Mitarbeit zahlreicher Autorinnen und Autoren aus allen St\u00e4dten und Gemeinden des HSK ausreichend Stoff f\u00fcr ein \u201erichtiges\u201c Buch vorhanden war, dass am Schluss der redaktionellen T\u00e4tigkeit etwa 240 Seiten stark geworden ist.<\/p>\n<p>Auch wenn die Geschichte der Sozialdemokratie im \u201eschwarzen Sauerland\u201c vielerorts erst nach dem zweiten Weltkrieg so richtig begann, kann ihre Geschichte doch dank Wilhelm Hasenclever und Carl-Wilhelm T\u00f6lcke bis zu den Anf\u00e4ngen zur\u00fcck verfolgt werden. Mit Kurzbiographien dieser Gr\u00fcndungsv\u00e4ter beginnt das Buch denn auch. Die folgende Geschichte der Partei im Sauerland zeigt, wie schwer es die SPD hatte, in einer d\u00f6rflich-kleinst\u00e4dtischen und stark katholisch gepr\u00e4gten Region Fu\u00df zu fassen. Ein Autor beschrieb dies f\u00fcr seine Stadt treffend mit der \u00dcberschrift \u201eGeschichte einer Normalisierung&#8220;.<\/p>\n<p>Wie unterschiedlich dies geschah, zeigen die Darstellungen zu den Entwicklungen in den einzelnen St\u00e4dten und Gemeinden im Buch. Es gab und gibt in einigen St\u00e4dten sozialdemokratische Mehrheiten bei Land- und Bundestagswahlen und es gab und gibt sozialdemokratische B\u00fcrgermeister. Es gibt aber noch immer \u201eDiasporagebiete,\u201c in denen die SPD nur eine kleine Minderheit ist. Gerade diese Kontraste machen es spannend, die Geschichte der Partei vor Ort nachzulesen. Einige Biographien bekannter Sozialdemokratinnen und Sozialdemokraten aus der Region runden das Buch ab.<\/p>\n<p>&#8222;Der Band ist sicherlich nicht nur f\u00fcr die Freunde der SPD im Sauerland interessant. Auch f\u00fcr allgemein regionalgeschichtlich Interessierte ist er eine Fundgrube, wird doch die Sauerl\u00e4nder Geschichte vom 19. bis ins 21. Jahrhundert aus einer ungewohnten Perspektive geschildert&#8220;, so Dirk Wiese (Vorsitzender der Sauerl\u00e4nder SPD und heimischer Bundestagskandidat). Die Buchvorstellung wird Jochen Westermann \u00fcbernehmen, der nicht nur als langj\u00e4hriger Unterbezirksvorsitzender die Geschichte der Partei in der Region mitbestimmt hat, sondern auch intensiv an der Konzeption und Umsetzung des Buches beteiligt war.<\/p>\n<p>Die Veranstaltung wird im passenden Ambiente der Kulturschmiede (Apostelstra\u00dfe 5) in Arnsberg am 24. Mai 2013 ab 18 Uhr stattfinden.<\/p>\n<p>Das Buch ist ab dem 25. Mai im SPD-Unterbezirksb\u00fcro erh\u00e4ltlich (Winziger Platz 12, 59872 Meschede). Wer dort nicht selbst vorbeikommen kann, erh\u00e4lt das Buch auch gegen Vorkasse auf Bestellung, Tel. 0291\/99670, <a title=\"SPD Hochsauerlandkreis\" href=\"mailto:Hochsauerlandkreis@spd.de\" target=\"_blank\">Hochsauerlandkreis@spd.de<\/a>).<\/p>\n<p>Weitere Informationen sind auch an anderen Stellen erh\u00e4ltlich, etwa w\u00e4hrend der samst\u00e4glichen B\u00fcrgersprechstunde (10-12 Uhr) im B\u00fcrgerb\u00fcro Rumbeckerstra\u00dfe 8 in Arnsberg und in Brilon (Derkere Stra\u00dfe 11) im Fraktionsb\u00fcro und immer aktuell unter <a title=\"SPD Hochsauerlandkreis\" href=\"http:\/\/www.hsk-spd.de\" target=\"_blank\">www.hsk-spd.de<\/a>.<\/p>\n","protected":false},"excerpt":{"rendered":"<p>Meschede. (spd_pm) Der SPD-Unterbezirk Hochsauerlandkreis (HSK) l\u00e4dt zur Feier des 150 j\u00e4hrigen SPD-Parteijubil\u00e4ums ein und pr\u00e4sentiert ein Buch zur Geschichte der SPD im Gebiet des heutigen HSK. Die Veranstaltung wird &hellip; <a href=\"https:\/\/www.schiebener.net\/wordpress\/spd-im-hochsauerlandkreis-sauerlander-heben-die-sozialdemokratie-mit-aus-der-taufe\/\" class=\"more-link\"><span class=\"screen-reader-text\">\u201eSPD im Hochsauerlandkreis: \u201eSauerl\u00e4nder heben die Sozialdemokratie mit aus der Taufe&#8230;\u201c\u201c <\/span>weiterlesen<\/a><\/p>\n","protected":false},"author":17,"featured_media":0,"comment_status":"open","ping_status":"open","sticky":false,"template":"","format":"standard","meta":{"footnotes":""},"categories":[218,319,303,6,80,1043],"tags":[4316,655,1027],"class_list":["post-23784","post","type-post","status-publish","format-standard","hentry","category-bucher","category-geschichte","category-in-unserem-briefkasten","category-kalenderblatt","category-lokales","category-pressemitteilungen","tag-henning-scherf","tag-pressemitteilung","tag-spd-im-hsk"],"_links":{"self":[{"href":"https:\/\/www.schiebener.net\/wordpress\/wp-json\/wp\/v2\/posts\/23784","targetHints":{"allow":["GET"]}}],"collection":[{"href":"https:\/\/www.schiebener.net\/wordpress\/wp-json\/wp\/v2\/posts"}],"about":[{"href":"https:\/\/www.schiebener.net\/wordpress\/wp-json\/wp\/v2\/types\/post"}],"author":[{"embeddable":true,"href":"https:\/\/www.schiebener.net\/wordpress\/wp-json\/wp\/v2\/users\/17"}],"replies":[{"embeddable":true,"href":"https:\/\/www.schiebener.net\/wordpress\/wp-json\/wp\/v2\/comments?post=23784"}],"version-history":[{"count":0,"href":"https:\/\/www.schiebener.net\/wordpress\/wp-json\/wp\/v2\/posts\/23784\/revisions"}],"wp:attachment":[{"href":"https:\/\/www.schiebener.net\/wordpress\/wp-json\/wp\/v2\/media?parent=23784"}],"wp:term":[{"taxonomy":"category","embeddable":true,"href":"https:\/\/www.schiebener.net\/wordpress\/wp-json\/wp\/v2\/categories?post=23784"},{"taxonomy":"post_tag","embeddable":true,"href":"https:\/\/www.schiebener.net\/wordpress\/wp-json\/wp\/v2\/tags?post=23784"}],"curies":[{"name":"wp","href":"https:\/\/api.w.org\/{rel}","templated":true}]}}