{"id":23617,"date":"2013-05-03T21:35:40","date_gmt":"2013-05-03T19:35:40","guid":{"rendered":"http:\/\/www.schiebener.net\/wordpress\/?p=23617"},"modified":"2013-05-03T21:35:40","modified_gmt":"2013-05-03T19:35:40","slug":"umleitung-promis-im-alltag-internetverbot-fur-bayerische-beamte-humanistentag-impfgegner-party-mit-oskar-und-sahra-hoenes-und-das-sozialticket","status":"publish","type":"post","link":"https:\/\/www.schiebener.net\/wordpress\/umleitung-promis-im-alltag-internetverbot-fur-bayerische-beamte-humanistentag-impfgegner-party-mit-oskar-und-sahra-hoenes-und-das-sozialticket\/","title":{"rendered":"Umleitung: Promis im Alltag, Internetverbot f\u00fcr bayerische Beamte, Humanistentag, Impfgegner, Party mit Oskar und Sahra, Hoene\u00df und das Sozialticket."},"content":{"rendered":"<figure id=\"attachment_23618\" aria-describedby=\"caption-attachment-23618\" style=\"width: 224px\" class=\"wp-caption alignleft\"><img loading=\"lazy\" decoding=\"async\" class=\" wp-image-23618  \" title=\"Tiefes Hohl\" alt=\"Tiefes Hohl\" src=\"http:\/\/www.schiebener.net\/wordpress\/wp-content\/uploads\/2013\/05\/tiefeshohl20130501.jpg\" width=\"224\" height=\"299\" srcset=\"https:\/\/www.schiebener.net\/wordpress\/wp-content\/uploads\/2013\/05\/tiefeshohl20130501.jpg 320w, https:\/\/www.schiebener.net\/wordpress\/wp-content\/uploads\/2013\/05\/tiefeshohl20130501-224x300.jpg 224w\" sizes=\"auto, (max-width: 224px) 85vw, 224px\" \/><figcaption id=\"caption-attachment-23618\" class=\"wp-caption-text\">Mit \u00c4sten und Zweigen blockiert &#8211; der \u00dcbergang am Tiefen Hohl (foto: zoom)<\/figcaption><\/figure>\n<p><strong>Promis im Alltag:<\/strong> Welche Medien-Pers\u00f6nlichkeiten ich bisher kennengelernt habe &#8230; <a title=\"Promis im Alltag\" href=\"http:\/\/www.endoplast.de\/2013\/04\/29\/promis-im-alltag-welche-medien-personlichkeiten-ich-bisher-kennengelernt-habe\/\" target=\"_blank\">endoplast <\/a><\/p>\n<p><strong>Langzeit-Portraits:<\/strong> die Brown Sisters. Ich mag Twitter, vor allem weil man immer wieder mit der Nase auf Themen und Dinge gesto\u00dfen wird, die man gar nicht gesucht hat &#8230; <a title=\"Brown Sisters\" href=\"http:\/\/charlyandfriends.blogspot.de\/2013\/05\/langzeit-portaits-die-brown-sisters.html\" target=\"_blank\">charly&amp;friends<\/a><\/p>\n<p><strong>Internetverbot f\u00fcr bayerische Beamte?<\/strong> Voriges Jahr hat der IT-Beauftragte der Bayerischen Staatsregierung, Stabsstelle, einen Leitfaden herausgegeben, der sich mit dem Spannungsfeld Beamte und Internet befasst &#8230; <a title=\"Internetverbot f\u00fcr bayerische Beamte?\" href=\"http:\/\/erbloggtes.wordpress.com\/2013\/04\/28\/internetverbot-fur-bayerische-beamte\/\" target=\"_blank\">erbloggtes<\/a><\/p>\n<p><strong>Humanistentag in Hamburg:<\/strong> \u201eDer Mensch ist das Leben&#8220; &#8230; <a title=\"Humanistentag Hamburg\" href=\"http:\/\/hpd.de\/node\/15839\" target=\"_blank\">hpd<\/a>&#8218;<\/p>\n<p><strong>Impfgegner, Masern, Migration und Mumpitz:<\/strong> Schuld an der Masernepidemie sind also nicht Migrant\/innen, sondern reiche, gut gebildete Deutsche, Westeurop\u00e4er\/innen und Nordamerikaner\/innen &#8230; <a title=\"Impfgegner\" href=\"http:\/\/www.scilogs.de\/wblogs\/blog\/detritus\/medizin\/2012-05-31\/masern-migration-mumpitz\" target=\"_blank\">SciLogs<\/a><\/p>\n<p><strong>Steuern:<\/strong> Der Manipulationsapparat gegen Steuererh\u00f6hungen l\u00e4uft mal wieder auf Hochtouren &#8230; <a title=\"Steuern und Meinungsmanipulation\" href=\"http:\/\/www.nachdenkseiten.de\/?p=17128\" target=\"_blank\">nachdenkseiten<\/a><\/p>\n<p><strong>Hoene\u00df k\u00e4mpft um die \u00d6ffentlichkeit:<\/strong> Der Bock will G\u00e4rtner bleiben &#8230; <a title=\"Hoene\u00df\" href=\"http:\/\/post-von-horn.de\/2013\/05\/02\/der-bock-will-gartner-bleiben\/\" target=\"_blank\">postvonhorn<\/a><\/p>\n<p><strong>Verwandtenaff\u00e4re des bayerischen Landtags:<\/strong> Wie erkennt man den Autorit\u00e4tsverlust der Politik? Wenn sie schneller ist als Speedy Gonzales &#8230; <a title=\"Verwandtenaff\u00e4re Bayern\" href=\"http:\/\/www.wiesaussieht.de\/2013\/05\/02\/wie-erkennt-man-den-autoritatsverlust-der-politik\/#more-4695\" target=\"_blank\">wiesaussieht<\/a><\/p>\n<p><strong>Party mit Oskar und Sahra:<\/strong> Lafontaine \u201em\u00f6chte die D-Mark wiederhaben. Lafontaine unterst\u00fctzt damit die Position der AfD. Nicht sein erster populistischer S\u00fcndenfall\u201c, kommentiert L. Greven auf Zeit Online. Unvergessen, \u201cwie er vor Jahren im Nazi-Jargon von `Fremdarbeitern\u00b4 sprach und daf\u00fcr Beifall von Rechtsau\u00dfen bekam\u201c; jetzt wandert \u201eLafontaine auf rechten Euro-Abwegen\u201c &#8230; <a title=\"Linke und Euro\" href=\"http:\/\/www.jurga.de\/154.html\" target=\"_blank\">jurga<\/a><\/p>\n<p><strong>Arnsberger Feuerwehr:<\/strong> am 06. Mai live im WDR-Fernsehen &#8230; <a title=\"Arnsberger Feuerwehr\" href=\"http:\/\/www.neheims-netz.de\/?p=4910\" target=\"_blank\">neheimsnetz<\/a><\/p>\n<p><strong>Sozialticket nicht bei uns:<\/strong> 30 Millionen Euro f\u00fcr Sozialtickets in NRW, davon 0,00 Euro f\u00fcr den HSK &#8230; <a title=\"Sozialticket HSK\" href=\"http:\/\/sbl-fraktion.de\/?p=2993\" target=\"_blank\">sbl<\/a><\/p>\n","protected":false},"excerpt":{"rendered":"<p>Promis im Alltag: Welche Medien-Pers\u00f6nlichkeiten ich bisher kennengelernt habe &#8230; endoplast Langzeit-Portraits: die Brown Sisters. Ich mag Twitter, vor allem weil man immer wieder mit der Nase auf Themen und &hellip; <a href=\"https:\/\/www.schiebener.net\/wordpress\/umleitung-promis-im-alltag-internetverbot-fur-bayerische-beamte-humanistentag-impfgegner-party-mit-oskar-und-sahra-hoenes-und-das-sozialticket\/\" class=\"more-link\"><span class=\"screen-reader-text\">\u201eUmleitung: Promis im Alltag, Internetverbot f\u00fcr bayerische Beamte, Humanistentag, Impfgegner, Party mit Oskar und Sahra, Hoene\u00df und das Sozialticket.\u201c <\/span>weiterlesen<\/a><\/p>\n","protected":false},"author":3,"featured_media":0,"comment_status":"open","ping_status":"open","sticky":false,"template":"","format":"standard","meta":{"footnotes":""},"categories":[3182,83,674,80,5,46,24,49,379,1208],"tags":[2607,151,766,1583,1774,4258],"class_list":["post-23617","post","type-post","status-publish","format-standard","hentry","category-finanzen","category-hamburg-allgemein","category-kultur","category-lokales","category-naturwissenschaft","category-philosophie","category-politik","category-religion","category-umleitung","category-wirtschaft","tag-bayern","tag-oskar-lafontaine","tag-sahra-wagenknecht","tag-sozialticket","tag-steuern","tag-uli-hoenes"],"_links":{"self":[{"href":"https:\/\/www.schiebener.net\/wordpress\/wp-json\/wp\/v2\/posts\/23617","targetHints":{"allow":["GET"]}}],"collection":[{"href":"https:\/\/www.schiebener.net\/wordpress\/wp-json\/wp\/v2\/posts"}],"about":[{"href":"https:\/\/www.schiebener.net\/wordpress\/wp-json\/wp\/v2\/types\/post"}],"author":[{"embeddable":true,"href":"https:\/\/www.schiebener.net\/wordpress\/wp-json\/wp\/v2\/users\/3"}],"replies":[{"embeddable":true,"href":"https:\/\/www.schiebener.net\/wordpress\/wp-json\/wp\/v2\/comments?post=23617"}],"version-history":[{"count":0,"href":"https:\/\/www.schiebener.net\/wordpress\/wp-json\/wp\/v2\/posts\/23617\/revisions"}],"wp:attachment":[{"href":"https:\/\/www.schiebener.net\/wordpress\/wp-json\/wp\/v2\/media?parent=23617"}],"wp:term":[{"taxonomy":"category","embeddable":true,"href":"https:\/\/www.schiebener.net\/wordpress\/wp-json\/wp\/v2\/categories?post=23617"},{"taxonomy":"post_tag","embeddable":true,"href":"https:\/\/www.schiebener.net\/wordpress\/wp-json\/wp\/v2\/tags?post=23617"}],"curies":[{"name":"wp","href":"https:\/\/api.w.org\/{rel}","templated":true}]}}