{"id":23452,"date":"2013-04-26T13:02:35","date_gmt":"2013-04-26T11:02:35","guid":{"rendered":"http:\/\/www.schiebener.net\/wordpress\/?p=23452"},"modified":"2013-04-26T13:11:44","modified_gmt":"2013-04-26T11:11:44","slug":"informationen-und-meinungen-zur-kreispolitik-im-hsk-cdu-regierung-ebnete-heuschrecke-des-holzmarktes-den-weg","status":"publish","type":"post","link":"https:\/\/www.schiebener.net\/wordpress\/informationen-und-meinungen-zur-kreispolitik-im-hsk-cdu-regierung-ebnete-heuschrecke-des-holzmarktes-den-weg\/","title":{"rendered":"CDU-Regierung ebnete \u201cHeuschrecke des Holzmarktes\u201d den Weg"},"content":{"rendered":"<figure id=\"attachment_1086\" aria-describedby=\"caption-attachment-1086\" style=\"width: 560px\" class=\"wp-caption aligncenter\"><a title=\"Kahlenberg - Kreuzung im Wald\" href=\"http:\/\/www.schiebener.net\/wordpress\/wp-content\/uploads\/2008\/11\/kahlenberg08.jpg\" target=\"_blank\"><img loading=\"lazy\" decoding=\"async\" class=\" wp-image-1086 \" alt=\"Kreuzung im Wald\" src=\"http:\/\/www.schiebener.net\/wordpress\/wp-content\/uploads\/2008\/11\/kahlenberg08.jpg\" width=\"560\" height=\"420\" srcset=\"https:\/\/www.schiebener.net\/wordpress\/wp-content\/uploads\/2008\/11\/kahlenberg08.jpg 800w, https:\/\/www.schiebener.net\/wordpress\/wp-content\/uploads\/2008\/11\/kahlenberg08-300x225.jpg 300w\" sizes=\"auto, (max-width: 560px) 85vw, 560px\" \/><\/a><figcaption id=\"caption-attachment-1086\" class=\"wp-caption-text\">Heuschrecken jetzt auch im Wald?\u00a0 Kreuzung am Kahlenberg, 700 Meter \u00fcber NN (archiv: zoom)<\/figcaption><\/figure>\n<p><strong>Am 3. Mai wird beim Landgericht in M\u00fcnster \u00fcber einen Antrag auf Einstweilige Verf\u00fcgung verhandelt, den der \u00f6sterreichische Holzkonzern Klausner eingereicht hat. <\/strong><\/p>\n<p><em>(Der Artikel ist zuerst auf der <a href=\"http:\/\/sbl-fraktion.de\/?p=2981\" title=\"Heuschrecken im Wald?\" target=\"_blank\">Website der Sauerl\u00e4nder B\u00fcrgerliste erschienen<\/a>)<\/em><\/p>\n<p>Klausner erwartet, dass ihm das Land NRW s\u00e4mtliches in den n\u00e4chsten 9 Monaten geschlagene Fichtenholz liefert. Klausner hat bereits eine Klage \u00fcber 120 Mio Euro Schadenersatz gegen das Land NRW laufen. Der Konzern pocht auf die Erf\u00fcllung von Vertr\u00e4gen, die das Land NRW im Jahre 2007 nach dem Sturm \u201eKyrill\u201c mit dem \u00f6sterreichischen Konzern geschlossen hatte. Verantwortlich f\u00fcr die Vertr\u00e4ge ist die damalige Landesregierung mit Ex-Ministerpr\u00e4sident R\u00fcttgers und Ex-Umweltminister Uhlenberg.<\/p>\n<p>Bereits seit dem Jahr 2009 konnten die Holzlieferungs-Vertr\u00e4ge nicht mehr erf\u00fcllt werden.<\/p>\n<p>Viele heimische S\u00e4gewerksbetriebe f\u00fcrchten im ihre Existenz, wenn Klausner beim Landgericht Erfolgt haben sollte und alles Fichtenholz an diesen Konzern geliefert werden m\u00fc\u00dfte.<\/p>\n<p>Zur Auseinandersetzung zwischen der Firma Klausner und dem Land NRW erkl\u00e4rt Norwich R\u00fc\u00dfe, landwirtschafts- und naturschutzpolitischer Sprecher der GR\u00dcNEN Fraktion im Landtag NRW:<\/p>\n<p>\u201eDie Firma Klausner entpuppt sich als Heuschrecke des Holzmarktes ohne R\u00fccksicht auf die \u00f6kologischen und sozialen Folgen in NRW. Wenn die Vertr\u00e4ge mit dem Unternehmen 1:1 erf\u00fcllt werden m\u00fcssten, gef\u00e4hrden sie die holzverarbeitenden Betriebe in NRW mit ihren rund 3200 Besch\u00e4ftigen. Der Klausner-Konzern erhielte dadurch auf dem Holzmarkt \u00fcber Jahre eine Exklusivstellung, unter der die Holzbetriebe in NRW leiden m\u00fcssten, weil sie kaum noch an heimisches Holz kommen k\u00f6nnten. Auch unsere W\u00e4lder w\u00fcrden einen massiven Schaden davontragen. F\u00fcr Klausner m\u00fcsste wesentlich mehr Holz in Nordrhein-Westfalen geschlagen werden als \u00fcberhaupt nachw\u00e4chst. Das ureigene forstwirtschaftliche Prinzip der Nachhaltigkeit w\u00e4re in Gefahr.<\/p>\n<p>Ex-Umweltminister Eckhard Uhlenberg muss endlich erkl\u00e4ren, wie derartig fahrl\u00e4ssige Liefervertr\u00e4ge mit dem Unternehmen Klausner zustande kommen konnten. Dieses Erbe aus der schwarz-gelben Regierungszeit entwickelt sich zum unkalkulierbaren Risiko f\u00fcr die heimische Holzindustrie und unsere Natur. Wie konnte der damalige Umweltminister einen solchen Vertrag \u00fcberhaupt unterzeichnen? Die Uhlenberg-Vertr\u00e4ge enthalten Bedingungen, die jeglicher Vernunft widersprechen. Herr Uhlenberg muss viele Fragen beantworten: Wer hat den Vertrag ausgearbeitet? Wurden die Verpflichtungen, die sich daraus ergeben, nicht gepr\u00fcft? Wie konnte es passieren, dass absurde Garantien \u00fcber Liefer-Mengen gegeben wurden? Und wie konnte eine derart lange Vertragslaufzeit ohne Kopplung an den Preisindex abgeschlossen werden? Aufgrund der drohenden erheblichen Folgen k\u00f6nnen wir Gr\u00fcne ein weiteres Schweigen des ehemaligen Ministers Uhlenberg nicht akzeptieren.\u201c<\/p>\n","protected":false},"excerpt":{"rendered":"<p>Am 3. Mai wird beim Landgericht in M\u00fcnster \u00fcber einen Antrag auf Einstweilige Verf\u00fcgung verhandelt, den der \u00f6sterreichische Holzkonzern Klausner eingereicht hat. (Der Artikel ist zuerst auf der Website der &hellip; <a href=\"https:\/\/www.schiebener.net\/wordpress\/informationen-und-meinungen-zur-kreispolitik-im-hsk-cdu-regierung-ebnete-heuschrecke-des-holzmarktes-den-weg\/\" class=\"more-link\"><span class=\"screen-reader-text\">\u201eCDU-Regierung ebnete \u201cHeuschrecke des Holzmarktes\u201d den Weg\u201c <\/span>weiterlesen<\/a><\/p>\n","protected":false},"author":31,"featured_media":0,"comment_status":"open","ping_status":"open","sticky":false,"template":"","format":"standard","meta":{"footnotes":""},"categories":[3182,80,549,1208],"tags":[880,4265,4264,459],"class_list":["post-23452","post","type-post","status-publish","format-standard","hentry","category-finanzen","category-lokales","category-umwelt","category-wirtschaft","tag-eckhard-uhlenberg","tag-holzbetriebe","tag-klausner","tag-kyrill"],"_links":{"self":[{"href":"https:\/\/www.schiebener.net\/wordpress\/wp-json\/wp\/v2\/posts\/23452","targetHints":{"allow":["GET"]}}],"collection":[{"href":"https:\/\/www.schiebener.net\/wordpress\/wp-json\/wp\/v2\/posts"}],"about":[{"href":"https:\/\/www.schiebener.net\/wordpress\/wp-json\/wp\/v2\/types\/post"}],"author":[{"embeddable":true,"href":"https:\/\/www.schiebener.net\/wordpress\/wp-json\/wp\/v2\/users\/31"}],"replies":[{"embeddable":true,"href":"https:\/\/www.schiebener.net\/wordpress\/wp-json\/wp\/v2\/comments?post=23452"}],"version-history":[{"count":0,"href":"https:\/\/www.schiebener.net\/wordpress\/wp-json\/wp\/v2\/posts\/23452\/revisions"}],"wp:attachment":[{"href":"https:\/\/www.schiebener.net\/wordpress\/wp-json\/wp\/v2\/media?parent=23452"}],"wp:term":[{"taxonomy":"category","embeddable":true,"href":"https:\/\/www.schiebener.net\/wordpress\/wp-json\/wp\/v2\/categories?post=23452"},{"taxonomy":"post_tag","embeddable":true,"href":"https:\/\/www.schiebener.net\/wordpress\/wp-json\/wp\/v2\/tags?post=23452"}],"curies":[{"name":"wp","href":"https:\/\/api.w.org\/{rel}","templated":true}]}}