{"id":23215,"date":"2013-04-07T22:30:10","date_gmt":"2013-04-07T20:30:10","guid":{"rendered":"http:\/\/www.schiebener.net\/wordpress\/?p=23215"},"modified":"2013-04-07T23:16:19","modified_gmt":"2013-04-07T21:16:19","slug":"afa-hochsauerlandkreis-zum-tod-ottmar-schreiners","status":"publish","type":"post","link":"https:\/\/www.schiebener.net\/wordpress\/afa-hochsauerlandkreis-zum-tod-ottmar-schreiners\/","title":{"rendered":"++AfA &#8211; Hochsauerlandkreis zum Tod Ottmar Schreiners++"},"content":{"rendered":"<figure id=\"attachment_23216\" aria-describedby=\"caption-attachment-23216\" style=\"width: 558px\" class=\"wp-caption aligncenter\"><a title=\"Ottmar Schreiner\" href=\"http:\/\/www.schiebener.net\/wordpress\/wp-content\/uploads\/2013\/04\/Ottmar_Schreiner_SPD.png\" target=\"_blank\"><img loading=\"lazy\" decoding=\"async\" class=\" wp-image-23216 \" title=\"Ottmar Schreiner, SPD\" alt=\"Ottmar Schreiner, SPD\" src=\"http:\/\/www.schiebener.net\/wordpress\/wp-content\/uploads\/2013\/04\/Ottmar_Schreiner_SPD.png\" width=\"558\" height=\"315\" srcset=\"https:\/\/www.schiebener.net\/wordpress\/wp-content\/uploads\/2013\/04\/Ottmar_Schreiner_SPD.png 620w, https:\/\/www.schiebener.net\/wordpress\/wp-content\/uploads\/2013\/04\/Ottmar_Schreiner_SPD-300x169.png 300w\" sizes=\"auto, (max-width: 558px) 85vw, 558px\" \/><\/a><figcaption id=\"caption-attachment-23216\" class=\"wp-caption-text\">Ottmar Schreiner: Er galt als einer der profiliertesten Vertreter des linken Parteifl\u00fcgels der SPD (foto: spd)<\/figcaption><\/figure>\n<p><strong>Zum gestrigen Tod des fr\u00fcheren AfA-Bundesvorsitzenden <a title=\"Ottmar Schreiner\" href=\"http:\/\/de.wikipedia.org\/wiki\/Ottmar_Schreiner\" target=\"_blank\">Ottmar Schreiner<\/a> erkl\u00e4rt der AfA-Unterbezirksvorsitzende der AfA-Hochsauerlandkreis und Mitglied des AfA-Bundesausschusses Ralf Wiegelmann:<\/strong><\/p>\n<p>Der Tod Ottmar Schreiners am gestrigen Samstag, den 6. April, erf\u00fcllt uns mit tiefer Trauer. Ottmar Schreiner war eine der gro\u00dfen Identifikationspers\u00f6nlichkeiten der deutschen Sozialdemokratie, besonders f\u00fcr die Arbeitnehmerbewegung, aber auch weit \u00fcber sie hinaus.<\/p>\n<p>Bis ein Jahr vor seinem Tod war Ottmar Schreiner f\u00fcr zw\u00f6lf Jahre Bundesvorsitzender der Arbeitsgemeinschaft f\u00fcr Arbeitnehmerfragen, AfA. Dies war die schwierigste Zeit in der 40-j\u00e4hrigen Geschichte unserer Arbeitsgemeinschaft. In seltener Geradlinigkeit, Glaubw\u00fcrdigkeit, Konsequenz und Kompetenz k\u00e4mpfte Ottmar Schreiner in Partei, Parlament und \u00d6ffentlichkeit f\u00fcr die Interessen der Arbeitnehmerinnen und Arbeitnehmer und der finanziell Schwachen in unserer Gesellschaft, f\u00fcr W\u00fcrde und Gerechtigkeit. F\u00fcr viele Menschen in Betrieben und Gewerkschaften, Sozialverb\u00e4nden, Kirchen und weit \u00fcber alle Verb\u00e4nde hinaus verlieh er der SPD und politischem Handeln gr\u00f6\u00dften Respekt und Vertrauen. Dies ist vor allem seiner Maxime zu verdanken, Werte, Grund\u00fcberzeugungen und Erkenntnisse mit aller Kraft und Vehemenz vor pers\u00f6nliche Karriereinteressen zu stellen.<\/p>\n<p>Ottmar Schreiner verl\u00e4sst uns in einer Zeit, in der seine Analysen, \u00dcberzeugungen und Handlungsanleitungen wieder zum Allgemeingut der deutschen Sozialdemokratie geworden sind und wir alle stolz darauf sind, einen wie ihn in unseren Reihen, bei der AfA in der allerersten Reihe, gehabt zu haben.<\/p>\n","protected":false},"excerpt":{"rendered":"<p>Zum gestrigen Tod des fr\u00fcheren AfA-Bundesvorsitzenden Ottmar Schreiner erkl\u00e4rt der AfA-Unterbezirksvorsitzende der AfA-Hochsauerlandkreis und Mitglied des AfA-Bundesausschusses Ralf Wiegelmann: Der Tod Ottmar Schreiners am gestrigen Samstag, den 6. April, erf\u00fcllt &hellip; <a href=\"https:\/\/www.schiebener.net\/wordpress\/afa-hochsauerlandkreis-zum-tod-ottmar-schreiners\/\" class=\"more-link\"><span class=\"screen-reader-text\">\u201e++AfA &#8211; Hochsauerlandkreis zum Tod Ottmar Schreiners++\u201c <\/span>weiterlesen<\/a><\/p>\n","protected":false},"author":17,"featured_media":0,"comment_status":"open","ping_status":"open","sticky":false,"template":"","format":"standard","meta":{"footnotes":""},"categories":[303,24,1043],"tags":[4057,4007,655,13],"class_list":["post-23215","post","type-post","status-publish","format-standard","hentry","category-in-unserem-briefkasten","category-politik","category-pressemitteilungen","tag-afa-hochsauerlandkreis","tag-ottmar-schreiner","tag-pressemitteilung","tag-spd"],"_links":{"self":[{"href":"https:\/\/www.schiebener.net\/wordpress\/wp-json\/wp\/v2\/posts\/23215","targetHints":{"allow":["GET"]}}],"collection":[{"href":"https:\/\/www.schiebener.net\/wordpress\/wp-json\/wp\/v2\/posts"}],"about":[{"href":"https:\/\/www.schiebener.net\/wordpress\/wp-json\/wp\/v2\/types\/post"}],"author":[{"embeddable":true,"href":"https:\/\/www.schiebener.net\/wordpress\/wp-json\/wp\/v2\/users\/17"}],"replies":[{"embeddable":true,"href":"https:\/\/www.schiebener.net\/wordpress\/wp-json\/wp\/v2\/comments?post=23215"}],"version-history":[{"count":0,"href":"https:\/\/www.schiebener.net\/wordpress\/wp-json\/wp\/v2\/posts\/23215\/revisions"}],"wp:attachment":[{"href":"https:\/\/www.schiebener.net\/wordpress\/wp-json\/wp\/v2\/media?parent=23215"}],"wp:term":[{"taxonomy":"category","embeddable":true,"href":"https:\/\/www.schiebener.net\/wordpress\/wp-json\/wp\/v2\/categories?post=23215"},{"taxonomy":"post_tag","embeddable":true,"href":"https:\/\/www.schiebener.net\/wordpress\/wp-json\/wp\/v2\/tags?post=23215"}],"curies":[{"name":"wp","href":"https:\/\/api.w.org\/{rel}","templated":true}]}}